{"id":8931,"date":"2019-10-16T14:24:26","date_gmt":"2019-10-16T14:24:26","guid":{"rendered":"https:\/\/jorgezanoni.com.br\/2019\/?p=8931"},"modified":"2019-10-16T14:24:26","modified_gmt":"2019-10-16T14:24:26","slug":"jovem-de-osvaldo-cruz-morre-em-acidente-na-grande-sao-paulo","status":"publish","type":"post","link":"https:\/\/jorgezanoni.com.br\/2019\/jovem-de-osvaldo-cruz-morre-em-acidente-na-grande-sao-paulo\/","title":{"rendered":"Jovem de Osvaldo Cruz morre em acidente na Grande S\u00e3o Paulo"},"content":{"rendered":"<h2 class=\"subtitulo\" style=\"text-align: justify;\"><strong>Corpo chegou \u00e0s 7 horas e ser\u00e1 sepultado em Sagres.<\/strong><\/h2>\n<p style=\"text-align: justify;\">O corpo do vendedor, Rafael Pirri, 27, chegou a Sagres para vel\u00f3rio \u00e0s 7 horas de hoje (16). O sepultamento est\u00e1 marcado para 11 horas no Cemit\u00e9rio Municipal do vizinho munic\u00edpio. Ele morreu na segunda-feira, 15, numa estrada em Cotia (regi\u00e3o da Grande S\u00e3o Paulo) v\u00edtima de um acidente de tr\u00e2nsito.<\/p>\n<p>Segundo a Pol\u00edcia Militar de Itapevi, Rafael conduzia uma Saveiro, vermelha, placas DXS 4693 e capotou ap\u00f3s ter batido com uma \u00e1rvore. A v\u00edtima teve v\u00e1rios ferimentos na cabe\u00e7a e morreu no local.<\/p>\n<p style=\"text-align: justify;\">O osvaldo-cruzense trabalhava na venda de roupas de cama e, de acordo com fontes, teria tido um infarto, o que pode ter sido a causa do acidente.<\/p>\n<p>O pai de Rafael mora em Osvaldo Cruz e a m\u00e3e em Adamantina e ele ser\u00e1 sepultado em Sagres por ter parentes naquela cidade.<\/p>\n<p style=\"text-align: justify;\">Fonte: Ocnet<\/p>\n","protected":false},"excerpt":{"rendered":"<p>Corpo chegou \u00e0s 7 horas e ser\u00e1 sepultado em Sagres. O corpo do vendedor, Rafael Pirri, 27, chegou a Sagres para vel\u00f3rio \u00e0s 7 horas de hoje (16). O sepultamento est\u00e1 marcado para 11 horas no Cemit\u00e9rio Municipal do vizinho munic\u00edpio. Ele morreu na segunda-feira, 15, numa estrada em Cotia (regi\u00e3o da Grande S\u00e3o Paulo) [&hellip;]<\/p>\n","protected":false},"author":1,"featured_media":8932,"comment_status":"closed","ping_status":"open","sticky":false,"template":"","format":"standard","meta":{"footnotes":""},"categories":[170,110],"tags":[],"class_list":["post-8931","post","type-post","status-publish","format-standard","has-post-thumbnail","hentry","category-acidentes","category-noticiasdestaque"],"_links":{"self":[{"href":"https:\/\/jorgezanoni.com.br\/2019\/wp-json\/wp\/v2\/posts\/8931","targetHints":{"allow":["GET"]}}],"collection":[{"href":"https:\/\/jorgezanoni.com.br\/2019\/wp-json\/wp\/v2\/posts"}],"about":[{"href":"https:\/\/jorgezanoni.com.br\/2019\/wp-json\/wp\/v2\/types\/post"}],"author":[{"embeddable":true,"href":"https:\/\/jorgezanoni.com.br\/2019\/wp-json\/wp\/v2\/users\/1"}],"replies":[{"embeddable":true,"href":"https:\/\/jorgezanoni.com.br\/2019\/wp-json\/wp\/v2\/comments?post=8931"}],"version-history":[{"count":0,"href":"https:\/\/jorgezanoni.com.br\/2019\/wp-json\/wp\/v2\/posts\/8931\/revisions"}],"wp:featuredmedia":[{"embeddable":true,"href":"https:\/\/jorgezanoni.com.br\/2019\/wp-json\/wp\/v2\/media\/8932"}],"wp:attachment":[{"href":"https:\/\/jorgezanoni.com.br\/2019\/wp-json\/wp\/v2\/media?parent=8931"}],"wp:term":[{"taxonomy":"category","embeddable":true,"href":"https:\/\/jorgezanoni.com.br\/2019\/wp-json\/wp\/v2\/categories?post=8931"},{"taxonomy":"post_tag","embeddable":true,"href":"https:\/\/jorgezanoni.com.br\/2019\/wp-json\/wp\/v2\/tags?post=8931"}],"curies":[{"name":"wp","href":"https:\/\/api.w.org\/{rel}","templated":true}]}}