{"id":89289,"date":"2024-09-16T12:41:20","date_gmt":"2024-09-16T12:41:20","guid":{"rendered":"https:\/\/jorgezanoni.com.br\/2019\/?p=89289"},"modified":"2024-09-16T12:41:20","modified_gmt":"2024-09-16T12:41:20","slug":"radio-dracenense-perde-doni-santos-que-atuava-na-95-fm","status":"publish","type":"post","link":"https:\/\/jorgezanoni.com.br\/2019\/radio-dracenense-perde-doni-santos-que-atuava-na-95-fm\/","title":{"rendered":"R\u00e1dio dracenense perde Doni Santos, que atuava na 95 FM"},"content":{"rendered":"<p style=\"text-align: justify;\">Faleceu Doni Santos, de 54 anos, que fez carreira no r\u00e1dio de Dracena e Tupi Paulista. Ele sofreu um AVC hemorr\u00e1gico h\u00e1 duas semanas e estava internado em Presidente Prudente.<\/p>\n<p style=\"text-align: justify;\">Natural de Tupi Paulista, Donizete dos Santos, o Doni, residia em Jacipor\u00e3, quando iniciou sua trajet\u00f3ria na \u00e1rea esportiva e no r\u00e1dio na d\u00e9cada de 1990. Ao longo de mais de tr\u00eas d\u00e9cadas passou pelas emissoras Regional\/Jovem Pan, Nova Dracena\/Globo, Difusora\/Bandeirantes e 95 FM, onde apresentava seu programa sertanejo toda manh\u00e3. Tamb\u00e9m fez longa parceria com o rep\u00f3rter Jota Correia, com transmiss\u00e3o de jogos pelo r\u00e1dio e pelo Facebook. Com um grupo de amigos organizou campeonatos de futebol m\u00e9dio na Ch\u00e1cara S\u00e9rgio Rejani sucedendo o esportista Nilson Rodrigues da Silva (Tim), que faleceu em 2022.<\/p>\n<p style=\"text-align: justify;\">Na \u00e1rea pol\u00edtica, Doni foi funcion\u00e1rio municipal concursado e diretor da Secretaria de Esportes no mandato anterior e chegou a ser candidato a vereador em 2020 pelo Podemos, recebendo 138 votos. Em 2024, se afastou do r\u00e1dio para nova candidatura ao Legislativo, mas desistiu e preferiu voltar ao seu programa musical onde carinhosamente chamava seus ouvintes de \u201ccaboclo velho\u201d. Nesta campanha vinha trabalhando no comit\u00ea da candidata Geni Lobo.<\/p>\n<p style=\"text-align: justify;\">Doni Santos era torcedor do S\u00e3o Paulo e residia com a m\u00e3e Maria Lira no Conjunto Prefeito Florindo Tabacchi. Deixa ainda irm\u00e3os e sobrinhos.<\/p>\n<p>Fonte: Cl\u00e1udio Jos\u00e9<\/p>\n","protected":false},"excerpt":{"rendered":"<p>Faleceu Doni Santos, de 54 anos, que fez carreira no r\u00e1dio de Dracena e Tupi Paulista. Ele sofreu um AVC hemorr\u00e1gico h\u00e1 duas semanas e estava internado em Presidente Prudente. Natural de Tupi Paulista, Donizete dos Santos, o Doni, residia em Jacipor\u00e3, quando iniciou sua trajet\u00f3ria na \u00e1rea esportiva e no r\u00e1dio na d\u00e9cada de [&hellip;]<\/p>\n","protected":false},"author":1,"featured_media":89290,"comment_status":"closed","ping_status":"open","sticky":false,"template":"","format":"standard","meta":{"footnotes":""},"categories":[178,110],"tags":[],"class_list":["post-89289","post","type-post","status-publish","format-standard","has-post-thumbnail","hentry","category-notadefalecimento","category-noticiasdestaque"],"_links":{"self":[{"href":"https:\/\/jorgezanoni.com.br\/2019\/wp-json\/wp\/v2\/posts\/89289","targetHints":{"allow":["GET"]}}],"collection":[{"href":"https:\/\/jorgezanoni.com.br\/2019\/wp-json\/wp\/v2\/posts"}],"about":[{"href":"https:\/\/jorgezanoni.com.br\/2019\/wp-json\/wp\/v2\/types\/post"}],"author":[{"embeddable":true,"href":"https:\/\/jorgezanoni.com.br\/2019\/wp-json\/wp\/v2\/users\/1"}],"replies":[{"embeddable":true,"href":"https:\/\/jorgezanoni.com.br\/2019\/wp-json\/wp\/v2\/comments?post=89289"}],"version-history":[{"count":1,"href":"https:\/\/jorgezanoni.com.br\/2019\/wp-json\/wp\/v2\/posts\/89289\/revisions"}],"predecessor-version":[{"id":89291,"href":"https:\/\/jorgezanoni.com.br\/2019\/wp-json\/wp\/v2\/posts\/89289\/revisions\/89291"}],"wp:featuredmedia":[{"embeddable":true,"href":"https:\/\/jorgezanoni.com.br\/2019\/wp-json\/wp\/v2\/media\/89290"}],"wp:attachment":[{"href":"https:\/\/jorgezanoni.com.br\/2019\/wp-json\/wp\/v2\/media?parent=89289"}],"wp:term":[{"taxonomy":"category","embeddable":true,"href":"https:\/\/jorgezanoni.com.br\/2019\/wp-json\/wp\/v2\/categories?post=89289"},{"taxonomy":"post_tag","embeddable":true,"href":"https:\/\/jorgezanoni.com.br\/2019\/wp-json\/wp\/v2\/tags?post=89289"}],"curies":[{"name":"wp","href":"https:\/\/api.w.org\/{rel}","templated":true}]}}