{"id":8906,"date":"2019-10-16T12:15:18","date_gmt":"2019-10-16T12:15:18","guid":{"rendered":"https:\/\/jorgezanoni.com.br\/2019\/?p=8906"},"modified":"2019-10-16T12:15:18","modified_gmt":"2019-10-16T12:15:18","slug":"jovem-de-dracena-que-estava-desaparecida-foi-encontrada-morta-no-rio-parana-em-panorama","status":"publish","type":"post","link":"https:\/\/jorgezanoni.com.br\/2019\/jovem-de-dracena-que-estava-desaparecida-foi-encontrada-morta-no-rio-parana-em-panorama\/","title":{"rendered":"Jovem de Dracena que estava desaparecida foi encontrada morta no rio Paran\u00e1 em Panorama"},"content":{"rendered":"<p style=\"text-align: justify;\">Foi encontrado pr\u00f3ximo ao Balne\u00e1rio de Panorama, o corpo de Lor\u00e2ine Guedes Coqueiro de 30 anos. Ela morreu provavelmente v\u00edtima de afogamento no Rio Paran\u00e1. A Policia est\u00e1 no local.<\/p>\n<p style=\"text-align: justify;\">Ela estava desaparecida desde segunda-feira onde saiu de casa sem documentos. Segundo informa\u00e7\u00f5es de familiares, a jovem apresentava problemas psiqui\u00e1tricos.<\/p>\n<p style=\"text-align: justify;\">A confirma\u00e7\u00e3o que trata-se da pessoa que estava desaparecida foi informada ao Site JZ por familiares da v\u00edtima<\/p>\n<p style=\"text-align: justify;\">Jorge Zanoni<\/p>\n","protected":false},"excerpt":{"rendered":"<p>Foi encontrado pr\u00f3ximo ao Balne\u00e1rio de Panorama, o corpo de Lor\u00e2ine Guedes Coqueiro de 30 anos. Ela morreu provavelmente v\u00edtima de afogamento no Rio Paran\u00e1. A Policia est\u00e1 no local. Ela estava desaparecida desde segunda-feira onde saiu de casa sem documentos. Segundo informa\u00e7\u00f5es de familiares, a jovem apresentava problemas psiqui\u00e1tricos. A confirma\u00e7\u00e3o que trata-se da [&hellip;]<\/p>\n","protected":false},"author":1,"featured_media":8907,"comment_status":"closed","ping_status":"open","sticky":false,"template":"","format":"standard","meta":{"footnotes":""},"categories":[110,2],"tags":[],"class_list":["post-8906","post","type-post","status-publish","format-standard","has-post-thumbnail","hentry","category-noticiasdestaque","category-policial"],"_links":{"self":[{"href":"https:\/\/jorgezanoni.com.br\/2019\/wp-json\/wp\/v2\/posts\/8906","targetHints":{"allow":["GET"]}}],"collection":[{"href":"https:\/\/jorgezanoni.com.br\/2019\/wp-json\/wp\/v2\/posts"}],"about":[{"href":"https:\/\/jorgezanoni.com.br\/2019\/wp-json\/wp\/v2\/types\/post"}],"author":[{"embeddable":true,"href":"https:\/\/jorgezanoni.com.br\/2019\/wp-json\/wp\/v2\/users\/1"}],"replies":[{"embeddable":true,"href":"https:\/\/jorgezanoni.com.br\/2019\/wp-json\/wp\/v2\/comments?post=8906"}],"version-history":[{"count":0,"href":"https:\/\/jorgezanoni.com.br\/2019\/wp-json\/wp\/v2\/posts\/8906\/revisions"}],"wp:featuredmedia":[{"embeddable":true,"href":"https:\/\/jorgezanoni.com.br\/2019\/wp-json\/wp\/v2\/media\/8907"}],"wp:attachment":[{"href":"https:\/\/jorgezanoni.com.br\/2019\/wp-json\/wp\/v2\/media?parent=8906"}],"wp:term":[{"taxonomy":"category","embeddable":true,"href":"https:\/\/jorgezanoni.com.br\/2019\/wp-json\/wp\/v2\/categories?post=8906"},{"taxonomy":"post_tag","embeddable":true,"href":"https:\/\/jorgezanoni.com.br\/2019\/wp-json\/wp\/v2\/tags?post=8906"}],"curies":[{"name":"wp","href":"https:\/\/api.w.org\/{rel}","templated":true}]}}