{"id":8895,"date":"2019-10-16T01:52:31","date_gmt":"2019-10-16T01:52:31","guid":{"rendered":"https:\/\/jorgezanoni.com.br\/2019\/?p=8895"},"modified":"2019-10-16T01:52:31","modified_gmt":"2019-10-16T01:52:31","slug":"mpf-denuncia-32-pessoas-por-venda-de-vagas-em-curso-de-medicina-e-fraude-no-fies","status":"publish","type":"post","link":"https:\/\/jorgezanoni.com.br\/2019\/mpf-denuncia-32-pessoas-por-venda-de-vagas-em-curso-de-medicina-e-fraude-no-fies\/","title":{"rendered":"MPF denuncia 32 pessoas por venda de vagas em curso de medicina e fraude no Fies"},"content":{"rendered":"<h2 class=\"content-head__subtitle\" style=\"text-align: justify;\"><strong>Envolvidos foram denunciados por integrar organiza\u00e7\u00e3o criminosa; 20 deles tamb\u00e9m s\u00e3o acusados de estelionato contra a Uni\u00e3o. Fraudes foram descobertas com a Opera\u00e7\u00e3o Vagatomia em Fernand\u00f3polis (SP).<\/strong><\/h2>\n<p><img loading=\"lazy\" decoding=\"async\" class=\"alignnone size-full wp-image-8896\" src=\"https:\/\/jorgezanoni.com.br\/2019\/wp-content\/uploads\/2019\/10\/ub-1.jpg\" alt=\"\" width=\"1000\" height=\"563\" srcset=\"https:\/\/jorgezanoni.com.br\/2019\/wp-content\/uploads\/2019\/10\/ub-1.jpg 1000w, https:\/\/jorgezanoni.com.br\/2019\/wp-content\/uploads\/2019\/10\/ub-1-300x169.jpg 300w, https:\/\/jorgezanoni.com.br\/2019\/wp-content\/uploads\/2019\/10\/ub-1-768x432.jpg 768w, https:\/\/jorgezanoni.com.br\/2019\/wp-content\/uploads\/2019\/10\/ub-1-696x392.jpg 696w, https:\/\/jorgezanoni.com.br\/2019\/wp-content\/uploads\/2019\/10\/ub-1-746x420.jpg 746w\" sizes=\"auto, (max-width: 1000px) 100vw, 1000px\" \/>Universidade Brasil, campus de Fernand\u00f3polis \u2014 Foto: Reprodu\u00e7\u00e3o\/TV Globo<\/p>\n<div class=\"mc-column content-text active-extra-styles \" data-block-type=\"unstyled\" data-block-weight=\"37\" data-block-id=\"2\">\n<p class=\"content-text__container \" style=\"text-align: justify;\" data-track-category=\"Link no Texto\" data-track-links=\"\">O Minist\u00e9rio P\u00fablico Federal denunciou 32 pessoas suspeitas de integrar o esquema de venda de vagas no curso de medicina na Universidade Brasil. O esquema foi descoberto pela Pol\u00edcia Federal durante a\u00a0<a href=\"https:\/\/g1.globo.com\/sp\/sao-jose-do-rio-preto-aracatuba\/noticia\/2019\/09\/03\/policia-federal-deflagra-operacao-contra-desvio-de-verba-no-fies.ghtml\">Opera\u00e7\u00e3o Vagatomia<\/a>, em Fernand\u00f3polis (SP).<\/p>\n<\/div>\n<div class=\"wall protected-content\">\n<div class=\"mc-column content-text active-extra-styles \" style=\"text-align: justify;\" data-block-type=\"unstyled\" data-block-weight=\"39\" data-block-id=\"3\">\n<p class=\"content-text__container \" data-track-category=\"Link no Texto\" data-track-links=\"\">Segundo o MPF, al\u00e9m da venda de vagas no curso, a organiza\u00e7\u00e3o criminosa fazia contrata\u00e7\u00e3o fraudulenta por meio do Fies, que \u00e9 o financiamento estudantil. As investiga\u00e7\u00f5es apontam que os preju\u00edzos para a Uni\u00e3o cheguem a R$ 500 milh\u00f5es.<\/p>\n<\/div>\n<div class=\"mc-column content-text active-extra-styles \" style=\"text-align: justify;\" data-block-type=\"unstyled\" data-block-weight=\"31\" data-block-id=\"4\">\n<p class=\"content-text__container \" data-track-category=\"Link no Texto\" data-track-links=\"\">Os envolvidos cobravam at\u00e9 R$ 120 mil por aluno para garantir a matr\u00edcula sem processo seletivo e para enquadrar no programa de financiamento estudantil pessoas que n\u00e3o teriam direito ao benef\u00edcio.<\/p>\n<\/div>\n<div class=\"mc-column content-text active-extra-styles \" data-block-type=\"unstyled\" data-block-weight=\"20\" data-block-id=\"5\">\n<p class=\"content-text__container \" style=\"text-align: justify;\" data-track-category=\"Link no Texto\" data-track-links=\"\">Sobre a den\u00fancia do MPF, a Universidade Brasil informou ao\u00a0<strong>G1<\/strong>\u00a0que &#8220;continua \u00e0 disposi\u00e7\u00e3o da Justi\u00e7a para quaisquer esclarecimentos\u201d.<\/p>\n<div class=\"mc-column content-text active-extra-styles \" style=\"text-align: justify;\" data-block-type=\"unstyled\" data-block-weight=\"26\" data-block-id=\"8\">\n<p class=\"content-text__container \" data-track-category=\"Link no Texto\" data-track-links=\"\">O MPF ajuizou ainda outras duas den\u00fancias contra parte do grupo pelos crimes de falsidade ideol\u00f3gica e fraude processual, devido \u00e0s tentativas de obstruir as investiga\u00e7\u00f5es.<\/p>\n<\/div>\n<div class=\"mc-column content-text active-extra-styles \" data-block-type=\"unstyled\" data-block-weight=\"49\" data-block-id=\"9\">\n<p class=\"content-text__container \" style=\"text-align: justify;\" data-track-category=\"Link no Texto\" data-track-links=\"\">Em nota, o Minist\u00e9rio da Educa\u00e7\u00e3o reitera que tem colaborado com as investiga\u00e7\u00f5es e se mant\u00e9m \u00e0 disposi\u00e7\u00e3o da Pol\u00edcia Federal e Minist\u00e9rio P\u00fablico Federal. O MEC informou ainda que foi instaurado processo administrativo e a institui\u00e7\u00e3o foi suspensa cautelarmente para novos contratos do Fies e bolsas do Prouni.<\/p>\n<p style=\"text-align: justify;\" data-track-category=\"Link no Texto\" data-track-links=\"\"><img loading=\"lazy\" decoding=\"async\" class=\"alignnone size-full wp-image-8897\" src=\"https:\/\/jorgezanoni.com.br\/2019\/wp-content\/uploads\/2019\/10\/ub1.jpeg\" alt=\"\" width=\"1000\" height=\"563\" srcset=\"https:\/\/jorgezanoni.com.br\/2019\/wp-content\/uploads\/2019\/10\/ub1.jpeg 1000w, https:\/\/jorgezanoni.com.br\/2019\/wp-content\/uploads\/2019\/10\/ub1-300x169.jpeg 300w, https:\/\/jorgezanoni.com.br\/2019\/wp-content\/uploads\/2019\/10\/ub1-768x432.jpeg 768w, https:\/\/jorgezanoni.com.br\/2019\/wp-content\/uploads\/2019\/10\/ub1-696x392.jpeg 696w, https:\/\/jorgezanoni.com.br\/2019\/wp-content\/uploads\/2019\/10\/ub1-746x420.jpeg 746w\" sizes=\"auto, (max-width: 1000px) 100vw, 1000px\" \/><span style=\"text-align: justify;\">Dinheiro apreendido na casa de um dos investigados na opera\u00e7\u00e3o Vagatomia, da Pol\u00edcia Federal em Jales \u2014 Foto: Pol\u00edcia Federal\/Divulga\u00e7\u00e3o<\/span><\/p>\n<div class=\"mc-column content-text active-extra-styles\" style=\"text-align: justify;\" data-block-type=\"raw\" data-block-weight=\"2\" data-block-id=\"11\">\n<div class=\"content-intertitle\">\n<h2>O caso<\/h2>\n<\/div>\n<\/div>\n<div class=\"mc-column content-text active-extra-styles \" style=\"text-align: justify;\" data-block-type=\"unstyled\" data-block-weight=\"49\" data-block-id=\"12\">\n<p class=\"content-text__container \" data-track-category=\"Link no Texto\" data-track-links=\"\">De acordo com o Minist\u00e9rio P\u00fablico Federal, o esquema era liderado pelo reitor e propriet\u00e1rio da universidade, Jos\u00e9 Fernando Pinto da Costa,\u00a0<a href=\"https:\/\/g1.globo.com\/sp\/sao-jose-do-rio-preto-aracatuba\/noticia\/2019\/09\/03\/policia-federal-deflagra-operacao-contra-desvio-de-verba-no-fies.ghtml\">preso no dia 3 de setembro<\/a>\u00a0ap\u00f3s a deflagra\u00e7\u00e3o da Opera\u00e7\u00e3o Vagatomia, e pelo seu filho Sthefano Bruno Pinto da Costa, CEO do estabelecimento de ensino.<\/p>\n<\/div>\n<div class=\"mc-column content-text active-extra-styles \" style=\"text-align: justify;\" data-block-type=\"unstyled\" data-block-weight=\"22\" data-block-id=\"13\">\n<p class=\"content-text__container \" data-track-category=\"Link no Texto\" data-track-links=\"\"><a href=\"https:\/\/g1.globo.com\/sp\/sao-jose-do-rio-preto-aracatuba\/noticia\/2019\/09\/26\/stj-manda-soltar-reitor-da-universidade-brasil.ghtml\">Jos\u00e9 Fernando foi solto no dia 26 de setembro<\/a>\u00a0ap\u00f3s o STJ conceder habeas corpus. O filho dele tamb\u00e9m j\u00e1 est\u00e1 solto.<\/p>\n<\/div>\n<div class=\"mc-column content-text active-extra-styles \" style=\"text-align: justify;\" data-block-type=\"unstyled\" data-block-weight=\"43\" data-block-id=\"14\">\n<p class=\"content-text__container \" data-track-category=\"Link no Texto\" data-track-links=\"\">A advogada do reitor ainda n\u00e3o deu um posicionamento sobre essa nova den\u00fancia. O advogado do filho do reitor disse que n\u00e3o h\u00e1 ind\u00edcios de que ele tenha participado desses crimes e que ele ainda n\u00e3o foi notificado dessa decis\u00e3o do MPF.<\/p>\n<\/div>\n<div class=\"mc-column content-text active-extra-styles \" style=\"text-align: justify;\" data-block-type=\"unstyled\" data-block-weight=\"28\" data-block-id=\"15\">\n<p class=\"content-text__container \" data-track-category=\"Link no Texto\" data-track-links=\"\">O com\u00e9rcio de vagas contava ainda com a atua\u00e7\u00e3o de assessores educacionais sem v\u00ednculo formal com a universidade, respons\u00e1veis pela capta\u00e7\u00e3o de alunos interessados em comprar o ingresso.<\/p>\n<\/div>\n<div class=\"mc-column content-text active-extra-styles \" style=\"text-align: justify;\" data-block-type=\"unstyled\" data-block-weight=\"53\" data-block-id=\"17\">\n<p class=\"content-text__container \" data-track-category=\"Link no Texto\" data-track-links=\"\">J\u00e1 as fraudes envolvendo a concess\u00e3o de financiamento p\u00fablico eram feitas com a inser\u00e7\u00e3o de dados falsos no sistema eletr\u00f4nico do Minist\u00e9rio da Educa\u00e7\u00e3o, o SisFIES. Segundo as investiga\u00e7\u00f5es, os estudantes de medicina se inscreviam no Fies informando outro curso, com menor exig\u00eancia de requisitos, e depois solicitava a transfer\u00eancia para medicina.<\/p>\n<\/div>\n<div class=\"mc-column content-text active-extra-styles \" data-block-type=\"unstyled\" data-block-weight=\"39\" data-block-id=\"18\">\n<p class=\"content-text__container \" style=\"text-align: justify;\" data-track-category=\"Link no Texto\" data-track-links=\"\">Os 32 envolvidos foram denunciados por integrar organiza\u00e7\u00e3o criminosa, e 20 deles tamb\u00e9m s\u00e3o acusados de estelionato contra a Uni\u00e3o e inser\u00e7\u00e3o de dados falsos em sistema de informa\u00e7\u00f5es da administra\u00e7\u00e3o p\u00fablica com o fim de obter vantagem indevida.<\/p>\n<p style=\"text-align: justify;\" data-track-category=\"Link no Texto\" data-track-links=\"\">Fonte: https:\/\/g1.globo.com\/sp\/sao-jose-do-rio-preto-aracatuba\/noticia\/2019\/10\/15\/mpf-denuncia-32-pessoas-por-venda-de-vagas-em-curso-de-medicina-e-fraude-no-fies.ghtml<\/p>\n<\/div>\n<\/div>\n<\/div>\n<\/div>\n<p>&nbsp;<\/p>\n","protected":false},"excerpt":{"rendered":"<p>Envolvidos foram denunciados por integrar organiza\u00e7\u00e3o criminosa; 20 deles tamb\u00e9m s\u00e3o acusados de estelionato contra a Uni\u00e3o. Fraudes foram descobertas com a Opera\u00e7\u00e3o Vagatomia em Fernand\u00f3polis (SP). Universidade Brasil, campus de Fernand\u00f3polis \u2014 Foto: Reprodu\u00e7\u00e3o\/TV Globo O Minist\u00e9rio P\u00fablico Federal denunciou 32 pessoas suspeitas de integrar o esquema de venda de vagas no curso de [&hellip;]<\/p>\n","protected":false},"author":1,"featured_media":8898,"comment_status":"closed","ping_status":"open","sticky":false,"template":"","format":"standard","meta":{"footnotes":""},"categories":[120,110],"tags":[],"class_list":["post-8895","post","type-post","status-publish","format-standard","has-post-thumbnail","hentry","category-justicahabitacaotecnologia","category-noticiasdestaque"],"_links":{"self":[{"href":"https:\/\/jorgezanoni.com.br\/2019\/wp-json\/wp\/v2\/posts\/8895","targetHints":{"allow":["GET"]}}],"collection":[{"href":"https:\/\/jorgezanoni.com.br\/2019\/wp-json\/wp\/v2\/posts"}],"about":[{"href":"https:\/\/jorgezanoni.com.br\/2019\/wp-json\/wp\/v2\/types\/post"}],"author":[{"embeddable":true,"href":"https:\/\/jorgezanoni.com.br\/2019\/wp-json\/wp\/v2\/users\/1"}],"replies":[{"embeddable":true,"href":"https:\/\/jorgezanoni.com.br\/2019\/wp-json\/wp\/v2\/comments?post=8895"}],"version-history":[{"count":0,"href":"https:\/\/jorgezanoni.com.br\/2019\/wp-json\/wp\/v2\/posts\/8895\/revisions"}],"wp:featuredmedia":[{"embeddable":true,"href":"https:\/\/jorgezanoni.com.br\/2019\/wp-json\/wp\/v2\/media\/8898"}],"wp:attachment":[{"href":"https:\/\/jorgezanoni.com.br\/2019\/wp-json\/wp\/v2\/media?parent=8895"}],"wp:term":[{"taxonomy":"category","embeddable":true,"href":"https:\/\/jorgezanoni.com.br\/2019\/wp-json\/wp\/v2\/categories?post=8895"},{"taxonomy":"post_tag","embeddable":true,"href":"https:\/\/jorgezanoni.com.br\/2019\/wp-json\/wp\/v2\/tags?post=8895"}],"curies":[{"name":"wp","href":"https:\/\/api.w.org\/{rel}","templated":true}]}}