{"id":88925,"date":"2024-09-10T16:05:38","date_gmt":"2024-09-10T16:05:38","guid":{"rendered":"https:\/\/jorgezanoni.com.br\/2019\/?p=88925"},"modified":"2024-09-10T16:05:38","modified_gmt":"2024-09-10T16:05:38","slug":"sebrae-sp-lanca-projeto-loja-do-futuro-para-setor-varejista-em-dracena","status":"publish","type":"post","link":"https:\/\/jorgezanoni.com.br\/2019\/sebrae-sp-lanca-projeto-loja-do-futuro-para-setor-varejista-em-dracena\/","title":{"rendered":"Sebrae-SP lan\u00e7a Projeto Loja do Futuro para setor varejista em Dracena"},"content":{"rendered":"<p style=\"text-align: justify;\"><strong><em>Mais de 150 empreendedores participaram do lan\u00e7amento e da palestra sobre intelig\u00eancia artificial.<\/em><\/strong><\/p>\n<p style=\"text-align: justify;\">O Sebrae-SP lan\u00e7ou em Dracena o projeto Loja do Futuro, reunindo mais de 150 empreendedores da Nova Alta Paulista, na noite desta quinta-feira (5). O evento apresentou as tr\u00eas etapas do programa, al\u00e9m de uma palestra sobre \u201cO Impacto da Intelig\u00eancia Artificial nos Neg\u00f3cios\u201d, que destacou ferramentas tecnol\u00f3gicas capazes de transformar o setor varejista.<\/p>\n<p style=\"text-align: justify;\">Inspirado nas mais recentes tend\u00eancias das feiras internacionais NRF, em Nova York, e Euroshop, em D\u00fcsseldorf, o Loja do Futuro tem como objetivo modernizar e digitalizar o com\u00e9rcio local. O projeto oferece capacita\u00e7\u00f5es em \u00e1reas estrat\u00e9gicas, como experi\u00eancia do cliente, marketing digital, gest\u00e3o financeira, e prepara os empreendedores para potencializar as vendas durante o Natal Luz de Dracena.<\/p>\n<p style=\"text-align: justify;\">Para Jos\u00e9 Carlos Cavalcante, gerente regional do Sebrae-SP, o lan\u00e7amento marca uma nova fase para o varejo de Dracena. \u201cO com\u00e9rcio de Dracena \u00e9 extremamente representativo, e a Loja do Futuro ser\u00e1 fundamental para fomentar a inova\u00e7\u00e3o e a competitividade, preparando nossos empreendedores para os desafios do mercado atual&#8221;, destacou Cavalcante.<\/p>\n<p style=\"text-align: justify;\">A palestra sobre IA foi ministrada pelo consultor de neg\u00f3cios do Sebrae-SP Alexandre Giraldi, que abordou como a intelig\u00eancia artificial pode revolucionar pequenos neg\u00f3cios. \u201cQuando usadas de forma estrat\u00e9gica, as ferramentas permitem ao empreendedor realizar an\u00e1lises precisas, planejar a\u00e7\u00f5es e otimizar o marketing com maior efici\u00eancia\u201d, afirmou Giraldi, que tamb\u00e9m apresentou aplicativos para o uso em diferentes tipos de neg\u00f3cios.<\/p>\n<p style=\"text-align: justify;\">Renato Andrade, gerente de uma loja de materiais esportivos com mais de tr\u00eas d\u00e9cadas de experi\u00eancia no varejo, considerou a experi\u00eancia enriquecedora. \u201cFoi minha primeira vez em uma palestra sobre intelig\u00eancia artificial aplicada aos neg\u00f3cios. Saio daqui com uma vis\u00e3o totalmente nova sobre o futuro e a certeza de que preciso focar nessa \u00e1rea\u201d, relatou o comerciante.<\/p>\n<p style=\"text-align: justify;\">O projeto Loja do Futuro \u00e9 uma parceria do Sebrae-SP com a Fecom\u00e9rcio, Sincom\u00e9rcio Regional Nova Alta Paulista, Prefeitura de Dracena, Associa\u00e7\u00e3o Comercial de Dracena, Fundec, Associa\u00e7\u00e3o de Produtores Rurais e o Sindicato Rural.<\/p>\n<p style=\"text-align: justify;\">Segundo S\u00e9rgio Vanderlei, presidente do Sincom\u00e9rcio da Nova Alta Paulista, o evento foi um sucesso. \u201cNossos empreendedores saem daqui com a mente cheia de novas ideias e solu\u00e7\u00f5es pr\u00e1ticas para aumentar suas vendas e atrair mais clientes.\u201d<\/p>\n<p style=\"text-align: justify;\">A presidente da Associa\u00e7\u00e3o Comercial de Dracena, Maria Nelli, aproveitou para refor\u00e7ar a import\u00e2ncia do evento e da parceria com o Sebrae-SP. \u201c\u00c9 um grande prazer poder proporcionar conhecimento ao empreendedor, especialmente com a parceria do Sebrae. Estou certa de que muito do que foi apresentado aqui ser\u00e1 aplicado no nosso com\u00e9rcio\u201d, concluiu.<\/p>\n<p style=\"text-align: justify;\"><strong>Loja do Futuro<\/strong><\/p>\n<p style=\"text-align: justify;\">A Loja do Futuro \u00e9 uma iniciativa do Sebrae-SP que apresenta tecnologias e inova\u00e7\u00f5es que podem ser aplicadas em lojas f\u00edsicas para melhorar a experi\u00eancia do cliente e otimizar a gest\u00e3o do neg\u00f3cio. Isso inclui o uso de intelig\u00eancia artificial, realidade aumentada, sistemas de pagamento digital e muito mais. \u00c9 um projeto que visa mostrar como a tecnologia pode transformar o varejo.<\/p>\n<p>&nbsp;<\/p>\n","protected":false},"excerpt":{"rendered":"<p>Mais de 150 empreendedores participaram do lan\u00e7amento e da palestra sobre intelig\u00eancia artificial. O Sebrae-SP lan\u00e7ou em Dracena o projeto Loja do Futuro, reunindo mais de 150 empreendedores da Nova Alta Paulista, na noite desta quinta-feira (5). O evento apresentou as tr\u00eas etapas do programa, al\u00e9m de uma palestra sobre \u201cO Impacto da Intelig\u00eancia Artificial [&hellip;]<\/p>\n","protected":false},"author":1,"featured_media":88926,"comment_status":"closed","ping_status":"open","sticky":false,"template":"","format":"standard","meta":{"footnotes":""},"categories":[179,184,110],"tags":[],"class_list":["post-88925","post","type-post","status-publish","format-standard","has-post-thumbnail","hentry","category-cidadeseregiao","category-dracena","category-noticiasdestaque"],"_links":{"self":[{"href":"https:\/\/jorgezanoni.com.br\/2019\/wp-json\/wp\/v2\/posts\/88925","targetHints":{"allow":["GET"]}}],"collection":[{"href":"https:\/\/jorgezanoni.com.br\/2019\/wp-json\/wp\/v2\/posts"}],"about":[{"href":"https:\/\/jorgezanoni.com.br\/2019\/wp-json\/wp\/v2\/types\/post"}],"author":[{"embeddable":true,"href":"https:\/\/jorgezanoni.com.br\/2019\/wp-json\/wp\/v2\/users\/1"}],"replies":[{"embeddable":true,"href":"https:\/\/jorgezanoni.com.br\/2019\/wp-json\/wp\/v2\/comments?post=88925"}],"version-history":[{"count":1,"href":"https:\/\/jorgezanoni.com.br\/2019\/wp-json\/wp\/v2\/posts\/88925\/revisions"}],"predecessor-version":[{"id":88927,"href":"https:\/\/jorgezanoni.com.br\/2019\/wp-json\/wp\/v2\/posts\/88925\/revisions\/88927"}],"wp:featuredmedia":[{"embeddable":true,"href":"https:\/\/jorgezanoni.com.br\/2019\/wp-json\/wp\/v2\/media\/88926"}],"wp:attachment":[{"href":"https:\/\/jorgezanoni.com.br\/2019\/wp-json\/wp\/v2\/media?parent=88925"}],"wp:term":[{"taxonomy":"category","embeddable":true,"href":"https:\/\/jorgezanoni.com.br\/2019\/wp-json\/wp\/v2\/categories?post=88925"},{"taxonomy":"post_tag","embeddable":true,"href":"https:\/\/jorgezanoni.com.br\/2019\/wp-json\/wp\/v2\/tags?post=88925"}],"curies":[{"name":"wp","href":"https:\/\/api.w.org\/{rel}","templated":true}]}}