{"id":88922,"date":"2024-09-09T23:05:39","date_gmt":"2024-09-09T23:05:39","guid":{"rendered":"https:\/\/jorgezanoni.com.br\/2019\/?p=88922"},"modified":"2024-09-09T23:05:39","modified_gmt":"2024-09-09T23:05:39","slug":"religiao-politica-e-o-culto-a-deus-nao-confunda","status":"publish","type":"post","link":"https:\/\/jorgezanoni.com.br\/2019\/religiao-politica-e-o-culto-a-deus-nao-confunda\/","title":{"rendered":"Religi\u00e3o, Pol\u00edtica e o Culto a Deus: N\u00e3o confunda"},"content":{"rendered":"<p style=\"text-align: justify;\"><strong><u>RELIGI\u00c3O, POL\u00cdTICA E O CULTO A DEUS: N\u00c3O CONFUNDA<\/u><\/strong><\/p>\n<p style=\"text-align: justify;\">Em um tempo em que religi\u00e3o e pol\u00edtica frequentemente se entrela\u00e7am nos debates p\u00fablicos, muitas vezes s\u00e3o tratados de forma confusa, \u00e9 crucial refletir sobre suas defini\u00e7\u00f5es e o impacto de cada uma, especialmente em rela\u00e7\u00e3o ao culto a Deus. Embora a religi\u00e3o e a pol\u00edtica desempenhem pap\u00e9is importantes na forma\u00e7\u00e3o de uma sociedade justa, \u00e9 essencial reconhecer que o culto a Deus ocupa uma esfera completamente distinta, reservada exclusivamente para a adora\u00e7\u00e3o ao Criador.<\/p>\n<p style=\"text-align: justify;\">Religi\u00e3o, Pol\u00edtica e Culto: Diferen\u00e7as Essenciais<\/p>\n<p style=\"text-align: justify;\">A religi\u00e3o representa a conex\u00e3o profunda entre o ser humano e o divino. Ela abrange cren\u00e7as e pr\u00e1ticas que orientam a vida espiritual e moral, moldando o comportamento atrav\u00e9s da f\u00e9 e da busca por um prop\u00f3sito superior. A religi\u00e3o \u00e9 o meio pelo qual nos ligamos a Deus e constru\u00edmos uma \u00e9tica fundamentada nesse relacionamento sagrado.<\/p>\n<p style=\"text-align: justify;\">A pol\u00edtica lida com a administra\u00e7\u00e3o da vida em sociedade. \u00c9 o campo onde se discutem e se estabelecem normas e leis para promover a justi\u00e7a e o bem-estar coletivo. Embora a pol\u00edtica possa se beneficiar dos princ\u00edpios religiosos \u2014 como a justi\u00e7a, o amor ao pr\u00f3ximo e a prote\u00e7\u00e3o dos desfavorecidos \u2014, ela deve operar de maneira independente da religi\u00e3o para evitar a instrumentaliza\u00e7\u00e3o da f\u00e9 para fins de controle pol\u00edtico.<\/p>\n<p style=\"text-align: justify;\">E o culto? Culto \u00e9 culto! O culto \u00e9 teoc\u00eantrico, ele \u00e9 feito para agradar a Deus e n\u00e3o para agradar aos homens, ele \u00e9 o cora\u00e7\u00e3o da experi\u00eancia religiosa, o momento em que a igreja se re\u00fane para adorar a Deus, ouvir Sua Palavra e render-lhe a\u00e7\u00f5es de gra\u00e7as. \u00c9 um espa\u00e7o sagrado, onde o foco deve ser exclusivamente a gl\u00f3ria de Deus. Diferente da religi\u00e3o, que pode se expressar de v\u00e1rias formas no dia a dia, o culto \u00e9 o ato central de consagra\u00e7\u00e3o e adora\u00e7\u00e3o, um tempo reservado ao divino. Misturar pol\u00edtica com o culto \u00e9 uma viola\u00e7\u00e3o do prop\u00f3sito divino no momento, compromete a santidade do culto e desvia o verdadeiro prop\u00f3sito da adora\u00e7\u00e3o.<\/p>\n<p style=\"text-align: justify;\">Convido voc\u00ea a refletir sobre a fun\u00e7\u00e3o da f\u00e9 no espa\u00e7o p\u00fablico, mantendo uma clara separa\u00e7\u00e3o entre as institui\u00e7\u00f5es religiosas e pol\u00edticas. A influ\u00eancia da religi\u00e3o na pol\u00edtica n\u00e3o deve ser negada, mas \u00e9 fundamental reconhecer os limites e as possibilidades dessa intera\u00e7\u00e3o. Por exemplo, os ensinamentos de Jesus Cristo oferecem princ\u00edpios \u00e9ticos que podem inspirar a\u00e7\u00f5es pol\u00edticas \u2014 como o amor ao pr\u00f3ximo, a justi\u00e7a e o cuidado com os pobres e marginalizados. Contudo, a teologia tamb\u00e9m alerta para os perigos do \u201cmessianismo pol\u00edtico\u201d, onde l\u00edderes pol\u00edticos s\u00e3o tratados como salvadores absolutos, ou da \u201csacraliza\u00e7\u00e3o do poder\u201d, onde a pol\u00edtica \u00e9 divinizada a ponto de se tornar imune \u00e0 cr\u00edtica.<\/p>\n<p style=\"text-align: justify;\">Religi\u00e3o e pol\u00edtica podem contribuir para a promo\u00e7\u00e3o de uma sociedade mais justa e \u00e9tica, mas \u00e9 fundamental entender que o culto a Deus \u00e9 algo sagrado e exclusivo. Este \u00e9 o momento em que o cora\u00e7\u00e3o do adorador se volta totalmente para o Criador, onde se experimenta a gra\u00e7a e a presen\u00e7a divina. No culto, as preocupa\u00e7\u00f5es terrenas se desvanecem diante da majestade de Deus, e o Esp\u00edrito Santo renova nossa f\u00e9 e esperan\u00e7a.<\/p>\n<p style=\"text-align: justify;\">No mundo conturbado em que vivemos, o culto nos lembra que Deus continua soberano, acima de todas as disputas pol\u00edticas e divis\u00f5es humanas. Ele \u00e9 a fonte de nossa esperan\u00e7a e o autor da nossa f\u00e9. Quando nos reunimos para ador\u00e1-lo, somos revigorados pela certeza de que, independentemente das circunst\u00e2ncias ao nosso redor, \u201cDeus \u00e9 o nosso ref\u00fagio e a nossa for\u00e7a, sempre pronto a nos socorrer em tempos de afli\u00e7\u00e3o\u201d (Salmo 46:1).<\/p>\n<p style=\"text-align: justify;\">\u00c9 nesse encontro com Deus que encontramos for\u00e7as para viver e agir segundo os Seus princ\u00edpios, tanto na esfera pessoal quanto na p\u00fablica. O culto \u00e9 tempo de adora\u00e7\u00e3o, tempo de ser restaurado e fortalecido pelo poder daquele que governa sobre todos os reinos, tanto terrenos quanto celestiais.<\/p>\n<p><strong>Rafael Assiz<\/strong> @rafaelassiz<\/p>\n<p>Escritor | Mestrando em Ci\u00eancias da Religi\u00e3o (UMESP)<\/p>\n<p>P\u00f3s-graduado em Teologia, Estudos B\u00edblicos no Novo<\/p>\n<p>Testamento, Aconselhamento e Psicologia Pastoral.<\/p>\n","protected":false},"excerpt":{"rendered":"<p>RELIGI\u00c3O, POL\u00cdTICA E O CULTO A DEUS: N\u00c3O CONFUNDA Em um tempo em que religi\u00e3o e pol\u00edtica frequentemente se entrela\u00e7am nos debates p\u00fablicos, muitas vezes s\u00e3o tratados de forma confusa, \u00e9 crucial refletir sobre suas defini\u00e7\u00f5es e o impacto de cada uma, especialmente em rela\u00e7\u00e3o ao culto a Deus. Embora a religi\u00e3o e a pol\u00edtica [&hellip;]<\/p>\n","protected":false},"author":1,"featured_media":88923,"comment_status":"closed","ping_status":"open","sticky":false,"template":"","format":"standard","meta":{"footnotes":""},"categories":[175],"tags":[],"class_list":["post-88922","post","type-post","status-publish","format-standard","has-post-thumbnail","hentry","category-artigos"],"_links":{"self":[{"href":"https:\/\/jorgezanoni.com.br\/2019\/wp-json\/wp\/v2\/posts\/88922","targetHints":{"allow":["GET"]}}],"collection":[{"href":"https:\/\/jorgezanoni.com.br\/2019\/wp-json\/wp\/v2\/posts"}],"about":[{"href":"https:\/\/jorgezanoni.com.br\/2019\/wp-json\/wp\/v2\/types\/post"}],"author":[{"embeddable":true,"href":"https:\/\/jorgezanoni.com.br\/2019\/wp-json\/wp\/v2\/users\/1"}],"replies":[{"embeddable":true,"href":"https:\/\/jorgezanoni.com.br\/2019\/wp-json\/wp\/v2\/comments?post=88922"}],"version-history":[{"count":1,"href":"https:\/\/jorgezanoni.com.br\/2019\/wp-json\/wp\/v2\/posts\/88922\/revisions"}],"predecessor-version":[{"id":88924,"href":"https:\/\/jorgezanoni.com.br\/2019\/wp-json\/wp\/v2\/posts\/88922\/revisions\/88924"}],"wp:featuredmedia":[{"embeddable":true,"href":"https:\/\/jorgezanoni.com.br\/2019\/wp-json\/wp\/v2\/media\/88923"}],"wp:attachment":[{"href":"https:\/\/jorgezanoni.com.br\/2019\/wp-json\/wp\/v2\/media?parent=88922"}],"wp:term":[{"taxonomy":"category","embeddable":true,"href":"https:\/\/jorgezanoni.com.br\/2019\/wp-json\/wp\/v2\/categories?post=88922"},{"taxonomy":"post_tag","embeddable":true,"href":"https:\/\/jorgezanoni.com.br\/2019\/wp-json\/wp\/v2\/tags?post=88922"}],"curies":[{"name":"wp","href":"https:\/\/api.w.org\/{rel}","templated":true}]}}