{"id":88815,"date":"2024-09-05T22:37:31","date_gmt":"2024-09-05T22:37:31","guid":{"rendered":"https:\/\/jorgezanoni.com.br\/2019\/?p=88815"},"modified":"2024-09-05T22:37:31","modified_gmt":"2024-09-05T22:37:31","slug":"sindrome-da-segunda-vitima-entendendo-o-impacto-nos-profissionais-de-saude-por-cidinha-pascoaloto","status":"publish","type":"post","link":"https:\/\/jorgezanoni.com.br\/2019\/sindrome-da-segunda-vitima-entendendo-o-impacto-nos-profissionais-de-saude-por-cidinha-pascoaloto\/","title":{"rendered":"S\u00edndrome da Segunda V\u00edtima: Entendendo o Impacto nos Profissionais de Sa\u00fade  (por Cidinha Pascoaloto)"},"content":{"rendered":"<p style=\"text-align: justify;\">A S\u00edndrome da Segunda V\u00edtima \u00e9 um fen\u00f4meno que afeta profissionais de sa\u00fade, como m\u00e9dicos, enfermeiros e outros trabalhadores do setor ap\u00f3s uma complica\u00e7\u00e3o envolvendo um paciente.<\/p>\n<p style=\"text-align: justify;\">\u00a0Essas complica\u00e7\u00f5es podem incluir erros m\u00e9dicos, rea\u00e7\u00e3o ao medicamentos e falhas no tratamento que impactam n\u00e3o apenas o paciente, (primeira v\u00edtima), mas tamb\u00e9m o profissional de sa\u00fade que esteve envolvido, (segunda v\u00edtima).<\/p>\n<p style=\"text-align: justify;\">\u00a0A profissional muitas vezes experimenta sentimentos intensos de culpa, vergonha, ansiedade e depress\u00e3o que podem afetar significativamente sua sa\u00fade mental e o desempenho no trabalho por medo de cometer novo erro.<\/p>\n<p style=\"text-align: justify;\">Quando um erro m\u00e9dico ou uma complica\u00e7\u00e3o inesperada ocorre, o profissional respons\u00e1vel pode sentir que falhou em seu papel, isso desencadeia uma s\u00e9rie de rea\u00e7\u00f5es emocionais e psicol\u00f3gicas. Esses profissionais frequentemente se perguntam se poderiam ter feito algo diferente para evitar o ocorrido, levando a um estado de autocr\u00edtica.<\/p>\n<p style=\"text-align: justify;\">\u00a0A segunda v\u00edtima sofre em sil\u00eancio, com medo de vingan\u00e7as, julgamentos ou consequ\u00eancias profissionais. Os sintomas da s\u00edndrome da segunda v\u00edtima podem variar, mas geralmente incluem: sensa\u00e7\u00e3o de ang\u00fastia logo ap\u00f3s o acontecimento ela sente sensa\u00e7\u00e3o, ansiedade, sintomas de depress\u00e3o, queda de autoestima, dificuldade em dormir, sensa\u00e7\u00e3o constante de cansa\u00e7o entre outros.<\/p>\n<p style=\"text-align: justify;\">\u00a0\u00a0Profissionais que passam por essa experi\u00eancia podem se afastar do trabalho, ter baixa produtividade e podem abandonar a profiss\u00e3o. O suporte emocional imediato, ajudam a reduzir o impacto psicol\u00f3gico da segunda v\u00edtima sabendo que \u00e9 uma realidade que precisa ser enfrentada por profissionais e institui\u00e7\u00f5es de sa\u00fade.<\/p>\n<p style=\"text-align: justify;\">\u00a0\u00a0 Estrat\u00e9gias de apoio podem diminuir o impacto dessa s\u00edndrome, promover um ambiente de trabalho mais saud\u00e1vel e melhorar a qualidade do cuidado prestado aos pacientes. \u00c9 essencial criar um espa\u00e7o onde o erro seja tratado com empatia e compreens\u00e3o, permitindo que os profissionais possam aprender, se recuperar, e continuar a exercer sua nobre miss\u00e3o de cuidar do pr\u00f3ximo.<\/p>\n<p style=\"text-align: justify;\"><img loading=\"lazy\" decoding=\"async\" class=\"alignnone size-full wp-image-88816\" src=\"https:\/\/jorgezanoni.com.br\/2019\/wp-content\/uploads\/2024\/09\/Cidinha-Pascoaloto.jpg\" alt=\"\" width=\"339\" height=\"480\" srcset=\"https:\/\/jorgezanoni.com.br\/2019\/wp-content\/uploads\/2024\/09\/Cidinha-Pascoaloto.jpg 339w, https:\/\/jorgezanoni.com.br\/2019\/wp-content\/uploads\/2024\/09\/Cidinha-Pascoaloto-212x300.jpg 212w, https:\/\/jorgezanoni.com.br\/2019\/wp-content\/uploads\/2024\/09\/Cidinha-Pascoaloto-297x420.jpg 297w\" sizes=\"auto, (max-width: 339px) 100vw, 339px\" \/>Cidinha Pascoaloto-Psic\u00f3loga, CRP 06\/158174. Presencial e online, contato: (18) 99725-6418<\/p>\n<p>&nbsp;<\/p>\n<p>&nbsp;<\/p>\n<p>&nbsp;<\/p>\n","protected":false},"excerpt":{"rendered":"<p>A S\u00edndrome da Segunda V\u00edtima \u00e9 um fen\u00f4meno que afeta profissionais de sa\u00fade, como m\u00e9dicos, enfermeiros e outros trabalhadores do setor ap\u00f3s uma complica\u00e7\u00e3o envolvendo um paciente. \u00a0Essas complica\u00e7\u00f5es podem incluir erros m\u00e9dicos, rea\u00e7\u00e3o ao medicamentos e falhas no tratamento que impactam n\u00e3o apenas o paciente, (primeira v\u00edtima), mas tamb\u00e9m o profissional de sa\u00fade que [&hellip;]<\/p>\n","protected":false},"author":1,"featured_media":88817,"comment_status":"closed","ping_status":"open","sticky":false,"template":"","format":"standard","meta":{"footnotes":""},"categories":[175],"tags":[],"class_list":["post-88815","post","type-post","status-publish","format-standard","has-post-thumbnail","hentry","category-artigos"],"_links":{"self":[{"href":"https:\/\/jorgezanoni.com.br\/2019\/wp-json\/wp\/v2\/posts\/88815","targetHints":{"allow":["GET"]}}],"collection":[{"href":"https:\/\/jorgezanoni.com.br\/2019\/wp-json\/wp\/v2\/posts"}],"about":[{"href":"https:\/\/jorgezanoni.com.br\/2019\/wp-json\/wp\/v2\/types\/post"}],"author":[{"embeddable":true,"href":"https:\/\/jorgezanoni.com.br\/2019\/wp-json\/wp\/v2\/users\/1"}],"replies":[{"embeddable":true,"href":"https:\/\/jorgezanoni.com.br\/2019\/wp-json\/wp\/v2\/comments?post=88815"}],"version-history":[{"count":1,"href":"https:\/\/jorgezanoni.com.br\/2019\/wp-json\/wp\/v2\/posts\/88815\/revisions"}],"predecessor-version":[{"id":88818,"href":"https:\/\/jorgezanoni.com.br\/2019\/wp-json\/wp\/v2\/posts\/88815\/revisions\/88818"}],"wp:featuredmedia":[{"embeddable":true,"href":"https:\/\/jorgezanoni.com.br\/2019\/wp-json\/wp\/v2\/media\/88817"}],"wp:attachment":[{"href":"https:\/\/jorgezanoni.com.br\/2019\/wp-json\/wp\/v2\/media?parent=88815"}],"wp:term":[{"taxonomy":"category","embeddable":true,"href":"https:\/\/jorgezanoni.com.br\/2019\/wp-json\/wp\/v2\/categories?post=88815"},{"taxonomy":"post_tag","embeddable":true,"href":"https:\/\/jorgezanoni.com.br\/2019\/wp-json\/wp\/v2\/tags?post=88815"}],"curies":[{"name":"wp","href":"https:\/\/api.w.org\/{rel}","templated":true}]}}