{"id":88692,"date":"2024-08-30T11:29:03","date_gmt":"2024-08-30T11:29:03","guid":{"rendered":"https:\/\/jorgezanoni.com.br\/2019\/?p=88692"},"modified":"2024-08-30T11:29:03","modified_gmt":"2024-08-30T11:29:03","slug":"corpo-de-morador-de-panorama-que-estava-desaparecido-e-encontrado-em-canavial","status":"publish","type":"post","link":"https:\/\/jorgezanoni.com.br\/2019\/corpo-de-morador-de-panorama-que-estava-desaparecido-e-encontrado-em-canavial\/","title":{"rendered":"Corpo de morador de Panorama que estava desaparecido \u00e9 encontrado em canavial"},"content":{"rendered":"<h2 class=\"content-head__subtitle\" style=\"text-align: justify;\"><strong>V\u00edtima de 69 anos, foi encaminhada ao IML para realiza\u00e7\u00e3o de exame necrosc\u00f3pico.<\/strong><\/h2>\n<div id=\"chunk-774jn\" style=\"text-align: justify;\">\n<div class=\"mc-column content-text active-extra-styles \" data-block-type=\"unstyled\" data-block-weight=\"24\" data-block-id=\"2\">\n<p class=\" content-text__container \" data-track-category=\"Link no Texto\" data-track-links=\"\" data-mrf-recirculation=\"Article links\">O corpo de um idoso, de 69 anos, foi encontrado, nesta quinta-feira (29), em um canavial, pr\u00f3ximo de uma estrada vicinal, em Panorama.<\/p>\n<\/div>\n<\/div>\n<div class=\"wall protected-content\">\n<div id=\"chunk-bmfvc\" style=\"text-align: justify;\">\n<div class=\"mc-column content-text active-extra-styles \" data-block-type=\"unstyled\" data-block-weight=\"41\" data-block-id=\"5\">\n<p class=\" content-text__container \" data-track-category=\"Link no Texto\" data-track-links=\"\" data-mrf-recirculation=\"Article links\">Conforme o delegado Alessandro Baroni, um Boletim de Ocorr\u00eancia de desaparecimento da v\u00edtima foi registrado, nesta quarta-feira (28), pela Pol\u00edcia Civil. J\u00e1 na tarde desta quinta-feira, o corpo do idoso foi encontrado juntamente com sua caminhonete na Zona Rural da cidade.<\/p>\n<\/div>\n<\/div>\n<div id=\"chunk-d8ncs\">\n<div class=\"mc-column content-text active-extra-styles \" data-block-type=\"unstyled\" data-block-weight=\"27\" data-block-id=\"6\">\n<p class=\" content-text__container \" style=\"text-align: justify;\" data-track-category=\"Link no Texto\" data-track-links=\"\" data-mrf-recirculation=\"Article links\">A Pol\u00edcia Cient\u00edfica foi acionada para realizar per\u00edcia no local e o corpo foi encaminhado ao Instituto M\u00e9dico Legal (IML) para a realiza\u00e7\u00e3o de exame necrosc\u00f3pico.<\/p>\n<p style=\"text-align: justify;\" data-track-category=\"Link no Texto\" data-track-links=\"\" data-mrf-recirculation=\"Article links\">Ainda segundo o delegado, o corpo n\u00e3o tem sinais de viol\u00eancia e um Inqu\u00e9rito Policial foi instaurado para investigar os fatos.<\/p>\n<p style=\"text-align: justify;\" data-track-category=\"Link no Texto\" data-track-links=\"\" data-mrf-recirculation=\"Article links\">A v\u00edtima \u00e9 o idoso Manoel Pinho Filho. O corpo est\u00e1 sendo velado no Vel\u00f3rio Municipal de Panorama e o Sepultamento acontece \u00e0s 17:00 Horas no Cemit\u00e9rio daquela cidade.<\/p>\n<p data-track-category=\"Link no Texto\" data-track-links=\"\" data-mrf-recirculation=\"Article links\"><img loading=\"lazy\" decoding=\"async\" class=\"alignnone size-full wp-image-88695\" src=\"https:\/\/jorgezanoni.com.br\/2019\/wp-content\/uploads\/2024\/08\/Manoel-Pequeno.jpg\" alt=\"\" width=\"480\" height=\"480\" srcset=\"https:\/\/jorgezanoni.com.br\/2019\/wp-content\/uploads\/2024\/08\/Manoel-Pequeno.jpg 480w, https:\/\/jorgezanoni.com.br\/2019\/wp-content\/uploads\/2024\/08\/Manoel-Pequeno-300x300.jpg 300w, https:\/\/jorgezanoni.com.br\/2019\/wp-content\/uploads\/2024\/08\/Manoel-Pequeno-150x150.jpg 150w, https:\/\/jorgezanoni.com.br\/2019\/wp-content\/uploads\/2024\/08\/Manoel-Pequeno-420x420.jpg 420w\" sizes=\"auto, (max-width: 480px) 100vw, 480px\" \/><\/p>\n<p data-track-category=\"Link no Texto\" data-track-links=\"\" data-mrf-recirculation=\"Article links\">Foto Capa cedida Pol\u00edcia Civil<\/p>\n<p data-track-category=\"Link no Texto\" data-track-links=\"\" data-mrf-recirculation=\"Article links\">Jorge Zanoni<\/p>\n<\/div>\n<\/div>\n<\/div>\n","protected":false},"excerpt":{"rendered":"<p>V\u00edtima de 69 anos, foi encaminhada ao IML para realiza\u00e7\u00e3o de exame necrosc\u00f3pico. O corpo de um idoso, de 69 anos, foi encontrado, nesta quinta-feira (29), em um canavial, pr\u00f3ximo de uma estrada vicinal, em Panorama. Conforme o delegado Alessandro Baroni, um Boletim de Ocorr\u00eancia de desaparecimento da v\u00edtima foi registrado, nesta quarta-feira (28), pela [&hellip;]<\/p>\n","protected":false},"author":1,"featured_media":88696,"comment_status":"closed","ping_status":"open","sticky":false,"template":"","format":"standard","meta":{"footnotes":""},"categories":[110,2],"tags":[],"class_list":["post-88692","post","type-post","status-publish","format-standard","has-post-thumbnail","hentry","category-noticiasdestaque","category-policial"],"_links":{"self":[{"href":"https:\/\/jorgezanoni.com.br\/2019\/wp-json\/wp\/v2\/posts\/88692","targetHints":{"allow":["GET"]}}],"collection":[{"href":"https:\/\/jorgezanoni.com.br\/2019\/wp-json\/wp\/v2\/posts"}],"about":[{"href":"https:\/\/jorgezanoni.com.br\/2019\/wp-json\/wp\/v2\/types\/post"}],"author":[{"embeddable":true,"href":"https:\/\/jorgezanoni.com.br\/2019\/wp-json\/wp\/v2\/users\/1"}],"replies":[{"embeddable":true,"href":"https:\/\/jorgezanoni.com.br\/2019\/wp-json\/wp\/v2\/comments?post=88692"}],"version-history":[{"count":1,"href":"https:\/\/jorgezanoni.com.br\/2019\/wp-json\/wp\/v2\/posts\/88692\/revisions"}],"predecessor-version":[{"id":88698,"href":"https:\/\/jorgezanoni.com.br\/2019\/wp-json\/wp\/v2\/posts\/88692\/revisions\/88698"}],"wp:featuredmedia":[{"embeddable":true,"href":"https:\/\/jorgezanoni.com.br\/2019\/wp-json\/wp\/v2\/media\/88696"}],"wp:attachment":[{"href":"https:\/\/jorgezanoni.com.br\/2019\/wp-json\/wp\/v2\/media?parent=88692"}],"wp:term":[{"taxonomy":"category","embeddable":true,"href":"https:\/\/jorgezanoni.com.br\/2019\/wp-json\/wp\/v2\/categories?post=88692"},{"taxonomy":"post_tag","embeddable":true,"href":"https:\/\/jorgezanoni.com.br\/2019\/wp-json\/wp\/v2\/tags?post=88692"}],"curies":[{"name":"wp","href":"https:\/\/api.w.org\/{rel}","templated":true}]}}