{"id":8860,"date":"2019-10-15T15:52:38","date_gmt":"2019-10-15T15:52:38","guid":{"rendered":"https:\/\/jorgezanoni.com.br\/2019\/?p=8860"},"modified":"2019-10-15T15:52:38","modified_gmt":"2019-10-15T15:52:38","slug":"tragedia-queda-de-predio-em-fortaleza-deixa-mortos-e-feridos","status":"publish","type":"post","link":"https:\/\/jorgezanoni.com.br\/2019\/tragedia-queda-de-predio-em-fortaleza-deixa-mortos-e-feridos\/","title":{"rendered":"Trag\u00e9dia: Queda de pr\u00e9dio em Fortaleza deixa mortos e feridos"},"content":{"rendered":"<p><strong>Bombeiros orientam pessoas embaixo dos escombros a gritarem. O barulho ajuda os profissionais a localizar o ponto onde eles est\u00e3o soterrados.<\/strong><\/p>\n<p>Um cachorro foi resgatado com vida dos escombros onde o pr\u00e9dio desabou.<\/p>\n<p style=\"text-align: justify;\"><img loading=\"lazy\" decoding=\"async\" class=\"alignnone size-full wp-image-8861\" src=\"https:\/\/jorgezanoni.com.br\/2019\/wp-content\/uploads\/2019\/10\/predio-1.jpg\" alt=\"\" width=\"1080\" height=\"608\" srcset=\"https:\/\/jorgezanoni.com.br\/2019\/wp-content\/uploads\/2019\/10\/predio-1.jpg 1080w, https:\/\/jorgezanoni.com.br\/2019\/wp-content\/uploads\/2019\/10\/predio-1-300x169.jpg 300w, https:\/\/jorgezanoni.com.br\/2019\/wp-content\/uploads\/2019\/10\/predio-1-768x432.jpg 768w, https:\/\/jorgezanoni.com.br\/2019\/wp-content\/uploads\/2019\/10\/predio-1-1024x576.jpg 1024w, https:\/\/jorgezanoni.com.br\/2019\/wp-content\/uploads\/2019\/10\/predio-1-696x392.jpg 696w, https:\/\/jorgezanoni.com.br\/2019\/wp-content\/uploads\/2019\/10\/predio-1-1068x601.jpg 1068w, https:\/\/jorgezanoni.com.br\/2019\/wp-content\/uploads\/2019\/10\/predio-1-746x420.jpg 746w\" sizes=\"auto, (max-width: 1080px) 100vw, 1080px\" \/>Cinco pessoas s\u00e3o resgatadas com vida de pr\u00e9dio desabado em Fortaleza (Foto: Cinthia Freitas\/G1)<\/p>\n<div class=\"PostItem\" style=\"text-align: justify;\">\n<div class=\"PostItemScreen cb-post \" data-acceptance=\"post\">\n<div class=\"cb-post-content\">\n<div id=\"megadraft-10898771-9ccd-46c6-a668-e772c510f039\" class=\"mtr-megadraft-block\">\n<p>Sobe para cinco o n\u00famero de pessoas resgatadas com vida do pr\u00e9dio que desabou em Fortaleza, conforme os dados mais recentes do Corpo de Bombeiros. Uma pessoa morreu.<\/p>\n<\/div>\n<div class=\"cb-post-meta\"><span class=\"cb-post-timeago\">H\u00e1 10 minutos<\/span><\/div>\n<\/div>\n<\/div>\n<\/div>\n<div class=\"PostItem\">\n<div class=\"PostItemScreen cb-post \" data-acceptance=\"post\">\n<div class=\"cb-post-content\">\n<div id=\"megadraft-982fb3d9-5d8f-4a66-bb7c-36b79ebb73fe\" class=\"mtr-megadraft-block\">\n<p style=\"text-align: justify;\">Homem resgatado de escombros de pr\u00e9dio em Fortaleza chega ao Hospital Instituto Doutor Jos\u00e9 Frota. N\u00e3o foram repassadas informa\u00e7\u00f5es sobre o estado de sa\u00fade do paciente. At\u00e9 o momento, tr\u00eas pessoas foram retiradas do local com vida e uma pessoa morreu.<\/p>\n<p style=\"text-align: justify;\"><img loading=\"lazy\" decoding=\"async\" class=\"alignnone size-full wp-image-8862\" src=\"https:\/\/jorgezanoni.com.br\/2019\/wp-content\/uploads\/2019\/10\/predio1.jpg\" alt=\"\" width=\"1080\" height=\"720\" srcset=\"https:\/\/jorgezanoni.com.br\/2019\/wp-content\/uploads\/2019\/10\/predio1.jpg 1080w, https:\/\/jorgezanoni.com.br\/2019\/wp-content\/uploads\/2019\/10\/predio1-300x200.jpg 300w, https:\/\/jorgezanoni.com.br\/2019\/wp-content\/uploads\/2019\/10\/predio1-768x512.jpg 768w, https:\/\/jorgezanoni.com.br\/2019\/wp-content\/uploads\/2019\/10\/predio1-1024x683.jpg 1024w, https:\/\/jorgezanoni.com.br\/2019\/wp-content\/uploads\/2019\/10\/predio1-696x464.jpg 696w, https:\/\/jorgezanoni.com.br\/2019\/wp-content\/uploads\/2019\/10\/predio1-1068x712.jpg 1068w, https:\/\/jorgezanoni.com.br\/2019\/wp-content\/uploads\/2019\/10\/predio1-630x420.jpg 630w\" sizes=\"auto, (max-width: 1080px) 100vw, 1080px\" \/>Morador de pr\u00e9dio que desabou em Fortaleza chega a hospital para receber atendimento m\u00e9dico (Foto: Andr\u00e9 Costa\/G1)<\/p>\n<div class=\"PostItem\" style=\"text-align: justify;\">\n<div class=\"PostItemScreen cb-post \" data-acceptance=\"post\">\n<div class=\"cb-post-content\">\n<div class=\"cb-post-meta\">O governador do Cear\u00e1, Camilo Santana, informou em redes sociais que cancelou a agenda desta ter\u00e7a-feira quando soube da not\u00edcia do desabamento do pr\u00e9dio em Fortaleza. &#8220;Al\u00e9m das for\u00e7as efetivas das nossas for\u00e7as de seguran\u00e7a, fa\u00e7amos uma corrente de ora\u00e7\u00e3o para que as vidas sejam salvas&#8221;, comentou o governador.<\/div>\n<div><\/div>\n<\/div>\n<\/div>\n<\/div>\n<div>\n<div class=\"PostItem\" style=\"text-align: justify;\">\n<div class=\"PostItemScreen cb-post \" data-acceptance=\"post\">\n<div class=\"cb-post-content\">\n<div id=\"megadraft-cc88359d-f013-4838-b60d-f49357c88ca9\" class=\"mtr-megadraft-block\">\n<p>Uma ex-moradora falou ao G1 que o pr\u00e9dio desabado foi constru\u00eddo h\u00e1 mais de 40 anos e passava por reforma. A estrutura tinha sete andares e dois apartamentos por andar. Antes de sair do local, h\u00e1 dois meses, ela afirma que identificou infiltra\u00e7\u00f5es nas \u00e1reas externa e interna do pr\u00e9dio. A ex-moradora afirma que deixou o local por motivos pessoais, e n\u00e3o por problemas na infraestrutura.<\/p>\n<\/div>\n<div class=\"cb-post-meta\">Uma senhora de 60 \u00e9 resgatada com vida neste momento, conforme o Corpo de Bombeiros. \u00c9 a terceira pessoa retirada viva dos escombros. Uma pessoa morreu.<\/div>\n<div><\/div>\n<\/div>\n<\/div>\n<\/div>\n<div class=\"PostItem\">\n<div class=\"PostItemScreen cb-post \" style=\"text-align: justify;\" data-acceptance=\"post\">\n<div class=\"cb-post-content\">\n<div class=\"cb-post-meta\">V\u00eddeo feito ap\u00f3s o desabamento mostra escombros de pr\u00e9dio de sete andares que desabou no Bairro Dion\u00edsio Torres, \u00e1rea nobre de Fortaleza.<\/div>\n<div><\/div>\n<\/div>\n<\/div>\n<div style=\"text-align: justify;\">Fonte: https:\/\/g1.globo.com\/ce\/ceara\/ao-vivo\/queda-de-predio-em-fortaleza.ghtml<\/div>\n<\/div>\n<\/div>\n<div class=\"PostItem\">\n<div class=\"PostItemScreen cb-post \" data-acceptance=\"post\">\n<div><\/div>\n<\/div>\n<\/div>\n<div class=\"PostItem\">\n<div class=\"PostItemScreen cb-post \" data-acceptance=\"post\">\n<div class=\"cb-post-content\">\n<div id=\"megadraft-d927cd6f-7c0b-4cd7-8607-fc3e9a87fa9f\" class=\"mtr-megadraft-block\">\n<p>&nbsp;<\/p>\n<\/div>\n<\/div>\n<\/div>\n<\/div>\n<p>&nbsp;<\/p>\n<\/div>\n<\/div>\n<\/div>\n<\/div>\n<p>&nbsp;<\/p>\n","protected":false},"excerpt":{"rendered":"<p>Bombeiros orientam pessoas embaixo dos escombros a gritarem. O barulho ajuda os profissionais a localizar o ponto onde eles est\u00e3o soterrados. Um cachorro foi resgatado com vida dos escombros onde o pr\u00e9dio desabou. Cinco pessoas s\u00e3o resgatadas com vida de pr\u00e9dio desabado em Fortaleza (Foto: Cinthia Freitas\/G1) Sobe para cinco o n\u00famero de pessoas resgatadas [&hellip;]<\/p>\n","protected":false},"author":1,"featured_media":8864,"comment_status":"closed","ping_status":"open","sticky":false,"template":"","format":"standard","meta":{"footnotes":""},"categories":[110,2],"tags":[],"class_list":["post-8860","post","type-post","status-publish","format-standard","has-post-thumbnail","hentry","category-noticiasdestaque","category-policial"],"_links":{"self":[{"href":"https:\/\/jorgezanoni.com.br\/2019\/wp-json\/wp\/v2\/posts\/8860","targetHints":{"allow":["GET"]}}],"collection":[{"href":"https:\/\/jorgezanoni.com.br\/2019\/wp-json\/wp\/v2\/posts"}],"about":[{"href":"https:\/\/jorgezanoni.com.br\/2019\/wp-json\/wp\/v2\/types\/post"}],"author":[{"embeddable":true,"href":"https:\/\/jorgezanoni.com.br\/2019\/wp-json\/wp\/v2\/users\/1"}],"replies":[{"embeddable":true,"href":"https:\/\/jorgezanoni.com.br\/2019\/wp-json\/wp\/v2\/comments?post=8860"}],"version-history":[{"count":0,"href":"https:\/\/jorgezanoni.com.br\/2019\/wp-json\/wp\/v2\/posts\/8860\/revisions"}],"wp:featuredmedia":[{"embeddable":true,"href":"https:\/\/jorgezanoni.com.br\/2019\/wp-json\/wp\/v2\/media\/8864"}],"wp:attachment":[{"href":"https:\/\/jorgezanoni.com.br\/2019\/wp-json\/wp\/v2\/media?parent=8860"}],"wp:term":[{"taxonomy":"category","embeddable":true,"href":"https:\/\/jorgezanoni.com.br\/2019\/wp-json\/wp\/v2\/categories?post=8860"},{"taxonomy":"post_tag","embeddable":true,"href":"https:\/\/jorgezanoni.com.br\/2019\/wp-json\/wp\/v2\/tags?post=8860"}],"curies":[{"name":"wp","href":"https:\/\/api.w.org\/{rel}","templated":true}]}}