{"id":88538,"date":"2024-08-22T22:12:10","date_gmt":"2024-08-22T22:12:10","guid":{"rendered":"https:\/\/jorgezanoni.com.br\/2019\/?p=88538"},"modified":"2024-08-22T22:12:10","modified_gmt":"2024-08-22T22:12:10","slug":"policia-militar-prende-homem-em-flagrante-por-trafico-de-drogas-em-dracena-7","status":"publish","type":"post","link":"https:\/\/jorgezanoni.com.br\/2019\/policia-militar-prende-homem-em-flagrante-por-trafico-de-drogas-em-dracena-7\/","title":{"rendered":"Pol\u00edcia Militar prende homem em flagrante por Tr\u00e1fico de Drogas em Dracena"},"content":{"rendered":"<p style=\"text-align: justify;\">Na data de hoje (22) por volta das 14h45min policiais militares do 25\u00ba Batalh\u00e3o de Pol\u00edcia Militar do Interior no munic\u00edpio de Dracena, em patrulhamento avistaram um indiv\u00edduo (masculino, 18 anos) na garupa de uma moto taxi escondendo algo em sua cintura, prontamente os policiais deram ordem de parada \u00e0 motocicleta onde o condutor parou e o indiv\u00edduo desembarcou ignorando a ordem legal da Pol\u00edcia Militar empreendendo fuga a p\u00e9 deixando cair de sua cintura uma por\u00e7\u00e3o grande de uma subst\u00e2ncia verde, mais tarde reconhecida como maconha, envolta em um pl\u00e1stico filme. O indiv\u00edduo foi acompanhado pela Equipe Policial mesmo com ordem de parada legal ignorada, e somente conseguido a abordagem quadras ap\u00f3s o local de in\u00edcio dos fatos. Em revista pessoal foi encontrada outra por\u00e7\u00e3o menor do mesmo conte\u00fado e juntas pesaram 244 gramas de maconha. O autor confirmou que a droga era fracionada e vendida. Diante dos fatos, foi dado voz de pris\u00e3o e conduzido at\u00e9 a Pol\u00edcia Judici\u00e1ria de Dracena onde a Autoridade de Plant\u00e3o ratificou pris\u00e3o em flagrante por Tr\u00e1fico e a droga foi apreendida.<\/p>\n<p>Fonte: Com. Social Pol\u00edcia Militar<\/p>\n","protected":false},"excerpt":{"rendered":"<p>Na data de hoje (22) por volta das 14h45min policiais militares do 25\u00ba Batalh\u00e3o de Pol\u00edcia Militar do Interior no munic\u00edpio de Dracena, em patrulhamento avistaram um indiv\u00edduo (masculino, 18 anos) na garupa de uma moto taxi escondendo algo em sua cintura, prontamente os policiais deram ordem de parada \u00e0 motocicleta onde o condutor parou [&hellip;]<\/p>\n","protected":false},"author":1,"featured_media":88539,"comment_status":"closed","ping_status":"open","sticky":false,"template":"","format":"standard","meta":{"footnotes":""},"categories":[110,2],"tags":[],"class_list":["post-88538","post","type-post","status-publish","format-standard","has-post-thumbnail","hentry","category-noticiasdestaque","category-policial"],"_links":{"self":[{"href":"https:\/\/jorgezanoni.com.br\/2019\/wp-json\/wp\/v2\/posts\/88538","targetHints":{"allow":["GET"]}}],"collection":[{"href":"https:\/\/jorgezanoni.com.br\/2019\/wp-json\/wp\/v2\/posts"}],"about":[{"href":"https:\/\/jorgezanoni.com.br\/2019\/wp-json\/wp\/v2\/types\/post"}],"author":[{"embeddable":true,"href":"https:\/\/jorgezanoni.com.br\/2019\/wp-json\/wp\/v2\/users\/1"}],"replies":[{"embeddable":true,"href":"https:\/\/jorgezanoni.com.br\/2019\/wp-json\/wp\/v2\/comments?post=88538"}],"version-history":[{"count":1,"href":"https:\/\/jorgezanoni.com.br\/2019\/wp-json\/wp\/v2\/posts\/88538\/revisions"}],"predecessor-version":[{"id":88540,"href":"https:\/\/jorgezanoni.com.br\/2019\/wp-json\/wp\/v2\/posts\/88538\/revisions\/88540"}],"wp:featuredmedia":[{"embeddable":true,"href":"https:\/\/jorgezanoni.com.br\/2019\/wp-json\/wp\/v2\/media\/88539"}],"wp:attachment":[{"href":"https:\/\/jorgezanoni.com.br\/2019\/wp-json\/wp\/v2\/media?parent=88538"}],"wp:term":[{"taxonomy":"category","embeddable":true,"href":"https:\/\/jorgezanoni.com.br\/2019\/wp-json\/wp\/v2\/categories?post=88538"},{"taxonomy":"post_tag","embeddable":true,"href":"https:\/\/jorgezanoni.com.br\/2019\/wp-json\/wp\/v2\/tags?post=88538"}],"curies":[{"name":"wp","href":"https:\/\/api.w.org\/{rel}","templated":true}]}}