{"id":88492,"date":"2024-08-20T22:23:52","date_gmt":"2024-08-20T22:23:52","guid":{"rendered":"https:\/\/jorgezanoni.com.br\/2019\/?p=88492"},"modified":"2024-08-20T22:23:52","modified_gmt":"2024-08-20T22:23:52","slug":"ruzzi-del-fuego-prata-e-africanos-de-tudo-se-pode-ter-um-pouco-e-assim-por-diante-por-sergio-barbosa","status":"publish","type":"post","link":"https:\/\/jorgezanoni.com.br\/2019\/ruzzi-del-fuego-prata-e-africanos-de-tudo-se-pode-ter-um-pouco-e-assim-por-diante-por-sergio-barbosa\/","title":{"rendered":"RUZZI, DEL FUEGO, PRATA E AFRICANOS: De tudo se pode ter um pouco e assim por diante&#8230; (por S\u00e9rgio Barbosa)"},"content":{"rendered":"<p style=\"text-align: justify;\"><strong>\u201cOs contos de fadas s\u00e3o assim. Uma manh\u00e3, a agente acorda e diz: &#8220;era s\u00f3 um conto de fadas&#8230;&#8221; E a gente sorri de si mesma. Mas, no fundo, n\u00e3o estamos sorrindo. Sabemos muito bem que os contos de fadas s\u00e3o a \u00fanica verdade da vida.\u201d<\/strong> (<a href=\"https:\/\/www.frasesfamosas.com.br\/frases-de\/antoine-de-saint-exupery\/\">ANTOINE DE SAINT-EXUP\u00c9RY<\/a> in <strong>Tags:contos,\u00a0<\/strong><a href=\"https:\/\/www.frasesfamosas.com.br\/tema\/f%C3%A1bulas\/\"><strong>f\u00e1bulas<\/strong><\/a><strong>,\u00a0<\/strong><a href=\"https:\/\/www.frasesfamosas.com.br\/tema\/inf%C3%A2ncia\/\"><strong>inf\u00e2ncia<\/strong><\/a><strong>)<\/strong><\/p>\n<p style=\"text-align: justify;\"><strong>By seb@r.<\/strong><\/p>\n<p style=\"text-align: justify;\">Neste TEMPO que se perdeu no TEMPO em busca do TEMPO, ainda, pode ser aquilo que nunca foi, ainda, deixando de lado aquelas quest\u00f5es sem RESPOSTAS, por\u00e9m, se poss\u00edvel, com muitas RETIC\u00caNCIAS&#8230;<\/p>\n<p style=\"text-align: justify;\">Nos lados AFRICANOS, isso \u00e9, naqueles PA\u00cdSES que falam, isso \u00e9, depende sempre do lado COLONIZADOR em nome da CRUZ em primeiro lugar, depois, a ESPADA ou VICE-VERSA&#8230;<\/p>\n<p style=\"text-align: justify;\">N\u00e3o se pode deixar a quest\u00e3o mediada pelo OCEANO que dividiu os lados que eram do mesmo lado, por\u00e9m, os PORTUGUESES acabaram levando a melhor durante S\u00c9CULOS&#8230;<\/p>\n<p style=\"text-align: justify;\">O que seria dos FATOS HIST\u00d3RICOS sobre tais acontecimentos patrocinados pelas INVAS\u00d5ES travestidas como DESCOBERTAS, se n\u00e3o fossem os CONTOS disto ou aquilo, tal qual a MEM\u00d3RICA COLETIVA permite para muitas aproxima\u00e7\u00f5es entre os PERDEDORES&#8230;<\/p>\n<p style=\"text-align: justify;\">Isso sem deixar de lado que aquele MACHADO estava mais AFIADO do que nunca, desta forma, conseguiu atravessar muitas TERRAS em nome da OPRESS\u00c3O, talvez, da LIBERDADE para quem esteve nestas BATALHAS&#8230;<\/p>\n<p style=\"text-align: justify;\">O que se pode escrever nestes casos, ou seja, quando aparece do nada um CABO pra fazer a diferen\u00e7a entre as ESCOLHAS que apenas o DONO, neste caso em pauta, do MACHADO pode fazer em nome disto ou daquilo&#8230;<\/p>\n<p style=\"text-align: justify;\">Tais ATIVIDADES est\u00e3o sempre em nome daquela SOCIEDADE, por isso, nada pode ser do jeito que se espera, tendo em vista que a CAVEIRA continua sendo de CRISTAL&#8230;<\/p>\n<p style=\"text-align: justify;\">Nas profundezas de uma DESCOBERTA, pode ser que os s\u00f3cios escolham a mesma BANDEIRA, todavia, apesar destas ESCOLHAS um tanto quando inusitadas, aquele TALVEZ fica martelando a CAVEIRA para ser do seu jeito de SER sem ESTAR&#8230;<\/p>\n<p style=\"text-align: justify;\">Neste MEIO TEMPO, pode surgir outra PROPOSTA colocada com o n\u00famero 100, isso mesmo, mais do que nunca CABAL\u00cdSTICO para todas as CR\u00d4NICAS escritas&#8230;<\/p>\n<p style=\"text-align: justify;\">Uns MAIS\u00a0 e outros MENOS, haja visto que o ESSENCIAL est\u00e1 de acordo com a REFLEX\u00c3O do momento, tamb\u00e9m, pode ter a ver sem OLHAR com a sua EST\u00d3RIA de uma outra HIST\u00d3RIA&#8230;<\/p>\n<p style=\"text-align: justify;\">Deve-se considerar que o MAURIZIO estava entretido com aqueles CONTOS da ANDR\u00c9A com as palavras do M\u00c1RIO&#8230;<\/p>\n<p style=\"text-align: justify;\">Uma verdadeira SALADA de PALAVRAS para que o\/a LEITOR\/A tente descobrir qual a melhor OP\u00c7\u00c3O para si mesmo\/a, assim, cada qual do seu JEITO pode levar adiante a REFLEX\u00c3O CR\u00cdTICA&#8230;<\/p>\n<p><img loading=\"lazy\" decoding=\"async\" class=\"alignnone size-full wp-image-88498\" src=\"https:\/\/jorgezanoni.com.br\/2019\/wp-content\/uploads\/2024\/08\/sergio-Pequeno.jpeg\" alt=\"\" width=\"360\" height=\"480\" srcset=\"https:\/\/jorgezanoni.com.br\/2019\/wp-content\/uploads\/2024\/08\/sergio-Pequeno.jpeg 360w, https:\/\/jorgezanoni.com.br\/2019\/wp-content\/uploads\/2024\/08\/sergio-Pequeno-225x300.jpeg 225w, https:\/\/jorgezanoni.com.br\/2019\/wp-content\/uploads\/2024\/08\/sergio-Pequeno-315x420.jpeg 315w\" sizes=\"auto, (max-width: 360px) 100vw, 360px\" \/><img loading=\"lazy\" decoding=\"async\" class=\"alignnone size-full wp-image-88494\" src=\"https:\/\/jorgezanoni.com.br\/2019\/wp-content\/uploads\/2024\/08\/sergio3-Pequeno.jpeg\" alt=\"\" width=\"360\" height=\"480\" srcset=\"https:\/\/jorgezanoni.com.br\/2019\/wp-content\/uploads\/2024\/08\/sergio3-Pequeno.jpeg 360w, https:\/\/jorgezanoni.com.br\/2019\/wp-content\/uploads\/2024\/08\/sergio3-Pequeno-225x300.jpeg 225w, https:\/\/jorgezanoni.com.br\/2019\/wp-content\/uploads\/2024\/08\/sergio3-Pequeno-315x420.jpeg 315w\" sizes=\"auto, (max-width: 360px) 100vw, 360px\" \/> <img loading=\"lazy\" decoding=\"async\" class=\"alignnone size-full wp-image-88495\" src=\"https:\/\/jorgezanoni.com.br\/2019\/wp-content\/uploads\/2024\/08\/sergio2-Pequeno.jpeg\" alt=\"\" width=\"360\" height=\"480\" srcset=\"https:\/\/jorgezanoni.com.br\/2019\/wp-content\/uploads\/2024\/08\/sergio2-Pequeno.jpeg 360w, https:\/\/jorgezanoni.com.br\/2019\/wp-content\/uploads\/2024\/08\/sergio2-Pequeno-225x300.jpeg 225w, https:\/\/jorgezanoni.com.br\/2019\/wp-content\/uploads\/2024\/08\/sergio2-Pequeno-315x420.jpeg 315w\" sizes=\"auto, (max-width: 360px) 100vw, 360px\" \/> <img loading=\"lazy\" decoding=\"async\" class=\"alignnone size-full wp-image-88496\" src=\"https:\/\/jorgezanoni.com.br\/2019\/wp-content\/uploads\/2024\/08\/sergio1-Pequeno.jpeg\" alt=\"\" width=\"360\" height=\"480\" srcset=\"https:\/\/jorgezanoni.com.br\/2019\/wp-content\/uploads\/2024\/08\/sergio1-Pequeno.jpeg 360w, https:\/\/jorgezanoni.com.br\/2019\/wp-content\/uploads\/2024\/08\/sergio1-Pequeno-225x300.jpeg 225w, https:\/\/jorgezanoni.com.br\/2019\/wp-content\/uploads\/2024\/08\/sergio1-Pequeno-315x420.jpeg 315w\" sizes=\"auto, (max-width: 360px) 100vw, 360px\" \/><\/p>\n<p><strong>e-mail: <\/strong><a href=\"mailto:barbosa.sebar@gmail.com\"><strong>barbosa.sebar@gmail.com<\/strong><\/a><\/p>\n<p>&nbsp;<\/p>\n<p>&nbsp;<\/p>\n","protected":false},"excerpt":{"rendered":"<p>\u201cOs contos de fadas s\u00e3o assim. Uma manh\u00e3, a agente acorda e diz: &#8220;era s\u00f3 um conto de fadas&#8230;&#8221; E a gente sorri de si mesma. Mas, no fundo, n\u00e3o estamos sorrindo. Sabemos muito bem que os contos de fadas s\u00e3o a \u00fanica verdade da vida.\u201d (ANTOINE DE SAINT-EXUP\u00c9RY in Tags:contos,\u00a0f\u00e1bulas,\u00a0inf\u00e2ncia) By seb@r. Neste TEMPO [&hellip;]<\/p>\n","protected":false},"author":1,"featured_media":88499,"comment_status":"closed","ping_status":"open","sticky":false,"template":"","format":"standard","meta":{"footnotes":""},"categories":[175],"tags":[],"class_list":["post-88492","post","type-post","status-publish","format-standard","has-post-thumbnail","hentry","category-artigos"],"_links":{"self":[{"href":"https:\/\/jorgezanoni.com.br\/2019\/wp-json\/wp\/v2\/posts\/88492","targetHints":{"allow":["GET"]}}],"collection":[{"href":"https:\/\/jorgezanoni.com.br\/2019\/wp-json\/wp\/v2\/posts"}],"about":[{"href":"https:\/\/jorgezanoni.com.br\/2019\/wp-json\/wp\/v2\/types\/post"}],"author":[{"embeddable":true,"href":"https:\/\/jorgezanoni.com.br\/2019\/wp-json\/wp\/v2\/users\/1"}],"replies":[{"embeddable":true,"href":"https:\/\/jorgezanoni.com.br\/2019\/wp-json\/wp\/v2\/comments?post=88492"}],"version-history":[{"count":1,"href":"https:\/\/jorgezanoni.com.br\/2019\/wp-json\/wp\/v2\/posts\/88492\/revisions"}],"predecessor-version":[{"id":88500,"href":"https:\/\/jorgezanoni.com.br\/2019\/wp-json\/wp\/v2\/posts\/88492\/revisions\/88500"}],"wp:featuredmedia":[{"embeddable":true,"href":"https:\/\/jorgezanoni.com.br\/2019\/wp-json\/wp\/v2\/media\/88499"}],"wp:attachment":[{"href":"https:\/\/jorgezanoni.com.br\/2019\/wp-json\/wp\/v2\/media?parent=88492"}],"wp:term":[{"taxonomy":"category","embeddable":true,"href":"https:\/\/jorgezanoni.com.br\/2019\/wp-json\/wp\/v2\/categories?post=88492"},{"taxonomy":"post_tag","embeddable":true,"href":"https:\/\/jorgezanoni.com.br\/2019\/wp-json\/wp\/v2\/tags?post=88492"}],"curies":[{"name":"wp","href":"https:\/\/api.w.org\/{rel}","templated":true}]}}