{"id":88486,"date":"2024-08-20T20:41:29","date_gmt":"2024-08-20T20:41:29","guid":{"rendered":"https:\/\/jorgezanoni.com.br\/2019\/?p=88486"},"modified":"2024-08-20T20:41:29","modified_gmt":"2024-08-20T20:41:29","slug":"policia-civil-participa-de-evento-alusivo-a-campanha-agosto-lilas-em-junqueiropolis","status":"publish","type":"post","link":"https:\/\/jorgezanoni.com.br\/2019\/policia-civil-participa-de-evento-alusivo-a-campanha-agosto-lilas-em-junqueiropolis\/","title":{"rendered":"Pol\u00edcia Civil participa de evento alusivo \u00e0 campanha &#8220;Agosto Lil\u00e1s&#8221; em Junqueir\u00f3polis"},"content":{"rendered":"<p style=\"text-align: justify;\">Na segunda-feira (19), a Pol\u00edcia Civil, por interm\u00e9dio da Delegacia de Defesa da Mulher (DDM), participou ativamente de um evento em Junqueir\u00f3polis voltado \u00e0 conscientiza\u00e7\u00e3o e ao combate \u00e0 viol\u00eancia contra a mulher, como parte da campanha &#8220;Agosto Lil\u00e1s&#8221;. O evento, realizado no audit\u00f3rio do Centro de Forma\u00e7\u00e3o Educacional (CEFE), foi organizado pela Diretoria de Assist\u00eancia Social de Junqueir\u00f3polis, em parceria com o Centro de Refer\u00eancia Especializado de Assist\u00eancia Social (CREAS) e o Centro de Refer\u00eancia de Assist\u00eancia Social (CRAS).<\/p>\n<p style=\"text-align: justify;\">A Dra. Luciana Nunes Falc\u00e3o Mendes, Delegada de Pol\u00edcia titular da DDM e uma das palestrantes convidadas, abordou em sua apresenta\u00e7\u00e3o a import\u00e2ncia da Lei Maria da Penha, destacando o papel crucial das institui\u00e7\u00f5es em garantir que mulheres em situa\u00e7\u00e3o de vulnerabilidade e viol\u00eancia dom\u00e9stica recebam o apoio necess\u00e1rio para romper o ciclo de viol\u00eancia. Ela enfatizou que, al\u00e9m da prote\u00e7\u00e3o legal, \u00e9 essencial proporcionar \u00e0s v\u00edtimas meios para sua reintegra\u00e7\u00e3o social, promovendo sua autonomia e dignidade.<\/p>\n<p style=\"text-align: justify;\">A palestra tamb\u00e9m contou com a presen\u00e7a e participa\u00e7\u00e3o da Profa. Dra. Artenira Silva e Silva, docente do Programa de P\u00f3s-Gradua\u00e7\u00e3o em Direito da Universidade Federal do Maranh\u00e3o (PPGDIR-UFMA), que discutiu os desafios enfrentados pelas mulheres no enfrentamento \u00e0 viol\u00eancia e as pol\u00edticas p\u00fablicas necess\u00e1rias para seu empoderamento.<\/p>\n<p style=\"text-align: justify;\">O evento fez parte do calend\u00e1rio do &#8220;Agosto Lil\u00e1s&#8221;, m\u00eas dedicado \u00e0 conscientiza\u00e7\u00e3o e combate \u00e0 viol\u00eancia contra a mulher, e reuniu representantes do Minist\u00e9rio P\u00fablico de S\u00e3o Paulo, do projeto OAB Mulheres, Conselhos Tutelares, al\u00e9m de alunos da rede municipal de ensino de Junqueir\u00f3polis. A iniciativa refor\u00e7a o compromisso das institui\u00e7\u00f5es locais em promover um ambiente seguro e de respeito para todas as mulheres, conscientizando a sociedade sobre a import\u00e2ncia de denunciar e combater todas as formas de viol\u00eancia de g\u00eanero.<\/p>\n<p><img loading=\"lazy\" decoding=\"async\" class=\"alignnone size-full wp-image-88488\" src=\"https:\/\/jorgezanoni.com.br\/2019\/wp-content\/uploads\/2024\/08\/Junqueira-1-Pequeno.jpeg\" alt=\"\" width=\"475\" height=\"480\" srcset=\"https:\/\/jorgezanoni.com.br\/2019\/wp-content\/uploads\/2024\/08\/Junqueira-1-Pequeno.jpeg 475w, https:\/\/jorgezanoni.com.br\/2019\/wp-content\/uploads\/2024\/08\/Junqueira-1-Pequeno-297x300.jpeg 297w, https:\/\/jorgezanoni.com.br\/2019\/wp-content\/uploads\/2024\/08\/Junqueira-1-Pequeno-416x420.jpeg 416w\" sizes=\"auto, (max-width: 475px) 100vw, 475px\" \/><\/p>\n<p>Fonte: Com. Social Pol\u00edcia Civil<\/p>\n","protected":false},"excerpt":{"rendered":"<p>Na segunda-feira (19), a Pol\u00edcia Civil, por interm\u00e9dio da Delegacia de Defesa da Mulher (DDM), participou ativamente de um evento em Junqueir\u00f3polis voltado \u00e0 conscientiza\u00e7\u00e3o e ao combate \u00e0 viol\u00eancia contra a mulher, como parte da campanha &#8220;Agosto Lil\u00e1s&#8221;. O evento, realizado no audit\u00f3rio do Centro de Forma\u00e7\u00e3o Educacional (CEFE), foi organizado pela Diretoria de [&hellip;]<\/p>\n","protected":false},"author":1,"featured_media":88487,"comment_status":"closed","ping_status":"open","sticky":false,"template":"","format":"standard","meta":{"footnotes":""},"categories":[110,2],"tags":[],"class_list":["post-88486","post","type-post","status-publish","format-standard","has-post-thumbnail","hentry","category-noticiasdestaque","category-policial"],"_links":{"self":[{"href":"https:\/\/jorgezanoni.com.br\/2019\/wp-json\/wp\/v2\/posts\/88486","targetHints":{"allow":["GET"]}}],"collection":[{"href":"https:\/\/jorgezanoni.com.br\/2019\/wp-json\/wp\/v2\/posts"}],"about":[{"href":"https:\/\/jorgezanoni.com.br\/2019\/wp-json\/wp\/v2\/types\/post"}],"author":[{"embeddable":true,"href":"https:\/\/jorgezanoni.com.br\/2019\/wp-json\/wp\/v2\/users\/1"}],"replies":[{"embeddable":true,"href":"https:\/\/jorgezanoni.com.br\/2019\/wp-json\/wp\/v2\/comments?post=88486"}],"version-history":[{"count":1,"href":"https:\/\/jorgezanoni.com.br\/2019\/wp-json\/wp\/v2\/posts\/88486\/revisions"}],"predecessor-version":[{"id":88491,"href":"https:\/\/jorgezanoni.com.br\/2019\/wp-json\/wp\/v2\/posts\/88486\/revisions\/88491"}],"wp:featuredmedia":[{"embeddable":true,"href":"https:\/\/jorgezanoni.com.br\/2019\/wp-json\/wp\/v2\/media\/88487"}],"wp:attachment":[{"href":"https:\/\/jorgezanoni.com.br\/2019\/wp-json\/wp\/v2\/media?parent=88486"}],"wp:term":[{"taxonomy":"category","embeddable":true,"href":"https:\/\/jorgezanoni.com.br\/2019\/wp-json\/wp\/v2\/categories?post=88486"},{"taxonomy":"post_tag","embeddable":true,"href":"https:\/\/jorgezanoni.com.br\/2019\/wp-json\/wp\/v2\/tags?post=88486"}],"curies":[{"name":"wp","href":"https:\/\/api.w.org\/{rel}","templated":true}]}}