{"id":88438,"date":"2024-08-17T17:33:55","date_gmt":"2024-08-17T17:33:55","guid":{"rendered":"https:\/\/jorgezanoni.com.br\/2019\/?p=88438"},"modified":"2024-08-17T17:33:55","modified_gmt":"2024-08-17T17:33:55","slug":"policia-militar-faz-grande-apreensao-de-produtos-frutos-de-contrabando-e-descaminho-em-dracena","status":"publish","type":"post","link":"https:\/\/jorgezanoni.com.br\/2019\/policia-militar-faz-grande-apreensao-de-produtos-frutos-de-contrabando-e-descaminho-em-dracena\/","title":{"rendered":"Pol\u00edcia Militar faz grande apreens\u00e3o de produtos frutos de contrabando e descaminho em Dracena"},"content":{"rendered":"<p style=\"text-align: justify;\">Na data de ontem (16) por volta das 20h54min ap\u00f3s solicita\u00e7\u00e3o via 190 policiais militares do 25\u00ba Batalh\u00e3o de Pol\u00edcia Militar do Interior pelo munic\u00edpio de Dracena, compareceu no Terminal Rodovi\u00e1rio onde foi constatado varias caixas de mercadorias pr\u00f3ximo a area de embarque e algumas caixas j\u00e1 dentro do bagageiro de um \u00f4nibus com destino a S\u00e3o Paulo. Devido a den\u00fancia an\u00f4nima de que teria muni\u00e7\u00f5es homiziadas dentro das caixas de mercadorias, foi feito contato com o respons\u00e1vel pela empresa que faz a confer\u00eancia e carregamento das caixas no bagageiro do \u00f4nibus, que nos apresentou v\u00e1rias notas fiscais, por\u00e9m ap\u00f3s a verifica\u00e7\u00e3o foi constatado que os dados eram inconsistente com as mercadorias, tanto os valores quanto as quantidades. Foram contabilizados 40 caixas de perfumes de tipos e marcas diversas com aproximadamente 4000 frascos e 5 caixas de roteadores de internet com aproximadamente 300 pe\u00e7as, com valor estimado de R$1.000.000.00 de reais. At\u00e9 a confer\u00eancia das mercadorias n\u00e3o se apresentou nenhum de seus propriet\u00e1rios. Foram encaminhadas todas as mercadorias e o respons\u00e1vel pela empresa at\u00e9 a sede da Pol\u00edcia Federal em Ara\u00e7atuba, onde foi feita a apreens\u00e3o de todas as mercadorias e o respons\u00e1vel ouvido e liberado.<\/p>\n<p>Fonte: Com. Social Pol\u00edcia Militar<\/p>\n","protected":false},"excerpt":{"rendered":"<p>Na data de ontem (16) por volta das 20h54min ap\u00f3s solicita\u00e7\u00e3o via 190 policiais militares do 25\u00ba Batalh\u00e3o de Pol\u00edcia Militar do Interior pelo munic\u00edpio de Dracena, compareceu no Terminal Rodovi\u00e1rio onde foi constatado varias caixas de mercadorias pr\u00f3ximo a area de embarque e algumas caixas j\u00e1 dentro do bagageiro de um \u00f4nibus com destino [&hellip;]<\/p>\n","protected":false},"author":1,"featured_media":88439,"comment_status":"closed","ping_status":"open","sticky":false,"template":"","format":"standard","meta":{"footnotes":""},"categories":[110,2],"tags":[],"class_list":["post-88438","post","type-post","status-publish","format-standard","has-post-thumbnail","hentry","category-noticiasdestaque","category-policial"],"_links":{"self":[{"href":"https:\/\/jorgezanoni.com.br\/2019\/wp-json\/wp\/v2\/posts\/88438","targetHints":{"allow":["GET"]}}],"collection":[{"href":"https:\/\/jorgezanoni.com.br\/2019\/wp-json\/wp\/v2\/posts"}],"about":[{"href":"https:\/\/jorgezanoni.com.br\/2019\/wp-json\/wp\/v2\/types\/post"}],"author":[{"embeddable":true,"href":"https:\/\/jorgezanoni.com.br\/2019\/wp-json\/wp\/v2\/users\/1"}],"replies":[{"embeddable":true,"href":"https:\/\/jorgezanoni.com.br\/2019\/wp-json\/wp\/v2\/comments?post=88438"}],"version-history":[{"count":1,"href":"https:\/\/jorgezanoni.com.br\/2019\/wp-json\/wp\/v2\/posts\/88438\/revisions"}],"predecessor-version":[{"id":88440,"href":"https:\/\/jorgezanoni.com.br\/2019\/wp-json\/wp\/v2\/posts\/88438\/revisions\/88440"}],"wp:featuredmedia":[{"embeddable":true,"href":"https:\/\/jorgezanoni.com.br\/2019\/wp-json\/wp\/v2\/media\/88439"}],"wp:attachment":[{"href":"https:\/\/jorgezanoni.com.br\/2019\/wp-json\/wp\/v2\/media?parent=88438"}],"wp:term":[{"taxonomy":"category","embeddable":true,"href":"https:\/\/jorgezanoni.com.br\/2019\/wp-json\/wp\/v2\/categories?post=88438"},{"taxonomy":"post_tag","embeddable":true,"href":"https:\/\/jorgezanoni.com.br\/2019\/wp-json\/wp\/v2\/tags?post=88438"}],"curies":[{"name":"wp","href":"https:\/\/api.w.org\/{rel}","templated":true}]}}