{"id":88430,"date":"2024-08-17T17:19:44","date_gmt":"2024-08-17T17:19:44","guid":{"rendered":"https:\/\/jorgezanoni.com.br\/2019\/?p=88430"},"modified":"2024-08-17T17:19:44","modified_gmt":"2024-08-17T17:19:44","slug":"acidente-entre-motocicleta-e-bicicleta-deixa-dois-feridos-no-centro-de-dracena","status":"publish","type":"post","link":"https:\/\/jorgezanoni.com.br\/2019\/acidente-entre-motocicleta-e-bicicleta-deixa-dois-feridos-no-centro-de-dracena\/","title":{"rendered":"Acidente entre motocicleta e bicicleta deixa dois feridos no centro de Dracena"},"content":{"rendered":"<p style=\"text-align: justify;\"><strong>Mulher de 29 anos se queixava de dores no ombro e rapaz de 21 anos tinha dores no joelho.<\/strong><\/p>\n<p style=\"text-align: justify;\">Por volta de 13:05 Horas deste s\u00e1bado (17), foi registrado um acidente com duas v\u00edtiams na esquina da Avenida Presidente Vargas com Rua Edison da Silveira Campos.<\/p>\n<p style=\"text-align: justify;\">Segundo iunforma\u00e7\u00f5es obtidas no local pela reportagem do SITE JZ e TOP TV, o jovem cruzava a Avenida pedalando sua Bike, em cima da faixa de pedestre sentido centro-bairro, quando foi colhido pela Moto que fazia o sentido \u00fanico da Vargas, centro-bairro.<\/p>\n<p style=\"text-align: justify;\">Os dois ca\u00edram ao solo sofrendo ferimentos e foram socorridos ao Pronto Atendimento Municipal, ela por uma Unidade de Resgate do Corpo de Bombeiros, ele por uma Ambul\u00e2ncia Municipal.<\/p>\n<p style=\"text-align: justify;\">As Pol\u00edcias Militar e T\u00e9cnica compareceram ao local para os levantamentos de praxe, onde um laudo vai apontar as reais causas do acidente.<\/p>\n<p><img loading=\"lazy\" decoding=\"async\" class=\"alignnone size-full wp-image-88431\" src=\"https:\/\/jorgezanoni.com.br\/2019\/wp-content\/uploads\/2024\/08\/IMG_1781-Pequeno-1.jpg\" alt=\"\" width=\"546\" height=\"438\" srcset=\"https:\/\/jorgezanoni.com.br\/2019\/wp-content\/uploads\/2024\/08\/IMG_1781-Pequeno-1.jpg 546w, https:\/\/jorgezanoni.com.br\/2019\/wp-content\/uploads\/2024\/08\/IMG_1781-Pequeno-1-300x241.jpg 300w, https:\/\/jorgezanoni.com.br\/2019\/wp-content\/uploads\/2024\/08\/IMG_1781-Pequeno-1-524x420.jpg 524w\" sizes=\"auto, (max-width: 546px) 100vw, 546px\" \/> <img loading=\"lazy\" decoding=\"async\" class=\"alignnone size-full wp-image-88433\" src=\"https:\/\/jorgezanoni.com.br\/2019\/wp-content\/uploads\/2024\/08\/IMG_1783-Pequeno-1.jpg\" alt=\"\" width=\"501\" height=\"464\" srcset=\"https:\/\/jorgezanoni.com.br\/2019\/wp-content\/uploads\/2024\/08\/IMG_1783-Pequeno-1.jpg 501w, https:\/\/jorgezanoni.com.br\/2019\/wp-content\/uploads\/2024\/08\/IMG_1783-Pequeno-1-300x278.jpg 300w, https:\/\/jorgezanoni.com.br\/2019\/wp-content\/uploads\/2024\/08\/IMG_1783-Pequeno-1-453x420.jpg 453w\" sizes=\"auto, (max-width: 501px) 100vw, 501px\" \/> <img loading=\"lazy\" decoding=\"async\" class=\"alignnone size-full wp-image-88434\" src=\"https:\/\/jorgezanoni.com.br\/2019\/wp-content\/uploads\/2024\/08\/IMG_1784-Pequeno-1.jpg\" alt=\"\" width=\"640\" height=\"480\" srcset=\"https:\/\/jorgezanoni.com.br\/2019\/wp-content\/uploads\/2024\/08\/IMG_1784-Pequeno-1.jpg 640w, https:\/\/jorgezanoni.com.br\/2019\/wp-content\/uploads\/2024\/08\/IMG_1784-Pequeno-1-300x225.jpg 300w, https:\/\/jorgezanoni.com.br\/2019\/wp-content\/uploads\/2024\/08\/IMG_1784-Pequeno-1-80x60.jpg 80w, https:\/\/jorgezanoni.com.br\/2019\/wp-content\/uploads\/2024\/08\/IMG_1784-Pequeno-1-265x198.jpg 265w, https:\/\/jorgezanoni.com.br\/2019\/wp-content\/uploads\/2024\/08\/IMG_1784-Pequeno-1-560x420.jpg 560w\" sizes=\"auto, (max-width: 640px) 100vw, 640px\" \/> <img loading=\"lazy\" decoding=\"async\" class=\"alignnone size-full wp-image-88435\" src=\"https:\/\/jorgezanoni.com.br\/2019\/wp-content\/uploads\/2024\/08\/IMG_1785-Pequeno-1.jpg\" alt=\"\" width=\"539\" height=\"376\" srcset=\"https:\/\/jorgezanoni.com.br\/2019\/wp-content\/uploads\/2024\/08\/IMG_1785-Pequeno-1.jpg 539w, https:\/\/jorgezanoni.com.br\/2019\/wp-content\/uploads\/2024\/08\/IMG_1785-Pequeno-1-300x209.jpg 300w, https:\/\/jorgezanoni.com.br\/2019\/wp-content\/uploads\/2024\/08\/IMG_1785-Pequeno-1-100x70.jpg 100w\" sizes=\"auto, (max-width: 539px) 100vw, 539px\" \/><\/p>\n<p>Jorge Zanoni<\/p>\n","protected":false},"excerpt":{"rendered":"<p>Mulher de 29 anos se queixava de dores no ombro e rapaz de 21 anos tinha dores no joelho. Por volta de 13:05 Horas deste s\u00e1bado (17), foi registrado um acidente com duas v\u00edtiams na esquina da Avenida Presidente Vargas com Rua Edison da Silveira Campos. Segundo iunforma\u00e7\u00f5es obtidas no local pela reportagem do SITE [&hellip;]<\/p>\n","protected":false},"author":1,"featured_media":88432,"comment_status":"closed","ping_status":"open","sticky":false,"template":"","format":"standard","meta":{"footnotes":""},"categories":[170,110],"tags":[],"class_list":["post-88430","post","type-post","status-publish","format-standard","has-post-thumbnail","hentry","category-acidentes","category-noticiasdestaque"],"_links":{"self":[{"href":"https:\/\/jorgezanoni.com.br\/2019\/wp-json\/wp\/v2\/posts\/88430","targetHints":{"allow":["GET"]}}],"collection":[{"href":"https:\/\/jorgezanoni.com.br\/2019\/wp-json\/wp\/v2\/posts"}],"about":[{"href":"https:\/\/jorgezanoni.com.br\/2019\/wp-json\/wp\/v2\/types\/post"}],"author":[{"embeddable":true,"href":"https:\/\/jorgezanoni.com.br\/2019\/wp-json\/wp\/v2\/users\/1"}],"replies":[{"embeddable":true,"href":"https:\/\/jorgezanoni.com.br\/2019\/wp-json\/wp\/v2\/comments?post=88430"}],"version-history":[{"count":1,"href":"https:\/\/jorgezanoni.com.br\/2019\/wp-json\/wp\/v2\/posts\/88430\/revisions"}],"predecessor-version":[{"id":88437,"href":"https:\/\/jorgezanoni.com.br\/2019\/wp-json\/wp\/v2\/posts\/88430\/revisions\/88437"}],"wp:featuredmedia":[{"embeddable":true,"href":"https:\/\/jorgezanoni.com.br\/2019\/wp-json\/wp\/v2\/media\/88432"}],"wp:attachment":[{"href":"https:\/\/jorgezanoni.com.br\/2019\/wp-json\/wp\/v2\/media?parent=88430"}],"wp:term":[{"taxonomy":"category","embeddable":true,"href":"https:\/\/jorgezanoni.com.br\/2019\/wp-json\/wp\/v2\/categories?post=88430"},{"taxonomy":"post_tag","embeddable":true,"href":"https:\/\/jorgezanoni.com.br\/2019\/wp-json\/wp\/v2\/tags?post=88430"}],"curies":[{"name":"wp","href":"https:\/\/api.w.org\/{rel}","templated":true}]}}