{"id":88412,"date":"2024-08-16T11:48:19","date_gmt":"2024-08-16T11:48:19","guid":{"rendered":"https:\/\/jorgezanoni.com.br\/2019\/?p=88412"},"modified":"2024-08-16T11:49:02","modified_gmt":"2024-08-16T11:49:02","slug":"acidente-entre-carro-e-moto-deixa-mulher-ferida-na-regiao-central-de-dracena","status":"publish","type":"post","link":"https:\/\/jorgezanoni.com.br\/2019\/acidente-entre-carro-e-moto-deixa-mulher-ferida-na-regiao-central-de-dracena\/","title":{"rendered":"Acidente entre carro e moto deixa mulher ferida na regi\u00e3o central de Dracena"},"content":{"rendered":"<p style=\"text-align: justify;\"><strong>Acidente foi registrado no in\u00edcio da tarde desta quinta-feira (15) em movimentada avenida.<\/strong><\/p>\n<p style=\"text-align: justify;\">Por volta de 13:00 Horas de ontem (15), foi registrado um acidente de tr\u00e2nsito com v\u00edtima na esquina da Avenida Rui Barbosa com a Rua Thom\u00e9 de Souza, no centro de Dracena.<\/p>\n<p style=\"text-align: justify;\">Segundo informa\u00e7\u00f5es obtidas no local pela reportagel do SITE JZ e TOP TV, um veiculo Fiat Uno fazia o sentido bairro-centro pela Rui Barbosa, quando uma motociclista que fazia o sentido Bairro-centro pela Thom\u00e9 de Souza, n\u00e3o teria obedecido o sinal de Pare obrigat\u00f3rio, ocorrendo a batida.<\/p>\n<p style=\"text-align: justify;\">Com o impacto a motociclista caiu ao solo e acabou socorrida por uma Unidade de Resgate do Corpo de Bombeiros ao Pronto Atendimento Munipal. Ela se queixava de dores no ombro e teve escoria\u00e7\u00f5es. A condutora do carro n\u00e3o se feiu.<\/p>\n<p style=\"text-align: justify;\">As Pol\u00edcias Militar e T\u00e9cnica compareceram ao local para os levantamentos de praxe e um laudo ir\u00e1 apontar as reais causas do acidente.<\/p>\n<p><img loading=\"lazy\" decoding=\"async\" class=\"alignnone size-full wp-image-88413\" src=\"https:\/\/jorgezanoni.com.br\/2019\/wp-content\/uploads\/2024\/08\/IMG_1685-Pequeno.jpg\" alt=\"\" width=\"640\" height=\"480\" srcset=\"https:\/\/jorgezanoni.com.br\/2019\/wp-content\/uploads\/2024\/08\/IMG_1685-Pequeno.jpg 640w, https:\/\/jorgezanoni.com.br\/2019\/wp-content\/uploads\/2024\/08\/IMG_1685-Pequeno-300x225.jpg 300w, https:\/\/jorgezanoni.com.br\/2019\/wp-content\/uploads\/2024\/08\/IMG_1685-Pequeno-80x60.jpg 80w, https:\/\/jorgezanoni.com.br\/2019\/wp-content\/uploads\/2024\/08\/IMG_1685-Pequeno-265x198.jpg 265w, https:\/\/jorgezanoni.com.br\/2019\/wp-content\/uploads\/2024\/08\/IMG_1685-Pequeno-560x420.jpg 560w\" sizes=\"auto, (max-width: 640px) 100vw, 640px\" \/> <img loading=\"lazy\" decoding=\"async\" class=\"alignnone size-full wp-image-88415\" src=\"https:\/\/jorgezanoni.com.br\/2019\/wp-content\/uploads\/2024\/08\/IMG_1687-Pequeno.jpg\" alt=\"\" width=\"640\" height=\"480\" srcset=\"https:\/\/jorgezanoni.com.br\/2019\/wp-content\/uploads\/2024\/08\/IMG_1687-Pequeno.jpg 640w, https:\/\/jorgezanoni.com.br\/2019\/wp-content\/uploads\/2024\/08\/IMG_1687-Pequeno-300x225.jpg 300w, https:\/\/jorgezanoni.com.br\/2019\/wp-content\/uploads\/2024\/08\/IMG_1687-Pequeno-80x60.jpg 80w, https:\/\/jorgezanoni.com.br\/2019\/wp-content\/uploads\/2024\/08\/IMG_1687-Pequeno-265x198.jpg 265w, https:\/\/jorgezanoni.com.br\/2019\/wp-content\/uploads\/2024\/08\/IMG_1687-Pequeno-560x420.jpg 560w\" sizes=\"auto, (max-width: 640px) 100vw, 640px\" \/> <img loading=\"lazy\" decoding=\"async\" class=\"alignnone size-full wp-image-88416\" src=\"https:\/\/jorgezanoni.com.br\/2019\/wp-content\/uploads\/2024\/08\/IMG_1688-Pequeno.jpg\" alt=\"\" width=\"640\" height=\"480\" srcset=\"https:\/\/jorgezanoni.com.br\/2019\/wp-content\/uploads\/2024\/08\/IMG_1688-Pequeno.jpg 640w, https:\/\/jorgezanoni.com.br\/2019\/wp-content\/uploads\/2024\/08\/IMG_1688-Pequeno-300x225.jpg 300w, https:\/\/jorgezanoni.com.br\/2019\/wp-content\/uploads\/2024\/08\/IMG_1688-Pequeno-80x60.jpg 80w, https:\/\/jorgezanoni.com.br\/2019\/wp-content\/uploads\/2024\/08\/IMG_1688-Pequeno-265x198.jpg 265w, https:\/\/jorgezanoni.com.br\/2019\/wp-content\/uploads\/2024\/08\/IMG_1688-Pequeno-560x420.jpg 560w\" sizes=\"auto, (max-width: 640px) 100vw, 640px\" \/><\/p>\n<p>Jorge Zanoni<\/p>\n<p>&nbsp;<\/p>\n","protected":false},"excerpt":{"rendered":"<p>Acidente foi registrado no in\u00edcio da tarde desta quinta-feira (15) em movimentada avenida. Por volta de 13:00 Horas de ontem (15), foi registrado um acidente de tr\u00e2nsito com v\u00edtima na esquina da Avenida Rui Barbosa com a Rua Thom\u00e9 de Souza, no centro de Dracena. Segundo informa\u00e7\u00f5es obtidas no local pela reportagel do SITE JZ [&hellip;]<\/p>\n","protected":false},"author":1,"featured_media":88414,"comment_status":"closed","ping_status":"open","sticky":false,"template":"","format":"standard","meta":{"footnotes":""},"categories":[170,110],"tags":[],"class_list":["post-88412","post","type-post","status-publish","format-standard","has-post-thumbnail","hentry","category-acidentes","category-noticiasdestaque"],"_links":{"self":[{"href":"https:\/\/jorgezanoni.com.br\/2019\/wp-json\/wp\/v2\/posts\/88412","targetHints":{"allow":["GET"]}}],"collection":[{"href":"https:\/\/jorgezanoni.com.br\/2019\/wp-json\/wp\/v2\/posts"}],"about":[{"href":"https:\/\/jorgezanoni.com.br\/2019\/wp-json\/wp\/v2\/types\/post"}],"author":[{"embeddable":true,"href":"https:\/\/jorgezanoni.com.br\/2019\/wp-json\/wp\/v2\/users\/1"}],"replies":[{"embeddable":true,"href":"https:\/\/jorgezanoni.com.br\/2019\/wp-json\/wp\/v2\/comments?post=88412"}],"version-history":[{"count":1,"href":"https:\/\/jorgezanoni.com.br\/2019\/wp-json\/wp\/v2\/posts\/88412\/revisions"}],"predecessor-version":[{"id":88417,"href":"https:\/\/jorgezanoni.com.br\/2019\/wp-json\/wp\/v2\/posts\/88412\/revisions\/88417"}],"wp:featuredmedia":[{"embeddable":true,"href":"https:\/\/jorgezanoni.com.br\/2019\/wp-json\/wp\/v2\/media\/88414"}],"wp:attachment":[{"href":"https:\/\/jorgezanoni.com.br\/2019\/wp-json\/wp\/v2\/media?parent=88412"}],"wp:term":[{"taxonomy":"category","embeddable":true,"href":"https:\/\/jorgezanoni.com.br\/2019\/wp-json\/wp\/v2\/categories?post=88412"},{"taxonomy":"post_tag","embeddable":true,"href":"https:\/\/jorgezanoni.com.br\/2019\/wp-json\/wp\/v2\/tags?post=88412"}],"curies":[{"name":"wp","href":"https:\/\/api.w.org\/{rel}","templated":true}]}}