{"id":88404,"date":"2024-08-15T22:14:57","date_gmt":"2024-08-15T22:14:57","guid":{"rendered":"https:\/\/jorgezanoni.com.br\/2019\/?p=88404"},"modified":"2024-08-15T22:14:57","modified_gmt":"2024-08-15T22:14:57","slug":"mulheres-e-tempo-de-semear-chega-a-dracena-nesta-sexta-feira","status":"publish","type":"post","link":"https:\/\/jorgezanoni.com.br\/2019\/mulheres-e-tempo-de-semear-chega-a-dracena-nesta-sexta-feira\/","title":{"rendered":"&#8220;Mulheres \u00e9 Tempo de Semear&#8221; chega a Dracena nesta sexta-feira"},"content":{"rendered":"<p style=\"text-align: justify;\"><strong><i>Evento \u00e9 o segundo de tr\u00eas m\u00f3dulos e acontece no Pesqueiro P\u00f4r do Sol, no bairro Parana\u00ed, em Ouro Verde.<\/i><\/strong><\/p>\n<p style=\"text-align: justify;\">A Federa\u00e7\u00e3o da Agricultura e Pecu\u00e1ria do Estado de S\u00e3o Paulo (Faesp), em parceria com o Sebrae-SP, tem o prazer de anunciar a chegada do projeto &#8220;Mulheres \u00e9 Tempo de Semear!&#8221; a Dracena. O evento, entretanto, ocorrer\u00e1 nesta sexta-feira (16\/8), \u00e0s 11h, no Pesqueiro P\u00f4r do Sol, bairro Parana\u00ed, em Ouro Verde.<\/p>\n<p>O munic\u00edpio recebe o segundo de tr\u00eas m\u00f3dulos, com apoio de Sindicatos Rurais, prefeituras e entidades locais, destinados a oferecer informa\u00e7\u00f5es e troca de experi\u00eancias essenciais para o desenvolvimento de novas empreendedoras rurais.<\/p>\n<p>O segundo m\u00f3dulo do projeto re\u00fane conte\u00fados valiosos para quem j\u00e1 \u00e9 uma empreendedora ou para quem pretende iniciar seu neg\u00f3cio. &#8220;Mulheres: \u00e9 tempo de Semear&#8221; come\u00e7a com uma palestra da vice-presidente da Comiss\u00e3o Semeadoras do Agro da Faesp, Juliana Farah: &#8220;Posicionamento da Mulher e seus Diversos Pap\u00e9is&#8221;, onde ela apresenta o cen\u00e1rio agr\u00edcola atual sob a perspectiva feminina.\n<\/p>\n<p style=\"text-align: justify;\">Adriana Menezes, coordenadora-executiva da Comiss\u00e3o, apresentar\u00e1 estrat\u00e9gias pr\u00e1ticas para o sucesso das empreendedoras no agroneg\u00f3cio em &#8220;Como Fazer Dar Certo&#8221;. J\u00e1 Ana Eliza Angelieri, da ONG Orientavida, participar\u00e1 virtualmente com a palestra &#8220;Amar \u00e9 se Cuidar&#8221;, focando na preven\u00e7\u00e3o do c\u00e2ncer de colo do \u00fatero e de mama.<\/p>\n<p>Selma Luz, consultora do Sebrae-SP, far\u00e1 a palestra &#8220;Seja uma Mulher Empreendedora&#8221;. O evento ser\u00e1 recepcionado pelo presidente do Sindicato Rural de Dracena, Daniel Pagnozzi, e pelo prefeito de Ouro Verde, Claudinei dos Santos.<\/p>\n<p><strong>Objetivos<br \/>\n<\/strong>O projeto &#8220;Mulheres \u00e9 Tempo de Semear!&#8221; tem como miss\u00e3o capacitar e empoderar as mulheres no agroneg\u00f3cio, oferecendo ferramentas essenciais para o desenvolvimento e sucesso de suas iniciativas empresariais.<\/p>\n<p>Juliana Farah destaca a import\u00e2ncia do projeto: &#8220;Toda vez nos deparamos com mulheres mais entusiasmadas, acreditando cada vez mais em si e em seu empreendimento e encontrando em n\u00f3s um apoio para o seu crescimento&#8221;, aponta.<\/p>\n<p>Tirso de Salles Meirelles, presidente da Faesp, refor\u00e7a: &#8220;Os encontros das Semeadoras do Agro oferecem a oportunidade de troca de experi\u00eancias entre mulheres empreendedoras, produtoras e trabalhadoras rurais. S\u00e3o espa\u00e7os de muito aprendizado e empoderamento das mulheres no agroneg\u00f3cio&#8221;.<\/p>\n<p style=\"text-align: justify;\">A Comiss\u00e3o Semeadoras do Agro, com apoio de sindicatos rurais, prefeituras e entidades locais, continua seu ciclo de capacita\u00e7\u00e3o e empreendedorismo feminino, preparando o terreno para o m\u00f3dulo final: &#8220;Mulher, \u00e9 tempo de colheita&#8221;.<\/p>\n<p>N\u00e3o perca esta oportunidade de cobrir um evento que transforma a realidade das mulheres no agroneg\u00f3cio. Participe!<\/p>\n<p><strong>Contato para Imprensa:<\/strong><br \/>\nMario Teixeira \u2013 jornalista &#8211; (21) 99110-3037<br \/>\nEdgar Lopes \u2013 jornalista &#8211; (11) 98102-4511<\/p>\n","protected":false},"excerpt":{"rendered":"<p>Evento \u00e9 o segundo de tr\u00eas m\u00f3dulos e acontece no Pesqueiro P\u00f4r do Sol, no bairro Parana\u00ed, em Ouro Verde. A Federa\u00e7\u00e3o da Agricultura e Pecu\u00e1ria do Estado de S\u00e3o Paulo (Faesp), em parceria com o Sebrae-SP, tem o prazer de anunciar a chegada do projeto &#8220;Mulheres \u00e9 Tempo de Semear!&#8221; a Dracena. O evento, [&hellip;]<\/p>\n","protected":false},"author":1,"featured_media":88405,"comment_status":"closed","ping_status":"open","sticky":false,"template":"","format":"standard","meta":{"footnotes":""},"categories":[176,110],"tags":[],"class_list":["post-88404","post","type-post","status-publish","format-standard","has-post-thumbnail","hentry","category-meioambienteeagricultura","category-noticiasdestaque"],"_links":{"self":[{"href":"https:\/\/jorgezanoni.com.br\/2019\/wp-json\/wp\/v2\/posts\/88404","targetHints":{"allow":["GET"]}}],"collection":[{"href":"https:\/\/jorgezanoni.com.br\/2019\/wp-json\/wp\/v2\/posts"}],"about":[{"href":"https:\/\/jorgezanoni.com.br\/2019\/wp-json\/wp\/v2\/types\/post"}],"author":[{"embeddable":true,"href":"https:\/\/jorgezanoni.com.br\/2019\/wp-json\/wp\/v2\/users\/1"}],"replies":[{"embeddable":true,"href":"https:\/\/jorgezanoni.com.br\/2019\/wp-json\/wp\/v2\/comments?post=88404"}],"version-history":[{"count":1,"href":"https:\/\/jorgezanoni.com.br\/2019\/wp-json\/wp\/v2\/posts\/88404\/revisions"}],"predecessor-version":[{"id":88406,"href":"https:\/\/jorgezanoni.com.br\/2019\/wp-json\/wp\/v2\/posts\/88404\/revisions\/88406"}],"wp:featuredmedia":[{"embeddable":true,"href":"https:\/\/jorgezanoni.com.br\/2019\/wp-json\/wp\/v2\/media\/88405"}],"wp:attachment":[{"href":"https:\/\/jorgezanoni.com.br\/2019\/wp-json\/wp\/v2\/media?parent=88404"}],"wp:term":[{"taxonomy":"category","embeddable":true,"href":"https:\/\/jorgezanoni.com.br\/2019\/wp-json\/wp\/v2\/categories?post=88404"},{"taxonomy":"post_tag","embeddable":true,"href":"https:\/\/jorgezanoni.com.br\/2019\/wp-json\/wp\/v2\/tags?post=88404"}],"curies":[{"name":"wp","href":"https:\/\/api.w.org\/{rel}","templated":true}]}}