{"id":88401,"date":"2024-08-15T22:10:03","date_gmt":"2024-08-15T22:10:03","guid":{"rendered":"https:\/\/jorgezanoni.com.br\/2019\/?p=88401"},"modified":"2024-08-15T22:10:03","modified_gmt":"2024-08-15T22:10:03","slug":"sicredi-fica-entre-os-melhores-em-projecoes-economicas-no-premio-broadcast-2024","status":"publish","type":"post","link":"https:\/\/jorgezanoni.com.br\/2019\/sicredi-fica-entre-os-melhores-em-projecoes-economicas-no-premio-broadcast-2024\/","title":{"rendered":"Sicredi fica entre os melhores em proje\u00e7\u00f5es econ\u00f4micas no Pr\u00eamio Broadcast 2024"},"content":{"rendered":"<p class=\"v1elementToProof\" style=\"text-align: justify;\"><strong><i>Institui\u00e7\u00e3o financeira cooperativa ficou em 6\u00ba lugar no ranking da Ag\u00eancia Estado, tr\u00eas posi\u00e7\u00f5es acima do ano passado; este \u00e9 o quarto ano seguido em que o Sicredi ganha o reconhecimento.<\/i><\/strong><\/p>\n<p style=\"text-align: justify;\">O Sicredi, institui\u00e7\u00e3o financeira cooperativa com mais de 8 milh\u00f5es de associados, conquistou nesta ter\u00e7a-feira (13\/08) a sexta posi\u00e7\u00e3o na categoria Top Geral, do Pr\u00eamio Broadcast Proje\u00e7\u00f5es 2024, subindo tr\u00eas posi\u00e7\u00f5es em rela\u00e7\u00e3o ao lugar conquistado na edi\u00e7\u00e3o de 2023. A categoria Top Geral avalia as proje\u00e7\u00f5es considerando sete indicadores econ\u00f4micos. Esse \u00e9 o quarto ano consecutivo em que o Sicredi recebe o reconhecimento, o qual destacou as institui\u00e7\u00f5es financeiras e consultorias econ\u00f4micas que mais acertaram as estimativas sobre as vari\u00e1veis macroecon\u00f4micas de 2023.<\/p>\n<div style=\"text-align: justify;\"><\/div>\n<div style=\"text-align: justify;\">Na categoria Top Geral, s\u00e3o analisadas as estimativas do IPCA, IGP-M, Selic, c\u00e2mbio, saldo da balan\u00e7a comercial, rela\u00e7\u00e3o d\u00edvida l\u00edquida\/PIB e PIB, encaminhadas por mais de 80 diferentes institui\u00e7\u00f5es que realizam, periodicamente, proje\u00e7\u00f5es de indicadores econ\u00f4micos. S\u00e3o consideradas na an\u00e1lise as previs\u00f5es feitas para os seis trimestres subsequentes e para o ano fechado.<\/div>\n<div style=\"text-align: justify;\"><\/div>\n<div style=\"text-align: justify;\">&#8220;Essa premia\u00e7\u00e3o ratifica nosso esfor\u00e7o em trabalhar an\u00e1lises cada vez mais precisas, evoluindo a cada ano, o que contribui para embasar a tomada de decis\u00f5es, assim como beneficia nossos associados no dia a dia dos seus neg\u00f3cios&#8221;, destacou Andr\u00e9 Nunes de Nunes, economista-chefe do Sicredi, que representou a institui\u00e7\u00e3o financeira cooperativa no evento de entrega do pr\u00eamio.<\/div>\n<div style=\"text-align: justify;\"><\/div>\n<div style=\"text-align: justify;\">A proposta do Pr\u00eamio Broadcast Proje\u00e7\u00f5es \u00e9 reconhecer as institui\u00e7\u00f5es cujas proje\u00e7\u00f5es para os principais indicadores econ\u00f4micos do pa\u00eds mais se aproximam da realidade, visando estimular uma precis\u00e3o cada vez maior dos dados. A Ag\u00eancia Estado, por meio de uma metodologia pr\u00f3pria, re\u00fane e avalia os dados fornecidos pelas empresas e corretoras inscritas, resultados de suas an\u00e1lises sobre n\u00fameros macroecon\u00f4micos.<\/div>\n<div style=\"text-align: justify;\"><\/div>\n<div style=\"text-align: justify;\">Neste ano, o evento teve a abertura do CEO da Broadcast, Denis Piovesan, e palestra do diretor de Pol\u00edtica Econ\u00f4mica do Banco Central, Diogo Guillen. O economista tratou sobre expectativas de infla\u00e7\u00e3o no Brasil, cen\u00e1rios nacional e internacional, e indicadores que orientaram a Ata da \u00faltima reuni\u00e3o do Comit\u00ea de Pol\u00edtica Monet\u00e1ria (Copom), realizada em 30 e 31 de julho.<\/div>\n<p class=\"v1elementToProof\" style=\"text-align: justify;\"><b><i>Sobre o Sicredi<\/i><\/b><\/p>\n<p style=\"text-align: justify;\"><i>O Sicredi \u00e9 uma institui\u00e7\u00e3o financeira cooperativa comprometida com o crescimento de seus associados e com o desenvolvimento das regi\u00f5es onde atua. Possui um modelo de gest\u00e3o que valoriza a participa\u00e7\u00e3o dos mais de 8 milh\u00f5es de associados, que exercem o papel de donos do neg\u00f3cio. Com mais de 2.700 ag\u00eancias, o Sicredi est\u00e1 presente fisicamente em todos os estados brasileiros e no Distrito Federal, disponibilizando uma gama completa de solu\u00e7\u00f5es financeiras e n\u00e3o financeiras.<\/i><\/p>\n<p><b><i>Site do Sicredi:\u00a0<\/i><\/b><b><i><u><a id=\"v1OWAa1bc490a-e598-d32d-cec9-fb037b6a7087\" class=\"v1OWAAutoLink\" href=\"http:\/\/www.sicredi.com.br\/\" target=\"_blank\" rel=\"noopener noreferrer\">www.sicredi.com.br<\/a><\/u><\/i><\/b><b><i><\/i><\/b><\/p>\n<p><b><i>Redes Sociais:\u00a0<\/i><\/b><b><i><u><a id=\"v1OWA68e05359-d2a1-834f-841d-e4108bec1c3c\" class=\"v1OWAAutoLink\" href=\"http:\/\/www.facebook.com\/sicredicentrooestepaulista\" target=\"_blank\" rel=\"noopener noreferrer\">Facebook<\/a><\/u><\/i><\/b><i>\u00a0|<\/i>\u00a0<b><i><u><a id=\"v1OWA895bbbcd-5aa5-23d5-1370-df61288063dd\" class=\"v1OWAAutoLink\" href=\"https:\/\/www.linkedin.com\/company\/sicredi-centro-oeste-paulista\/\" target=\"_blank\" rel=\"noopener noreferrer\">LinkedIn<\/a><\/u><\/i><\/b><i>\u00a0|<\/i>\u00a0<b><i><u><a id=\"v1OWAab3c1cef-a5d3-3cb3-6495-e4887af2dbc4\" class=\"v1OWAAutoLink\" href=\"http:\/\/www.youtube.com\/sicredicentrooestepaulista\" target=\"_blank\" rel=\"noopener noreferrer\">YouTube<\/a><\/u><\/i><\/b>\u00a0<i>|\u00a0<\/i><b><i><u><a id=\"v1OWA3f226100-9843-a93c-77b4-3df8a9481273\" class=\"v1OWAAutoLink\" href=\"http:\/\/www.instagram.com\/sicredicentrooestepaulista\" target=\"_blank\" rel=\"noopener noreferrer\">Instagram<\/a><\/u><\/i><\/b><\/p>\n<p style=\"text-align: justify;\">CAPA: Para O economista-chefe do Sicredi, Andr\u00e9 de Nunes, premia\u00e7\u00e3o ratifica esfor\u00e7o em trabalhar an\u00e1lises cada vez mais precisas.<br \/>\n<i>Cr\u00e9ditos: Divulga\u00e7\u00e3o\/Sicredi<\/i><\/p>\n<p>Fonte: Comunica\u00e7\u00e3o e Marketing<\/p>\n","protected":false},"excerpt":{"rendered":"<p>Institui\u00e7\u00e3o financeira cooperativa ficou em 6\u00ba lugar no ranking da Ag\u00eancia Estado, tr\u00eas posi\u00e7\u00f5es acima do ano passado; este \u00e9 o quarto ano seguido em que o Sicredi ganha o reconhecimento. O Sicredi, institui\u00e7\u00e3o financeira cooperativa com mais de 8 milh\u00f5es de associados, conquistou nesta ter\u00e7a-feira (13\/08) a sexta posi\u00e7\u00e3o na categoria Top Geral, do [&hellip;]<\/p>\n","protected":false},"author":1,"featured_media":88402,"comment_status":"closed","ping_status":"open","sticky":false,"template":"","format":"standard","meta":{"footnotes":""},"categories":[110,116],"tags":[],"class_list":["post-88401","post","type-post","status-publish","format-standard","has-post-thumbnail","hentry","category-noticiasdestaque","category-politicaeeconomia"],"_links":{"self":[{"href":"https:\/\/jorgezanoni.com.br\/2019\/wp-json\/wp\/v2\/posts\/88401","targetHints":{"allow":["GET"]}}],"collection":[{"href":"https:\/\/jorgezanoni.com.br\/2019\/wp-json\/wp\/v2\/posts"}],"about":[{"href":"https:\/\/jorgezanoni.com.br\/2019\/wp-json\/wp\/v2\/types\/post"}],"author":[{"embeddable":true,"href":"https:\/\/jorgezanoni.com.br\/2019\/wp-json\/wp\/v2\/users\/1"}],"replies":[{"embeddable":true,"href":"https:\/\/jorgezanoni.com.br\/2019\/wp-json\/wp\/v2\/comments?post=88401"}],"version-history":[{"count":1,"href":"https:\/\/jorgezanoni.com.br\/2019\/wp-json\/wp\/v2\/posts\/88401\/revisions"}],"predecessor-version":[{"id":88403,"href":"https:\/\/jorgezanoni.com.br\/2019\/wp-json\/wp\/v2\/posts\/88401\/revisions\/88403"}],"wp:featuredmedia":[{"embeddable":true,"href":"https:\/\/jorgezanoni.com.br\/2019\/wp-json\/wp\/v2\/media\/88402"}],"wp:attachment":[{"href":"https:\/\/jorgezanoni.com.br\/2019\/wp-json\/wp\/v2\/media?parent=88401"}],"wp:term":[{"taxonomy":"category","embeddable":true,"href":"https:\/\/jorgezanoni.com.br\/2019\/wp-json\/wp\/v2\/categories?post=88401"},{"taxonomy":"post_tag","embeddable":true,"href":"https:\/\/jorgezanoni.com.br\/2019\/wp-json\/wp\/v2\/tags?post=88401"}],"curies":[{"name":"wp","href":"https:\/\/api.w.org\/{rel}","templated":true}]}}