{"id":88386,"date":"2024-08-15T11:49:57","date_gmt":"2024-08-15T11:49:57","guid":{"rendered":"https:\/\/jorgezanoni.com.br\/2019\/?p=88386"},"modified":"2024-08-15T11:49:57","modified_gmt":"2024-08-15T11:49:57","slug":"policia-militar-age-rapidamente-e-prende-homem-em-flagrante-por-furto-de-fios-em-dracena","status":"publish","type":"post","link":"https:\/\/jorgezanoni.com.br\/2019\/policia-militar-age-rapidamente-e-prende-homem-em-flagrante-por-furto-de-fios-em-dracena\/","title":{"rendered":"Pol\u00edcia Militar age rapidamente e prende homem em flagrante por furto de fios em Dracena"},"content":{"rendered":"<p style=\"text-align: justify;\">Na data de ontem (14) por volta das 14h31min policiais militares do 25\u00ba Batalh\u00e3o de Pol\u00edcia Militar do Interior ap\u00f3s a not\u00edcia via COPOM que naquele exato momento estava acontecendo um furto pelo Parque S\u00e3o Carlos em Dracena, onde um homem, estaria furtando fios do padr\u00e3o de energia. Rapidamente a equipe policial deslocou ao local e visualizou o autor, na posse de um alicate, ainda tentando cortar os fios do padr\u00e3o de energia, e ao ver a equipe o autor (homem 36 anos), arremessou ao solo um dos fios que j\u00e1 havia subtra\u00eddo do local, e empreendeu fuga sendo alcan\u00e7ado logo em seguida pelos policiais militares e submetido a busca pessoal sendo encontrado um alicate na cor amarela, com o qual estava cortando os fios. Foi dado voz de pris\u00e3o em flagrante pelo crime de furto conduzido ao Plant\u00e3o de Pol\u00edcia Judici\u00e1ria permanecendo o autor a disposi\u00e7\u00e3o da Justi\u00e7a.<\/p>\n<p>Fonte: Com. Social Pol\u00edcia Militar<\/p>\n","protected":false},"excerpt":{"rendered":"<p>Na data de ontem (14) por volta das 14h31min policiais militares do 25\u00ba Batalh\u00e3o de Pol\u00edcia Militar do Interior ap\u00f3s a not\u00edcia via COPOM que naquele exato momento estava acontecendo um furto pelo Parque S\u00e3o Carlos em Dracena, onde um homem, estaria furtando fios do padr\u00e3o de energia. Rapidamente a equipe policial deslocou ao local [&hellip;]<\/p>\n","protected":false},"author":1,"featured_media":88387,"comment_status":"closed","ping_status":"open","sticky":false,"template":"","format":"standard","meta":{"footnotes":""},"categories":[110,2],"tags":[],"class_list":["post-88386","post","type-post","status-publish","format-standard","has-post-thumbnail","hentry","category-noticiasdestaque","category-policial"],"_links":{"self":[{"href":"https:\/\/jorgezanoni.com.br\/2019\/wp-json\/wp\/v2\/posts\/88386","targetHints":{"allow":["GET"]}}],"collection":[{"href":"https:\/\/jorgezanoni.com.br\/2019\/wp-json\/wp\/v2\/posts"}],"about":[{"href":"https:\/\/jorgezanoni.com.br\/2019\/wp-json\/wp\/v2\/types\/post"}],"author":[{"embeddable":true,"href":"https:\/\/jorgezanoni.com.br\/2019\/wp-json\/wp\/v2\/users\/1"}],"replies":[{"embeddable":true,"href":"https:\/\/jorgezanoni.com.br\/2019\/wp-json\/wp\/v2\/comments?post=88386"}],"version-history":[{"count":1,"href":"https:\/\/jorgezanoni.com.br\/2019\/wp-json\/wp\/v2\/posts\/88386\/revisions"}],"predecessor-version":[{"id":88388,"href":"https:\/\/jorgezanoni.com.br\/2019\/wp-json\/wp\/v2\/posts\/88386\/revisions\/88388"}],"wp:featuredmedia":[{"embeddable":true,"href":"https:\/\/jorgezanoni.com.br\/2019\/wp-json\/wp\/v2\/media\/88387"}],"wp:attachment":[{"href":"https:\/\/jorgezanoni.com.br\/2019\/wp-json\/wp\/v2\/media?parent=88386"}],"wp:term":[{"taxonomy":"category","embeddable":true,"href":"https:\/\/jorgezanoni.com.br\/2019\/wp-json\/wp\/v2\/categories?post=88386"},{"taxonomy":"post_tag","embeddable":true,"href":"https:\/\/jorgezanoni.com.br\/2019\/wp-json\/wp\/v2\/tags?post=88386"}],"curies":[{"name":"wp","href":"https:\/\/api.w.org\/{rel}","templated":true}]}}