{"id":88365,"date":"2024-08-14T01:04:33","date_gmt":"2024-08-14T01:04:33","guid":{"rendered":"https:\/\/jorgezanoni.com.br\/2019\/?p=88365"},"modified":"2024-08-14T01:04:33","modified_gmt":"2024-08-14T01:04:33","slug":"hugo-west-e-le-carre-condenado-sandalias-e-crime-por-sergio-barbosa","status":"publish","type":"post","link":"https:\/\/jorgezanoni.com.br\/2019\/hugo-west-e-le-carre-condenado-sandalias-e-crime-por-sergio-barbosa\/","title":{"rendered":"HUGO, WEST e LE CARR\u00c9: Condenado, sand\u00e1lias e crime&#8230; (por S\u00e9rgio Barbosa)"},"content":{"rendered":"<p style=\"text-align: justify;\"><strong>HUGO, WEST e LE CARR\u00c9: Condenado, sand\u00e1lias e crime&#8230;<\/strong><\/p>\n<p style=\"text-align: justify;\"><strong><em>\u201cComo um tempo de alegria, por tr\u00e1s do terror me acena,&#8230; E a noite carrega o dia, no seu colo de a\u00e7ucena&#8230; Sei que dois e dois s\u00e3o quatro, Sei que a vida vale a pena&#8230; mesmo que o p\u00e3o seja caro e a liberdade, pequena&#8230;\u201d (<\/em><\/strong><a href=\"https:\/\/www.pensador.com\/autor\/ferreira_gullar\/\"><strong><em>Ferreira Gullar<\/em><\/strong><\/a><strong><em>)<\/em><\/strong><strong><em>\u00a0<\/em><\/strong><\/p>\n<p style=\"text-align: justify;\"><strong>By seb@r.<\/strong><\/p>\n<p style=\"text-align: justify;\">Na REALIDADE, isso \u00e9, depende sempre de cada OLHAR sobre aquele mesmo OLHAR, ainda mais quando se trata de LEITURAS DISPERSAS e assim por diante&#8230;<\/p>\n<p style=\"text-align: justify;\">Portanto, quando aquele CONDENADO apareceu sem mais e com muito menos, tudo ficou como se fosse o \u00daLTIMO DIA daquele ano quando muitos foram enviados para a MORTE&#8230;<\/p>\n<p style=\"text-align: justify;\">Mesmo assim, sempre existe aquela falsa ESPERAN\u00c7A da reden\u00e7\u00e3o ou do PERD\u00c3O, todavia, apenas quem esteve naquele lado pode afirmar se a JUSTI\u00c7A prevaleceu acima de tudo para todos\/as&#8230;<\/p>\n<p style=\"text-align: justify;\">\u00a0Nestes DESENCONTROS mediados pela RELIGI\u00c3O, talvez existam muitas ESCOLHAS quando se trata deste ou daquele PODER que coloca acima do BEM e do MAL, tamb\u00e9m, do BOM ou do MAU&#8230;<\/p>\n<p style=\"text-align: justify;\">Todas as SAND\u00c1LIAS ficam sempre na espera dos respectivos DONOS, todavia, sempre existe uma em especial que pode fazer a diferen\u00e7a para muitas MEDIA\u00c7\u00d5ES em nome da F\u00c9&#8230;<\/p>\n<p style=\"text-align: justify;\">Tamb\u00e9m, n\u00e3o se pode deixar de lado aquele PESCADOR, afinal de contas o mesmo sabia disto e daquilo, haja vista o SOFRIMENTO que passou em nome do PODER que estava do seu lado em nome de DEUS&#8230;<\/p>\n<p style=\"text-align: justify;\">O debate sempre esteve por perto, por isso, quando os temas estavam do lado da RELIG\u00c3O, sempre poderia aparecer a CI\u00caNCIA para fazer o contraponto e tudo se perdia nas MASMORRAS de uma SOLID\u00c3O DIVINA&#8230;<\/p>\n<p style=\"text-align: justify;\">Neste CEN\u00c1RIO que estava al\u00e9m de uma simples ESCOLA ou COL\u00c9GIO, nestes ocasos, depende sempre do LUGAR que pode ser COMUM para todos\/as e nada se resolve por causa das escolhas de si mesmo\/a&#8230;<\/p>\n<p style=\"text-align: justify;\">Aqueles denominados CAVALHEIROS estavam apenas tentando levar suas coisas de um jeito mais do que casual, entretanto, ningu\u00e9m esperava pela VISITA que apareceu daquele outro lado e deu no que deu&#8230;<\/p>\n<p style=\"text-align: justify;\">Mesmo assim, o CRIME acabou acontecendo sem muitas considera\u00e7\u00f5es para os CAVALHEIROS, tamb\u00e9m, com tantas divaga\u00e7\u00f5es sobre aqueles momentos que n\u00e3o eram t\u00e3o SUBLIMES em um ambiente ACAD\u00caMICO&#8230;<\/p>\n<p style=\"text-align: justify;\">Essa UNI\u00c3O mais do que FRATERNAL entre o VICTOR que abra\u00e7ou o JOHN para estar mais pr\u00f3ximo do MORRIS, acabou de um jeito que os mesmos n\u00e3o estavam esperando&#8230;<\/p>\n<p style=\"text-align: justify;\">Por isso, talvez, aquilo, apenas VOC\u00ca vai pode saber se entrar neste JOGO LITER\u00c1RIO, tendo em vista que os DETALHES podem fazer a diferen\u00e7a entre esses AUTORES com seus PERSONAGENS&#8230;<\/p>\n<p style=\"text-align: justify;\">Tais possibilidades colocam qualquer DIA em estado de alerta para quem sempre usa e abusa das SAND\u00c1LIAS, bem como, buscando do seu jeito estar bem longe daquele CRIME que ocorreu naquele lugar perdido no tempo&#8230;<\/p>\n<p><img loading=\"lazy\" decoding=\"async\" class=\"alignnone size-full wp-image-88366\" src=\"https:\/\/jorgezanoni.com.br\/2019\/wp-content\/uploads\/2024\/08\/z-sergio-2-Pequeno.jpeg\" alt=\"\" width=\"360\" height=\"480\" srcset=\"https:\/\/jorgezanoni.com.br\/2019\/wp-content\/uploads\/2024\/08\/z-sergio-2-Pequeno.jpeg 360w, https:\/\/jorgezanoni.com.br\/2019\/wp-content\/uploads\/2024\/08\/z-sergio-2-Pequeno-225x300.jpeg 225w, https:\/\/jorgezanoni.com.br\/2019\/wp-content\/uploads\/2024\/08\/z-sergio-2-Pequeno-315x420.jpeg 315w\" sizes=\"auto, (max-width: 360px) 100vw, 360px\" \/> <img loading=\"lazy\" decoding=\"async\" class=\"alignnone size-full wp-image-88367\" src=\"https:\/\/jorgezanoni.com.br\/2019\/wp-content\/uploads\/2024\/08\/z-sergio-3-Pequeno.jpeg\" alt=\"\" width=\"360\" height=\"480\" srcset=\"https:\/\/jorgezanoni.com.br\/2019\/wp-content\/uploads\/2024\/08\/z-sergio-3-Pequeno.jpeg 360w, https:\/\/jorgezanoni.com.br\/2019\/wp-content\/uploads\/2024\/08\/z-sergio-3-Pequeno-225x300.jpeg 225w, https:\/\/jorgezanoni.com.br\/2019\/wp-content\/uploads\/2024\/08\/z-sergio-3-Pequeno-315x420.jpeg 315w\" sizes=\"auto, (max-width: 360px) 100vw, 360px\" \/> <img loading=\"lazy\" decoding=\"async\" class=\"alignnone size-full wp-image-88369\" src=\"https:\/\/jorgezanoni.com.br\/2019\/wp-content\/uploads\/2024\/08\/z-sergio1-Pequeno.jpeg\" alt=\"\" width=\"360\" height=\"480\" srcset=\"https:\/\/jorgezanoni.com.br\/2019\/wp-content\/uploads\/2024\/08\/z-sergio1-Pequeno.jpeg 360w, https:\/\/jorgezanoni.com.br\/2019\/wp-content\/uploads\/2024\/08\/z-sergio1-Pequeno-225x300.jpeg 225w, https:\/\/jorgezanoni.com.br\/2019\/wp-content\/uploads\/2024\/08\/z-sergio1-Pequeno-315x420.jpeg 315w\" sizes=\"auto, (max-width: 360px) 100vw, 360px\" \/><\/p>\n<p><strong>e-mail: <\/strong><a href=\"mailto:barbosa.sebar@gmail.com\"><strong>barbosa.sebar@gmail.com<\/strong><\/a><\/p>\n<p>&nbsp;<\/p>\n","protected":false},"excerpt":{"rendered":"<p>HUGO, WEST e LE CARR\u00c9: Condenado, sand\u00e1lias e crime&#8230; \u201cComo um tempo de alegria, por tr\u00e1s do terror me acena,&#8230; E a noite carrega o dia, no seu colo de a\u00e7ucena&#8230; Sei que dois e dois s\u00e3o quatro, Sei que a vida vale a pena&#8230; mesmo que o p\u00e3o seja caro e a liberdade, pequena&#8230;\u201d [&hellip;]<\/p>\n","protected":false},"author":1,"featured_media":88368,"comment_status":"closed","ping_status":"open","sticky":false,"template":"","format":"standard","meta":{"footnotes":""},"categories":[175],"tags":[],"class_list":["post-88365","post","type-post","status-publish","format-standard","has-post-thumbnail","hentry","category-artigos"],"_links":{"self":[{"href":"https:\/\/jorgezanoni.com.br\/2019\/wp-json\/wp\/v2\/posts\/88365","targetHints":{"allow":["GET"]}}],"collection":[{"href":"https:\/\/jorgezanoni.com.br\/2019\/wp-json\/wp\/v2\/posts"}],"about":[{"href":"https:\/\/jorgezanoni.com.br\/2019\/wp-json\/wp\/v2\/types\/post"}],"author":[{"embeddable":true,"href":"https:\/\/jorgezanoni.com.br\/2019\/wp-json\/wp\/v2\/users\/1"}],"replies":[{"embeddable":true,"href":"https:\/\/jorgezanoni.com.br\/2019\/wp-json\/wp\/v2\/comments?post=88365"}],"version-history":[{"count":1,"href":"https:\/\/jorgezanoni.com.br\/2019\/wp-json\/wp\/v2\/posts\/88365\/revisions"}],"predecessor-version":[{"id":88370,"href":"https:\/\/jorgezanoni.com.br\/2019\/wp-json\/wp\/v2\/posts\/88365\/revisions\/88370"}],"wp:featuredmedia":[{"embeddable":true,"href":"https:\/\/jorgezanoni.com.br\/2019\/wp-json\/wp\/v2\/media\/88368"}],"wp:attachment":[{"href":"https:\/\/jorgezanoni.com.br\/2019\/wp-json\/wp\/v2\/media?parent=88365"}],"wp:term":[{"taxonomy":"category","embeddable":true,"href":"https:\/\/jorgezanoni.com.br\/2019\/wp-json\/wp\/v2\/categories?post=88365"},{"taxonomy":"post_tag","embeddable":true,"href":"https:\/\/jorgezanoni.com.br\/2019\/wp-json\/wp\/v2\/tags?post=88365"}],"curies":[{"name":"wp","href":"https:\/\/api.w.org\/{rel}","templated":true}]}}