{"id":88320,"date":"2024-08-10T22:40:01","date_gmt":"2024-08-10T22:40:01","guid":{"rendered":"https:\/\/jorgezanoni.com.br\/2019\/?p=88320"},"modified":"2024-08-11T12:25:08","modified_gmt":"2024-08-11T12:25:08","slug":"homenagem-do-site-jz-hoje-e-comemorado-o-dia-dos-pais","status":"publish","type":"post","link":"https:\/\/jorgezanoni.com.br\/2019\/homenagem-do-site-jz-hoje-e-comemorado-o-dia-dos-pais\/","title":{"rendered":"Homenagem do SITE JZ: Hoje \u00e9 comemorado o &#8220;Dia dos Pais&#8221;"},"content":{"rendered":"<p style=\"text-align: justify;\"><b>Dia do Pai<\/b>\u00a0(Portugal) ou\u00a0<b>Dia dos Pais<\/b>\u00a0(Brasil) \u00e9 uma\u00a0<a class=\"mw-redirect\" title=\"Data comemorativa\" href=\"https:\/\/pt.wikipedia.org\/wiki\/Data_comemorativa\">data comemorativa<\/a>\u00a0que homenageia anualmente os pais. A data varia de acordo com os pa\u00edses. Em\u00a0<a title=\"Portugal\" href=\"https:\/\/pt.wikipedia.org\/wiki\/Portugal\">Portugal<\/a>\u00a0\u00e9 celebrada no dia 19 de mar\u00e7o, enquanto no\u00a0<a title=\"Brasil\" href=\"https:\/\/pt.wikipedia.org\/wiki\/Brasil\">Brasil<\/a>\u00a0\u00e9 celebrado no segundo domingo de agosto. Nos Estados Unidos e Inglaterra \u00e9 celebrado no terceiro domingo de junho, nos pa\u00edses ocidentais geralmente coincide com o dia Crist\u00e3o em que se comemora o dia de\u00a0<a title=\"S\u00e3o Jos\u00e9\" href=\"https:\/\/pt.wikipedia.org\/wiki\/S%C3%A3o_Jos%C3%A9\">S\u00e3o Jos\u00e9<\/a>, pai adoptivo de\u00a0<a class=\"mw-redirect\" title=\"Jesus Cristo\" href=\"https:\/\/pt.wikipedia.org\/wiki\/Jesus_Cristo\">Jesus Cristo<\/a>.<\/p>\n<div class=\"mw-heading mw-heading2\" style=\"text-align: justify;\">\n<h2 id=\"Hist\u00f3ria\"><span id=\"Hist.C3.B3ria\"><\/span>Hist\u00f3ria<\/h2>\n<\/div>\n<figure class=\"mw-halign-right\" style=\"text-align: justify;\"><a class=\"mw-file-description\" href=\"https:\/\/pt.wikipedia.org\/wiki\/Ficheiro:Josephus_Laurentius_Dyckmans_-_Paternal_advice.jpg\"><img loading=\"lazy\" decoding=\"async\" class=\"mw-file-element\" src=\"https:\/\/upload.wikimedia.org\/wikipedia\/commons\/thumb\/e\/ed\/Josephus_Laurentius_Dyckmans_-_Paternal_advice.jpg\/250px-Josephus_Laurentius_Dyckmans_-_Paternal_advice.jpg\" srcset=\"\/\/upload.wikimedia.org\/wikipedia\/commons\/thumb\/e\/ed\/Josephus_Laurentius_Dyckmans_-_Paternal_advice.jpg\/375px-Josephus_Laurentius_Dyckmans_-_Paternal_advice.jpg 1.5x, \/\/upload.wikimedia.org\/wikipedia\/commons\/thumb\/e\/ed\/Josephus_Laurentius_Dyckmans_-_Paternal_advice.jpg\/500px-Josephus_Laurentius_Dyckmans_-_Paternal_advice.jpg 2x\" width=\"250\" height=\"313\" data-file-width=\"811\" data-file-height=\"1015\" \/><\/a><figcaption>Conselho paternal por Josephus Laurentius<\/figcaption><\/figure>\n<p style=\"text-align: justify;\">Credita-se a cria\u00e7\u00e3o da data a uma americana chamada Sonora Smart Dodd de Spokane,\u00a0<a class=\"mw-redirect\" title=\"Washington\" href=\"https:\/\/pt.wikipedia.org\/wiki\/Washington\">Washington<\/a>\u00a0por volta de 1909. Tal ideia teria surgido enquanto ouvia um serm\u00e3o no feriado do Dia das M\u00e3es com o intuito de homenagear o seu pai. O presidente dos EUA,\u00a0<a title=\"Calvin Coolidge\" href=\"https:\/\/pt.wikipedia.org\/wiki\/Calvin_Coolidge\">Calvin Coolidge<\/a>, deu seu apoio p\u00fablico ao Dia dos Pais em 1924, por\u00e9m, somente em 1972 o ent\u00e3o presidente\u00a0<a title=\"Richard Nixon\" href=\"https:\/\/pt.wikipedia.org\/wiki\/Richard_Nixon\">Richard Nixon<\/a>, estabeleceu-o como feriado nacional.<sup id=\"cite_ref-1\" class=\"reference\"><a href=\"https:\/\/pt.wikipedia.org\/wiki\/Dia_dos_Pais#cite_note-1\">[1]<\/a><\/sup><\/p>\n<p style=\"text-align: justify;\">No\u00a0<a title=\"Brasil\" href=\"https:\/\/pt.wikipedia.org\/wiki\/Brasil\">Brasil<\/a>, \u00e9 comemorado no segundo domingo do m\u00eas de agosto. No pa\u00eds a implementa\u00e7\u00e3o da data \u00e9 atribu\u00edda ao\u00a0<a title=\"Publicit\u00e1rio\" href=\"https:\/\/pt.wikipedia.org\/wiki\/Publicit%C3%A1rio\">publicit\u00e1rio<\/a>\u00a0Sylvio Bhering, Diretor do jornal\u00a0<i><a title=\"O Globo\" href=\"https:\/\/pt.wikipedia.org\/wiki\/O_Globo\">O Globo<\/a><\/i>\u00a0e da R\u00e1dio Globo, com o prop\u00f3sito de atrair an\u00fancios de produtos que poderiam ser dados de presente.<sup id=\"cite_ref-mundoeducacao.uol.com.br_2-0\" class=\"reference\"><a href=\"https:\/\/pt.wikipedia.org\/wiki\/Dia_dos_Pais#cite_note-mundoeducacao.uol.com.br-2\">[2]<\/a><\/sup>\u00a0A data escolhida foi o dia de\u00a0<a class=\"mw-redirect\" title=\"S\u00e3o Joaquim\" href=\"https:\/\/pt.wikipedia.org\/wiki\/S%C3%A3o_Joaquim\">S\u00e3o Joaquim<\/a>, pai da\u00a0<a class=\"mw-redirect\" title=\"Virgem Maria\" href=\"https:\/\/pt.wikipedia.org\/wiki\/Virgem_Maria\">Virgem Maria<\/a>, sendo festejada pela primeira vez no dia 16 de agosto de 1953.<sup id=\"cite_ref-3\" class=\"reference\"><a href=\"https:\/\/pt.wikipedia.org\/wiki\/Dia_dos_Pais#cite_note-3\">[3]<\/a><\/sup><\/p>\n<p style=\"text-align: justify;\">Na\u00a0<a title=\"Tradi\u00e7\u00e3o\" href=\"https:\/\/pt.wikipedia.org\/wiki\/Tradi%C3%A7%C3%A3o\">tradi\u00e7\u00e3o<\/a>\u00a0antiga diz-se que a data teria se originado na\u00a0<a class=\"mw-redirect\" title=\"Babil\u00f4nia\" href=\"https:\/\/pt.wikipedia.org\/wiki\/Babil%C3%B4nia\">Babil\u00f4nia<\/a>\u00a0h\u00e1 mais de quatro mil anos. Segundo os relatos, o jovem Elmesu, filho do rei\u00a0<a class=\"mw-disambig\" title=\"Nabucodonosor\" href=\"https:\/\/pt.wikipedia.org\/wiki\/Nabucodonosor\">Nabucodonosor<\/a>, teria moldado em\u00a0<a title=\"Argila\" href=\"https:\/\/pt.wikipedia.org\/wiki\/Argila\">argila<\/a>\u00a0o primeiro\u00a0<a class=\"mw-disambig\" title=\"Cart\u00e3o\" href=\"https:\/\/pt.wikipedia.org\/wiki\/Cart%C3%A3o\">cart\u00e3o<\/a>\u00a0do Dia dos Pais. A partir da\u00ed, a data teria se tornado uma festa nacional.<sup id=\"cite_ref-mundoeducacao.uol.com.br_2-1\" class=\"reference\"><a href=\"https:\/\/pt.wikipedia.org\/wiki\/Dia_dos_Pais#cite_note-mundoeducacao.uol.com.br-2\">[2]<\/a><\/sup><\/p>\n<div class=\"mw-heading mw-heading3\" style=\"text-align: justify;\">\n<h3 id=\"Pa\u00edses_que_celebram_no_terceiro_domingo_de_junho\"><span id=\"Pa.C3.ADses_que_celebram_no_terceiro_domingo_de_junho\"><\/span>Pa\u00edses que celebram no terceiro domingo de junho<\/h3>\n<\/div>\n<div style=\"text-align: justify;\">\n<ul>\n<li><a title=\"Afeganist\u00e3o\" href=\"https:\/\/pt.wikipedia.org\/wiki\/Afeganist%C3%A3o\">Afeganist\u00e3o<\/a><\/li>\n<li><a title=\"\u00c1frica do Sul\" href=\"https:\/\/pt.wikipedia.org\/wiki\/%C3%81frica_do_Sul\">\u00c1frica do Sul<\/a><\/li>\n<li><a class=\"mw-redirect\" title=\"Albania\" href=\"https:\/\/pt.wikipedia.org\/wiki\/Albania\">Albania<\/a><\/li>\n<li><a title=\"Argentina\" href=\"https:\/\/pt.wikipedia.org\/wiki\/Argentina\">Argentina<\/a><\/li>\n<li><a title=\"Aruba\" href=\"https:\/\/pt.wikipedia.org\/wiki\/Aruba\">Aruba<\/a><\/li>\n<li><a title=\"Bahamas\" href=\"https:\/\/pt.wikipedia.org\/wiki\/Bahamas\">Bahamas<\/a><\/li>\n<li><a title=\"Bahrein\" href=\"https:\/\/pt.wikipedia.org\/wiki\/Bahrein\">Bahrein<\/a><\/li>\n<li><a title=\"Bangladesh\" href=\"https:\/\/pt.wikipedia.org\/wiki\/Bangladesh\">Bangladesh<\/a><\/li>\n<li><a title=\"Barbados\" href=\"https:\/\/pt.wikipedia.org\/wiki\/Barbados\">Barbados<\/a><\/li>\n<li><a title=\"Belize\" href=\"https:\/\/pt.wikipedia.org\/wiki\/Belize\">Belize<\/a><\/li>\n<li><a class=\"mw-redirect\" title=\"Bermuda\" href=\"https:\/\/pt.wikipedia.org\/wiki\/Bermuda\">Bermuda<\/a><\/li>\n<li><a title=\"Canad\u00e1\" href=\"https:\/\/pt.wikipedia.org\/wiki\/Canad%C3%A1\">Canad\u00e1<\/a><\/li>\n<li><a title=\"Catar\" href=\"https:\/\/pt.wikipedia.org\/wiki\/Catar\">Catar<\/a><\/li>\n<li><a title=\"Chile\" href=\"https:\/\/pt.wikipedia.org\/wiki\/Chile\">Chile<\/a><\/li>\n<li><a title=\"Col\u00f4mbia\" href=\"https:\/\/pt.wikipedia.org\/wiki\/Col%C3%B4mbia\">Col\u00f4mbia<\/a><\/li>\n<li><a title=\"Costa Rica\" href=\"https:\/\/pt.wikipedia.org\/wiki\/Costa_Rica\">Costa Rica<\/a><\/li>\n<li><a class=\"mw-redirect\" title=\"Cura\u00e7ao\" href=\"https:\/\/pt.wikipedia.org\/wiki\/Cura%C3%A7ao\">Cura\u00e7ao<\/a><\/li>\n<li><a title=\"Cuba\" href=\"https:\/\/pt.wikipedia.org\/wiki\/Cuba\">Cuba<\/a><\/li>\n<li><a title=\"Equador\" href=\"https:\/\/pt.wikipedia.org\/wiki\/Equador\">Equador<\/a><\/li>\n<li><a title=\"Eslov\u00e1quia\" href=\"https:\/\/pt.wikipedia.org\/wiki\/Eslov%C3%A1quia\">Eslov\u00e1quia<\/a><\/li>\n<li><a title=\"Estados Unidos\" href=\"https:\/\/pt.wikipedia.org\/wiki\/Estados_Unidos\">Estados Unidos<\/a><\/li>\n<li><a title=\"Filipinas\" href=\"https:\/\/pt.wikipedia.org\/wiki\/Filipinas\">Filipinas<\/a><\/li>\n<li><a title=\"Fran\u00e7a\" href=\"https:\/\/pt.wikipedia.org\/wiki\/Fran%C3%A7a\">Fran\u00e7a<\/a><\/li>\n<li><a title=\"\u00cdndia\" href=\"https:\/\/pt.wikipedia.org\/wiki\/%C3%8Dndia\">\u00cdndia<\/a><\/li>\n<li><a class=\"mw-redirect\" title=\"Rep\u00fablica da Irlanda\" href=\"https:\/\/pt.wikipedia.org\/wiki\/Rep%C3%BAblica_da_Irlanda\">Irlanda<\/a><\/li>\n<li><a title=\"Jap\u00e3o\" href=\"https:\/\/pt.wikipedia.org\/wiki\/Jap%C3%A3o\">Jap\u00e3o<\/a><\/li>\n<li><a title=\"Macau\" href=\"https:\/\/pt.wikipedia.org\/wiki\/Macau\">Macau<\/a><\/li>\n<li><a title=\"Mal\u00e1sia\" href=\"https:\/\/pt.wikipedia.org\/wiki\/Mal%C3%A1sia\">Mal\u00e1sia<\/a><\/li>\n<li><a title=\"Malta\" href=\"https:\/\/pt.wikipedia.org\/wiki\/Malta\">Malta<\/a><\/li>\n<li><a title=\"M\u00e9xico\" href=\"https:\/\/pt.wikipedia.org\/wiki\/M%C3%A9xico\">M\u00e9xico<\/a><\/li>\n<li><a title=\"Pa\u00edses Baixos\" href=\"https:\/\/pt.wikipedia.org\/wiki\/Pa%C3%ADses_Baixos\">Pa\u00edses Baixos<\/a><\/li>\n<li><a title=\"Paraguai\" href=\"https:\/\/pt.wikipedia.org\/wiki\/Paraguai\">Paraguai<\/a><\/li>\n<li><a title=\"Peru\" href=\"https:\/\/pt.wikipedia.org\/wiki\/Peru\">Peru<\/a><\/li>\n<li><a title=\"Reino Unido\" href=\"https:\/\/pt.wikipedia.org\/wiki\/Reino_Unido\">Reino Unido<\/a><\/li>\n<li><a title=\"Singapura\" href=\"https:\/\/pt.wikipedia.org\/wiki\/Singapura\">Singapura<\/a><\/li>\n<li><a title=\"Turquia\" href=\"https:\/\/pt.wikipedia.org\/wiki\/Turquia\">Turquia<\/a><\/li>\n<li><a title=\"Venezuela\" href=\"https:\/\/pt.wikipedia.org\/wiki\/Venezuela\">Venezuela<\/a><\/li>\n<\/ul>\n<\/div>\n<div class=\"mw-heading mw-heading3\" style=\"text-align: justify;\">\n<h3 id=\"Pa\u00edses_que_celebram_em_outras_datas\"><span id=\"Pa.C3.ADses_que_celebram_em_outras_datas\"><\/span>Pa\u00edses que celebram em outras datas<\/h3>\n<\/div>\n<div>\n<ul>\n<li style=\"text-align: justify;\"><a title=\"Alemanha\" href=\"https:\/\/pt.wikipedia.org\/wiki\/Alemanha\">Alemanha<\/a>: 39 dias depois do domingo de P\u00e1scoa, no Dia da Ascens\u00e3o (Christi Himmelsfahrt)<\/li>\n<li style=\"text-align: justify;\"><a title=\"\u00c1ustria\" href=\"https:\/\/pt.wikipedia.org\/wiki\/%C3%81ustria\">\u00c1ustria<\/a>: segundo domingo de junho<\/li>\n<li style=\"text-align: justify;\"><a title=\"Austr\u00e1lia\" href=\"https:\/\/pt.wikipedia.org\/wiki\/Austr%C3%A1lia\">Austr\u00e1lia<\/a>: o primeiro domingo em setembro<\/li>\n<li style=\"text-align: justify;\"><a title=\"B\u00e9lgica\" href=\"https:\/\/pt.wikipedia.org\/wiki\/B%C3%A9lgica\">B\u00e9lgica<\/a>: dia de S\u00e3o Jos\u00e9 (<a title=\"19 de mar\u00e7o\" href=\"https:\/\/pt.wikipedia.org\/wiki\/19_de_mar%C3%A7o\">19 de mar\u00e7o<\/a>), e o segundo domingo em Junho (&#8220;Secular&#8221;)<\/li>\n<li style=\"text-align: justify;\"><a title=\"Brasil\" href=\"https:\/\/pt.wikipedia.org\/wiki\/Brasil\">Brasil<\/a>: segundo domingo de agosto<\/li>\n<li style=\"text-align: justify;\"><a title=\"Bulg\u00e1ria\" href=\"https:\/\/pt.wikipedia.org\/wiki\/Bulg%C3%A1ria\">Bulg\u00e1ria<\/a>:\u00a0<a title=\"20 de junho\" href=\"https:\/\/pt.wikipedia.org\/wiki\/20_de_junho\">20 de junho<\/a><\/li>\n<li style=\"text-align: justify;\"><a title=\"Dinamarca\" href=\"https:\/\/pt.wikipedia.org\/wiki\/Dinamarca\">Dinamarca<\/a>:\u00a0<a title=\"5 de junho\" href=\"https:\/\/pt.wikipedia.org\/wiki\/5_de_junho\">5 de junho<\/a><\/li>\n<li style=\"text-align: justify;\"><a title=\"Rep\u00fablica Dominicana\" href=\"https:\/\/pt.wikipedia.org\/wiki\/Rep%C3%BAblica_Dominicana\">Rep\u00fablica Dominicana<\/a>: \u00faltimo domingo de junho<\/li>\n<li style=\"text-align: justify;\"><a title=\"Coreia do Sul\" href=\"https:\/\/pt.wikipedia.org\/wiki\/Coreia_do_Sul\">Coreia do Sul<\/a>:\u00a0<a title=\"8 de maio\" href=\"https:\/\/pt.wikipedia.org\/wiki\/8_de_maio\">8 de maio<\/a><\/li>\n<li style=\"text-align: justify;\"><a title=\"Litu\u00e2nia\" href=\"https:\/\/pt.wikipedia.org\/wiki\/Litu%C3%A2nia\">Litu\u00e2nia<\/a>: o primeiro domingo de junho<\/li>\n<li style=\"text-align: justify;\"><a title=\"Nova Zel\u00e2ndia\" href=\"https:\/\/pt.wikipedia.org\/wiki\/Nova_Zel%C3%A2ndia\">Nova Zel\u00e2ndia<\/a>: o primeiro domingo de setembro<\/li>\n<li style=\"text-align: justify;\"><a title=\"Noruega\" href=\"https:\/\/pt.wikipedia.org\/wiki\/Noruega\">Noruega<\/a>,\u00a0<a title=\"Su\u00e9cia\" href=\"https:\/\/pt.wikipedia.org\/wiki\/Su%C3%A9cia\">Su\u00e9cia<\/a>,\u00a0<a title=\"Finl\u00e2ndia\" href=\"https:\/\/pt.wikipedia.org\/wiki\/Finl%C3%A2ndia\">Finl\u00e2ndia<\/a>,\u00a0<a class=\"mw-redirect\" title=\"Est\u00f4nia\" href=\"https:\/\/pt.wikipedia.org\/wiki\/Est%C3%B4nia\">Est\u00f4nia<\/a>: segundo domingo de novembro<\/li>\n<li style=\"text-align: justify;\"><a class=\"mw-redirect\" title=\"Pol\u00f4nia\" href=\"https:\/\/pt.wikipedia.org\/wiki\/Pol%C3%B4nia\">Pol\u00f4nia<\/a>:\u00a0<a title=\"23 de junho\" href=\"https:\/\/pt.wikipedia.org\/wiki\/23_de_junho\">23 de junho<\/a><\/li>\n<li style=\"text-align: justify;\"><a title=\"Portugal\" href=\"https:\/\/pt.wikipedia.org\/wiki\/Portugal\">Portugal<\/a>,\u00a0<a title=\"Angola\" href=\"https:\/\/pt.wikipedia.org\/wiki\/Angola\">Angola<\/a>,\u00a0<a title=\"Espanha\" href=\"https:\/\/pt.wikipedia.org\/wiki\/Espanha\">Espanha<\/a>,\u00a0<a title=\"It\u00e1lia\" href=\"https:\/\/pt.wikipedia.org\/wiki\/It%C3%A1lia\">It\u00e1lia<\/a>,\u00a0<a title=\"Su\u00ed\u00e7a italiana\" href=\"https:\/\/pt.wikipedia.org\/wiki\/Su%C3%AD%C3%A7a_italiana\">Su\u00ed\u00e7a italiana<\/a>,\u00a0<a title=\"Cabo Verde\" href=\"https:\/\/pt.wikipedia.org\/wiki\/Cabo_Verde\">Cabo Verde<\/a>,\u00a0<a title=\"Andorra\" href=\"https:\/\/pt.wikipedia.org\/wiki\/Andorra\">Andorra<\/a>,\u00a0<a title=\"Mo\u00e7ambique\" href=\"https:\/\/pt.wikipedia.org\/wiki\/Mo%C3%A7ambique\">Mo\u00e7ambique<\/a>,\u00a0<a class=\"mw-redirect\" title=\"Listenstaine\" href=\"https:\/\/pt.wikipedia.org\/wiki\/Listenstaine\">Listenstaine<\/a>,\u00a0<a title=\"Guin\u00e9-Bissau\" href=\"https:\/\/pt.wikipedia.org\/wiki\/Guin%C3%A9-Bissau\">Guin\u00e9-Bissau<\/a>,\u00a0<a title=\"Bol\u00edvia\" href=\"https:\/\/pt.wikipedia.org\/wiki\/Bol%C3%ADvia\">Bol\u00edvia<\/a>,\u00a0<a title=\"S\u00e3o Tom\u00e9 e Pr\u00edncipe\" href=\"https:\/\/pt.wikipedia.org\/wiki\/S%C3%A3o_Tom%C3%A9_e_Pr%C3%ADncipe\">S\u00e3o Tom\u00e9 e Pr\u00edncipe<\/a>:\u00a0<a title=\"19 de mar\u00e7o\" href=\"https:\/\/pt.wikipedia.org\/wiki\/19_de_mar%C3%A7o\">19 de mar\u00e7o<\/a><\/li>\n<li style=\"text-align: justify;\"><a class=\"mw-redirect\" title=\"Rom\u00e9nia\" href=\"https:\/\/pt.wikipedia.org\/wiki\/Rom%C3%A9nia\">Rom\u00e9nia<\/a>, segundo domingo de Maio<\/li>\n<li style=\"text-align: justify;\"><a title=\"R\u00fassia\" href=\"https:\/\/pt.wikipedia.org\/wiki\/R%C3%BAssia\">R\u00fassia<\/a>:\u00a0<a title=\"23 de fevereiro\" href=\"https:\/\/pt.wikipedia.org\/wiki\/23_de_fevereiro\">23 de fevereiro<\/a><\/li>\n<li style=\"text-align: justify;\"><a title=\"Tail\u00e2ndia\" href=\"https:\/\/pt.wikipedia.org\/wiki\/Tail%C3%A2ndia\">Tail\u00e2ndia<\/a>:\u00a0<a title=\"5 de dezembro\" href=\"https:\/\/pt.wikipedia.org\/wiki\/5_de_dezembro\">5 de dezembro<\/a>, dia do nascimento do rei\u00a0<a title=\"Bhumibol Adulyadej\" href=\"https:\/\/pt.wikipedia.org\/wiki\/Bhumibol_Adulyadej\">Bhumibol Adulyadej<\/a><\/li>\n<li style=\"text-align: justify;\"><a class=\"mw-redirect\" title=\"Rep\u00fablica da China\" href=\"https:\/\/pt.wikipedia.org\/wiki\/Rep%C3%BAblica_da_China\">Taiwan<\/a>:\u00a0<a title=\"8 de agosto\" href=\"https:\/\/pt.wikipedia.org\/wiki\/8_de_agosto\">8 de agosto<\/a><\/li>\n<\/ul>\n<p>Fonte: https:\/\/pt.wikipedia.org\/wiki\/Dia_dos_Pais<\/p>\n<\/div>\n","protected":false},"excerpt":{"rendered":"<p>Dia do Pai\u00a0(Portugal) ou\u00a0Dia dos Pais\u00a0(Brasil) \u00e9 uma\u00a0data comemorativa\u00a0que homenageia anualmente os pais. A data varia de acordo com os pa\u00edses. Em\u00a0Portugal\u00a0\u00e9 celebrada no dia 19 de mar\u00e7o, enquanto no\u00a0Brasil\u00a0\u00e9 celebrado no segundo domingo de agosto. Nos Estados Unidos e Inglaterra \u00e9 celebrado no terceiro domingo de junho, nos pa\u00edses ocidentais geralmente coincide com o [&hellip;]<\/p>\n","protected":false},"author":1,"featured_media":88321,"comment_status":"closed","ping_status":"open","sticky":false,"template":"","format":"standard","meta":{"footnotes":""},"categories":[114,110],"tags":[],"class_list":["post-88320","post","type-post","status-publish","format-standard","has-post-thumbnail","hentry","category-geralecomercio","category-noticiasdestaque"],"_links":{"self":[{"href":"https:\/\/jorgezanoni.com.br\/2019\/wp-json\/wp\/v2\/posts\/88320","targetHints":{"allow":["GET"]}}],"collection":[{"href":"https:\/\/jorgezanoni.com.br\/2019\/wp-json\/wp\/v2\/posts"}],"about":[{"href":"https:\/\/jorgezanoni.com.br\/2019\/wp-json\/wp\/v2\/types\/post"}],"author":[{"embeddable":true,"href":"https:\/\/jorgezanoni.com.br\/2019\/wp-json\/wp\/v2\/users\/1"}],"replies":[{"embeddable":true,"href":"https:\/\/jorgezanoni.com.br\/2019\/wp-json\/wp\/v2\/comments?post=88320"}],"version-history":[{"count":1,"href":"https:\/\/jorgezanoni.com.br\/2019\/wp-json\/wp\/v2\/posts\/88320\/revisions"}],"predecessor-version":[{"id":88322,"href":"https:\/\/jorgezanoni.com.br\/2019\/wp-json\/wp\/v2\/posts\/88320\/revisions\/88322"}],"wp:featuredmedia":[{"embeddable":true,"href":"https:\/\/jorgezanoni.com.br\/2019\/wp-json\/wp\/v2\/media\/88321"}],"wp:attachment":[{"href":"https:\/\/jorgezanoni.com.br\/2019\/wp-json\/wp\/v2\/media?parent=88320"}],"wp:term":[{"taxonomy":"category","embeddable":true,"href":"https:\/\/jorgezanoni.com.br\/2019\/wp-json\/wp\/v2\/categories?post=88320"},{"taxonomy":"post_tag","embeddable":true,"href":"https:\/\/jorgezanoni.com.br\/2019\/wp-json\/wp\/v2\/tags?post=88320"}],"curies":[{"name":"wp","href":"https:\/\/api.w.org\/{rel}","templated":true}]}}