{"id":8830,"date":"2019-10-15T01:13:56","date_gmt":"2019-10-15T01:13:56","guid":{"rendered":"https:\/\/jorgezanoni.com.br\/2019\/?p=8830"},"modified":"2019-10-15T01:13:56","modified_gmt":"2019-10-15T01:13:56","slug":"idoso-de-91-anos-e-preso-em-flagrante-por-importunacao-sexual-em-restaurante-em-presidente-prudente","status":"publish","type":"post","link":"https:\/\/jorgezanoni.com.br\/2019\/idoso-de-91-anos-e-preso-em-flagrante-por-importunacao-sexual-em-restaurante-em-presidente-prudente\/","title":{"rendered":"Idoso de 91 anos \u00e9 preso em flagrante por importuna\u00e7\u00e3o sexual em restaurante em Presidente Prudente"},"content":{"rendered":"<h2 class=\"content-head__subtitle\" style=\"text-align: justify;\"><strong>Mo\u00e7a, de 21 anos, afirmou que o homem teria passado a m\u00e3o em sua n\u00e1dega dentro do estabelecimento comercial, na Vila Nova, na tarde desta segunda-feira (14).<\/strong><\/h2>\n<div class=\"mc-column content-text active-extra-styles \" data-block-type=\"unstyled\" data-block-weight=\"24\" data-block-id=\"2\">\n<p class=\"content-text__container \" style=\"text-align: justify;\" data-track-category=\"Link no Texto\" data-track-links=\"\">Um homem de 91 anos foi preso em flagrante por importuna\u00e7\u00e3o sexual, na tarde desta segunda-feira (14), na Vila Nova, em\u00a0<a href=\"https:\/\/g1.globo.com\/sp\/presidente-prudente-regiao\/cidade\/presidente-prudente\/\">Presidente Prudente (SP)<\/a>.<\/p>\n<\/div>\n<div class=\"wall protected-content\">\n<div class=\"mc-column content-text active-extra-styles \" style=\"text-align: justify;\" data-block-type=\"unstyled\" data-block-weight=\"34\" data-block-id=\"3\">\n<p class=\"content-text__container \" data-track-category=\"Link no Texto\" data-track-links=\"\">De acordo com as informa\u00e7\u00f5es do Boletim de Ocorr\u00eancia registrado na Delegacia Participativa da Pol\u00edcia Civil, o idoso teria passado a m\u00e3o na n\u00e1dega de uma mo\u00e7a, de 21 anos, dentro de um restaurante.<\/p>\n<\/div>\n<div class=\"mc-column content-text active-extra-styles \" style=\"text-align: justify;\" data-block-type=\"unstyled\" data-block-weight=\"45\" data-block-id=\"4\">\n<p class=\"content-text__container \" data-track-category=\"Link no Texto\" data-track-links=\"\">Acionados pelo Centro de Opera\u00e7\u00f5es da Pol\u00edcia Militar (Copom) para o atendimento de uma ocorr\u00eancia de \u201catentado ofensivo ao pudor\u201d, policiais militares compareceram ao restaurante e no local mantiveram contato com a v\u00edtima, que relatou que um senhor teria passado a m\u00e3o em sua n\u00e1dega.<\/p>\n<\/div>\n<div class=\"mc-column content-text active-extra-styles \" style=\"text-align: justify;\" data-block-type=\"unstyled\" data-block-weight=\"32\" data-block-id=\"5\">\n<p class=\"content-text__container \" data-track-category=\"Link no Texto\" data-track-links=\"\">Diante da narrativa da jovem, os policiais tamb\u00e9m mantiveram contato com o idoso e ele negou os fatos, alegando que somente tinha passado perto da v\u00edtima e nem havia esbarrado na mo\u00e7a.<\/p>\n<\/div>\n<div class=\"mc-column content-text active-extra-styles \" style=\"text-align: justify;\" data-block-type=\"unstyled\" data-block-weight=\"16\" data-block-id=\"6\">\n<p class=\"content-text__container \" data-track-category=\"Link no Texto\" data-track-links=\"\">Os militares tentaram identificar alguma testemunha, mas ningu\u00e9m se apresentou para dizer se tinha presenciado algo.<\/p>\n<\/div>\n<div class=\"mc-column content-text active-extra-styles \" style=\"text-align: justify;\" data-block-type=\"unstyled\" data-block-weight=\"23\" data-block-id=\"7\">\n<p class=\"content-text__container \" data-track-category=\"Link no Texto\" data-track-links=\"\">Segundo o Boletim de Ocorr\u00eancia, o dono do restaurante disse que o idoso costuma frequentar o local e nunca tinha dado problema antes.<\/p>\n<\/div>\n<div class=\"mc-column content-text active-extra-styles \" style=\"text-align: justify;\" data-block-type=\"unstyled\" data-block-weight=\"10\" data-block-id=\"8\">\n<p class=\"content-text__container \" data-track-category=\"Link no Texto\" data-track-links=\"\">No estabelecimento comercial, n\u00e3o existem c\u00e2meras de monitoramento de seguran\u00e7a.<\/p>\n<\/div>\n<div class=\"mc-column content-text active-extra-styles \" style=\"text-align: justify;\" data-block-type=\"unstyled\" data-block-weight=\"34\" data-block-id=\"9\">\n<p class=\"content-text__container \" data-track-category=\"Link no Texto\" data-track-links=\"\">Assim, diante da situa\u00e7\u00e3o contada, o idoso recebeu voz de pris\u00e3o por infra\u00e7\u00e3o ao artigo 215-A do C\u00f3digo Penal, que trata do crime de importuna\u00e7\u00e3o sexual, e foi levado pela PM \u00e0 Delegacia Participativa.<\/p>\n<\/div>\n<div class=\"mc-column content-text active-extra-styles \" style=\"text-align: justify;\" data-block-type=\"unstyled\" data-block-weight=\"75\" data-block-id=\"11\">\n<p class=\"content-text__container \" data-track-category=\"Link no Texto\" data-track-links=\"\">Na delegacia, \u201ca autoridade policial, ap\u00f3s entrevistar a todos, entendendo estarem presentes ind\u00edcios de autoria, bem como o estado flagrancial (em especial, pelas declara\u00e7\u00f5es da v\u00edtima, que foram convincentes e firmes no sentido de o ato ter sido libidinoso, contra sua vontade e com o objetivo de satisfazer a lasc\u00edvia do mesmo), ratificou a voz de pris\u00e3o dada ao autor e providenciou a lavratura do respectivo auto de pris\u00e3o em flagrante\u201d, conforme consta no BO.<\/p>\n<\/div>\n<div class=\"mc-column content-text active-extra-styles \" style=\"text-align: justify;\" data-block-type=\"unstyled\" data-block-weight=\"31\" data-block-id=\"12\">\n<p class=\"content-text__container \" data-track-category=\"Link no Texto\" data-track-links=\"\">Ainda na delegacia, o idoso alegou que n\u00e3o cometeu o delito e que, se relou na v\u00edtima, foi sem inten\u00e7\u00e3o, embora tenha dito aos militares que nem teria tocado na jovem.<\/p>\n<\/div>\n<div class=\"mc-column content-text active-extra-styles \" style=\"text-align: justify;\" data-block-type=\"unstyled\" data-block-weight=\"52\" data-block-id=\"13\">\n<p class=\"content-text__container \" data-track-category=\"Link no Texto\" data-track-links=\"\">Diante da pena imposta ao delito, n\u00e3o foi arbitrada fian\u00e7a ao idoso, que permaneceu na delegacia no aguardo da\u00a0<a href=\"https:\/\/g1.globo.com\/sp\/presidente-prudente-regiao\/noticia\/audiencia-de-custodia-concede-liberdade-em-30-dos-casos-na-regiao-de-presidente-prudente-revela-levantamento-exclusivo-do-g1.ghtml\">audi\u00eancia de cust\u00f3dia<\/a>\u00a0na Justi\u00e7a nesta ter\u00e7a-feira (15). Se a pris\u00e3o for mantida pela Justi\u00e7a, ele ser\u00e1 encaminhado \u00e0 Penitenci\u00e1ria de Luc\u00e9lia (SP), unidade que recebe detentos envolvidos em crimes de conota\u00e7\u00e3o sexual.<\/p>\n<\/div>\n<div class=\"mc-column content-text active-extra-styles \" data-block-type=\"unstyled\" data-block-weight=\"33\" data-block-id=\"14\">\n<p class=\"content-text__container \" style=\"text-align: justify;\" data-track-category=\"Link no Texto\" data-track-links=\"\">De acordo com o artigo 215-A do C\u00f3digo Penal, a pena imposta ao delito de importuna\u00e7\u00e3o sexual \u00e9 de reclus\u00e3o, de um a cinco anos, se o ato n\u00e3o constitui crime mais grave.<\/p>\n<p data-track-category=\"Link no Texto\" data-track-links=\"\">Fonte: G1<\/p>\n<\/div>\n<\/div>\n","protected":false},"excerpt":{"rendered":"<p>Mo\u00e7a, de 21 anos, afirmou que o homem teria passado a m\u00e3o em sua n\u00e1dega dentro do estabelecimento comercial, na Vila Nova, na tarde desta segunda-feira (14). Um homem de 91 anos foi preso em flagrante por importuna\u00e7\u00e3o sexual, na tarde desta segunda-feira (14), na Vila Nova, em\u00a0Presidente Prudente (SP). De acordo com as informa\u00e7\u00f5es [&hellip;]<\/p>\n","protected":false},"author":1,"featured_media":8831,"comment_status":"closed","ping_status":"open","sticky":false,"template":"","format":"standard","meta":{"footnotes":""},"categories":[110,2],"tags":[],"class_list":["post-8830","post","type-post","status-publish","format-standard","has-post-thumbnail","hentry","category-noticiasdestaque","category-policial"],"_links":{"self":[{"href":"https:\/\/jorgezanoni.com.br\/2019\/wp-json\/wp\/v2\/posts\/8830","targetHints":{"allow":["GET"]}}],"collection":[{"href":"https:\/\/jorgezanoni.com.br\/2019\/wp-json\/wp\/v2\/posts"}],"about":[{"href":"https:\/\/jorgezanoni.com.br\/2019\/wp-json\/wp\/v2\/types\/post"}],"author":[{"embeddable":true,"href":"https:\/\/jorgezanoni.com.br\/2019\/wp-json\/wp\/v2\/users\/1"}],"replies":[{"embeddable":true,"href":"https:\/\/jorgezanoni.com.br\/2019\/wp-json\/wp\/v2\/comments?post=8830"}],"version-history":[{"count":0,"href":"https:\/\/jorgezanoni.com.br\/2019\/wp-json\/wp\/v2\/posts\/8830\/revisions"}],"wp:featuredmedia":[{"embeddable":true,"href":"https:\/\/jorgezanoni.com.br\/2019\/wp-json\/wp\/v2\/media\/8831"}],"wp:attachment":[{"href":"https:\/\/jorgezanoni.com.br\/2019\/wp-json\/wp\/v2\/media?parent=8830"}],"wp:term":[{"taxonomy":"category","embeddable":true,"href":"https:\/\/jorgezanoni.com.br\/2019\/wp-json\/wp\/v2\/categories?post=8830"},{"taxonomy":"post_tag","embeddable":true,"href":"https:\/\/jorgezanoni.com.br\/2019\/wp-json\/wp\/v2\/tags?post=8830"}],"curies":[{"name":"wp","href":"https:\/\/api.w.org\/{rel}","templated":true}]}}