{"id":88281,"date":"2024-08-09T17:47:34","date_gmt":"2024-08-09T17:47:34","guid":{"rendered":"https:\/\/jorgezanoni.com.br\/2019\/?p=88281"},"modified":"2024-08-09T17:48:27","modified_gmt":"2024-08-09T17:48:27","slug":"estudandes-universitarios-solicitam-apoio-do-site-jz-e-prefeito-se-coloca-a-disposicao","status":"publish","type":"post","link":"https:\/\/jorgezanoni.com.br\/2019\/estudandes-universitarios-solicitam-apoio-do-site-jz-e-prefeito-se-coloca-a-disposicao\/","title":{"rendered":"Estudandes Universit\u00e1rios solicitam apoio do SITE JZ e prefeito se coloca \u00e0 disposi\u00e7\u00e3o"},"content":{"rendered":"<p style=\"text-align: justify;\"><strong>In\u00fameros alunos solicitaram com a mesma mensagem, o apoio do SITE JZ. Veja a reivindica\u00e7\u00e3o na \u00edntegra.<\/strong><\/p>\n<p style=\"text-align: justify;\">Meu nome \u00e9 &#8230;&#8230;&#8230;&#8230;, estou enviando essa mensagem referente a um assunto com a prefeitura sobre o repasse dos estudantes que necessitam de transporte para se locomover at\u00e9 outras cidades em busca de oportunidades novas. Como utilizamos transporte privado, o valor est\u00e1 cada vez mais alto, fazendo com que muitos tranquem o curso, por n\u00e3o terem condi\u00e7\u00f5es de pagarem. Gostar\u00edamos de saber se voc\u00ea pode nos ajudar, postando sobre isso no face para ver se conseguimos um parecer da prefeitura, pois esse \u00e9 o \u00fanico empasse no momento! todas as atas que foram pedidas pelo cart\u00f3rio foram enviadas e todos os alunos est\u00e3o juntos em busca dessa conquista. Por\u00e9m n\u00e3o temos mais respostas!<br \/>\nN\u00e3o tivemos transporte cedido, e Dracena \u00e9 a \u00fanica cidade que n\u00e3o tem repasse ou alguma ajuda vinda da Prefeitura, sa\u00edmos prejudicados com isso, cidades vizinhas acabam sendo mais distantes que Dracena, e pagam um valor extremamente mais baixo que n\u00f3s!<br \/>\nPedimos por gentileza se voc\u00ea poderia nos ajudar com isso, nos j\u00e1 falamos com vereadores e com pessoas respons\u00e1veis e nada!!!<\/p>\n<p style=\"text-align: justify;\">Resposta da Diretoria de Comunica\u00e7\u00e3o da Prefeitura de Dracena.<\/p>\n<p style=\"text-align: justify;\"><strong>Nota da Diretoria de Comunica\u00e7\u00e3o da Prefeitura de Dracena<\/strong><br \/>\nEm respeito a questionamentos feitos por acad\u00eamicos que cursam faculdades na regi\u00e3o quanto ao custeio do transporte para as institui\u00e7\u00f5es por meio da faculdade, o prefeito Andr\u00e9 Lemos informa: \u201cRecebi a mesma mensagem de diversas pessoas e n\u00e3o sei se conseguirei responder para todos. Fiquei muito feliz de saber que finalmente organizaram a documenta\u00e7\u00e3o da associa\u00e7\u00e3o e gostaria de marcar uma reuni\u00e3o com voc\u00eas para tratar deste assunto.<br \/>\nN\u00e3o sei o quanto voc\u00ea sabe sobre este assunto, mas era um desejo meu de ter feito este projeto desde o primeiro ano de meu mandato.<br \/>\nPor favor, entrem em contato aqui no gabinete com a secret\u00e1ria Thauana no celular 18 99676-5060 e vamos agendar uma reuni\u00e3o o mais breve poss\u00edvel.<br \/>\nForte Abra\u00e7o\u201d.<\/p>\n<p>Compila\u00e7\u00e3o: Jorge Zanoni<\/p>\n","protected":false},"excerpt":{"rendered":"<p>In\u00fameros alunos solicitaram com a mesma mensagem, o apoio do SITE JZ. Veja a reivindica\u00e7\u00e3o na \u00edntegra. Meu nome \u00e9 &#8230;&#8230;&#8230;&#8230;, estou enviando essa mensagem referente a um assunto com a prefeitura sobre o repasse dos estudantes que necessitam de transporte para se locomover at\u00e9 outras cidades em busca de oportunidades novas. Como utilizamos transporte [&hellip;]<\/p>\n","protected":false},"author":1,"featured_media":88283,"comment_status":"closed","ping_status":"open","sticky":false,"template":"","format":"standard","meta":{"footnotes":""},"categories":[180,110],"tags":[],"class_list":["post-88281","post","type-post","status-publish","format-standard","has-post-thumbnail","hentry","category-estradastransitoveiculos","category-noticiasdestaque"],"_links":{"self":[{"href":"https:\/\/jorgezanoni.com.br\/2019\/wp-json\/wp\/v2\/posts\/88281","targetHints":{"allow":["GET"]}}],"collection":[{"href":"https:\/\/jorgezanoni.com.br\/2019\/wp-json\/wp\/v2\/posts"}],"about":[{"href":"https:\/\/jorgezanoni.com.br\/2019\/wp-json\/wp\/v2\/types\/post"}],"author":[{"embeddable":true,"href":"https:\/\/jorgezanoni.com.br\/2019\/wp-json\/wp\/v2\/users\/1"}],"replies":[{"embeddable":true,"href":"https:\/\/jorgezanoni.com.br\/2019\/wp-json\/wp\/v2\/comments?post=88281"}],"version-history":[{"count":2,"href":"https:\/\/jorgezanoni.com.br\/2019\/wp-json\/wp\/v2\/posts\/88281\/revisions"}],"predecessor-version":[{"id":88285,"href":"https:\/\/jorgezanoni.com.br\/2019\/wp-json\/wp\/v2\/posts\/88281\/revisions\/88285"}],"wp:featuredmedia":[{"embeddable":true,"href":"https:\/\/jorgezanoni.com.br\/2019\/wp-json\/wp\/v2\/media\/88283"}],"wp:attachment":[{"href":"https:\/\/jorgezanoni.com.br\/2019\/wp-json\/wp\/v2\/media?parent=88281"}],"wp:term":[{"taxonomy":"category","embeddable":true,"href":"https:\/\/jorgezanoni.com.br\/2019\/wp-json\/wp\/v2\/categories?post=88281"},{"taxonomy":"post_tag","embeddable":true,"href":"https:\/\/jorgezanoni.com.br\/2019\/wp-json\/wp\/v2\/tags?post=88281"}],"curies":[{"name":"wp","href":"https:\/\/api.w.org\/{rel}","templated":true}]}}