{"id":8827,"date":"2019-10-15T00:52:43","date_gmt":"2019-10-15T00:52:43","guid":{"rendered":"https:\/\/jorgezanoni.com.br\/2019\/?p=8827"},"modified":"2019-10-15T00:52:43","modified_gmt":"2019-10-15T00:52:43","slug":"motociclista-que-bateu-em-traseira-de-caminhao-estacionado-em-dracena-e-transferido-para-a-uti-do-hospital-regional","status":"publish","type":"post","link":"https:\/\/jorgezanoni.com.br\/2019\/motociclista-que-bateu-em-traseira-de-caminhao-estacionado-em-dracena-e-transferido-para-a-uti-do-hospital-regional\/","title":{"rendered":"Motociclista que bateu em traseira de caminh\u00e3o estacionado em Dracena \u00e9 transferido para a UTI do Hospital Regional"},"content":{"rendered":"<h2 class=\"content-head__subtitle\" style=\"text-align: justify;\"><strong>Estado de sa\u00fade do jovem de 21 anos \u00e9 considerado grave, por\u00e9m, est\u00e1vel, na unidade em Presidente Prudente. Colis\u00e3o aconteceu no bairro Metr\u00f3pole.<\/strong><\/h2>\n<div class=\"mc-column content-text active-extra-styles \" data-block-type=\"unstyled\" data-block-weight=\"26\" data-block-id=\"2\">\n<p class=\"content-text__container \" style=\"text-align: justify;\" data-track-category=\"Link no Texto\" data-track-links=\"\">O rapaz de 21 anos que foi v\u00edtima de um acidente com uma motocicleta em\u00a0<a href=\"https:\/\/g1.globo.com\/sp\/presidente-prudente-regiao\/cidade\/dracena\/\">Dracena\u00a0<\/a>foi transferido para o Hospital Regional (HR), em\u00a0<a href=\"https:\/\/g1.globo.com\/sp\/presidente-prudente-regiao\/cidade\/presidente-prudente\/\">Presidente Prudente<\/a>.<\/p>\n<\/div>\n<div class=\"wall protected-content\">\n<div class=\"mc-column content-text active-extra-styles \" style=\"text-align: justify;\" data-block-type=\"unstyled\" data-block-weight=\"22\" data-block-id=\"3\">\n<p class=\"content-text__container \" data-track-category=\"Link no Texto\" data-track-links=\"\">O jovem conduzia o ve\u00edculo e\u00a0<a href=\"https:\/\/g1.globo.com\/sp\/presidente-prudente-regiao\/noticia\/2019\/10\/12\/motociclista-fica-gravemente-ferido-ao-bater-na-traseira-de-caminhao-estacionado-em-dracena.ghtml\">bateu na parte traseira de um semirreboque de caminh\u00e3o que estava estacionado<\/a> no bairro Metr\u00f3pole.<\/p>\n<\/div>\n<div class=\"mc-column content-text active-extra-styles \" style=\"text-align: justify;\" data-block-type=\"unstyled\" data-block-weight=\"32\" data-block-id=\"4\">\n<p class=\"content-text__container \" data-track-category=\"Link no Texto\" data-track-links=\"\">O HR informou ao\u00a0<strong>G1\u00a0<\/strong>na tarde desta segunda-feira (14) que o paciente deu entrada no hospital, encaminhado da Santa Casa de Dracena, e encontra-se internado na Unidade de Terapia Intensiva (UTI).<\/p>\n<\/div>\n<div class=\"mc-column content-text active-extra-styles \" style=\"text-align: justify;\" data-block-type=\"unstyled\" data-block-weight=\"16\" data-block-id=\"5\">\n<p class=\"content-text__container \" data-track-category=\"Link no Texto\" data-track-links=\"\">\u201cNeste momento, seu estado de sa\u00fade \u00e9 considerado grave, por\u00e9m, est\u00e1vel\u201d, explicou o HR em nota.<\/p>\n<\/div>\n<div class=\"mc-column content-text active-extra-styles\" style=\"text-align: justify;\" data-block-type=\"raw\" data-block-weight=\"13\" data-block-id=\"6\">\n<ul class=\"content-unordered-list\">\n<li><a href=\"https:\/\/g1.globo.com\/sp\/presidente-prudente-regiao\/noticia\/2019\/10\/12\/motociclista-fica-gravemente-ferido-ao-bater-na-traseira-de-caminhao-estacionado-em-dracena.ghtml\">Motociclista fica gravemente ferido ao bater na traseira de caminh\u00e3o estacionado em Dracena<\/a><\/li>\n<\/ul>\n<\/div>\n<div class=\"mc-column content-text active-extra-styles\" style=\"text-align: justify;\" data-block-type=\"raw\" data-block-weight=\"2\" data-block-id=\"7\">\n<div class=\"content-intertitle\">\n<h2>O acidente<\/h2>\n<\/div>\n<\/div>\n<div class=\"mc-column content-text active-extra-styles \" style=\"text-align: justify;\" data-block-type=\"unstyled\" data-block-weight=\"52\" data-block-id=\"8\">\n<p class=\"content-text__container \" data-track-category=\"Link no Texto\" data-track-links=\"\">De acordo com as informa\u00e7\u00f5es apuradas pelos policiais militares que prestaram o atendimento \u00e0 ocorr\u00eancia no local do acidente, o jovem conduzia sua motocicleta pela Rua Fortaleza, no sentido Centro\u2013Fapidra, quando, por motivos a serem investigados, veio a colidir na parte traseira de um semirreboque de caminh\u00e3o que estava estacionado naquela via.<\/p>\n<\/div>\n<div class=\"mc-column content-text active-extra-styles \" style=\"text-align: justify;\" data-block-type=\"unstyled\" data-block-weight=\"33\" data-block-id=\"9\">\n<p class=\"content-text__container \" data-track-category=\"Link no Texto\" data-track-links=\"\">Devido ao forte impacto, o motociclista foi socorrido e encaminhado ao Pronto Atendimento Municipal (PAM), para receber cuidados m\u00e9dicos, aparentemente com les\u00f5es de natureza grav\u00edssima, incluindo fratura exposta nas pernas e traumatismo craniano.<\/p>\n<\/div>\n<div class=\"mc-column content-text active-extra-styles \" style=\"text-align: justify;\" data-block-type=\"unstyled\" data-block-weight=\"10\" data-block-id=\"10\">\n<p class=\"content-text__container \" data-track-category=\"Link no Texto\" data-track-links=\"\">Os documentos dos ve\u00edculos envolvidos no acidente estavam em ordem.<\/p>\n<\/div>\n<div class=\"mc-column content-text active-extra-styles \" style=\"text-align: justify;\" data-block-type=\"unstyled\" data-block-weight=\"13\" data-block-id=\"12\">\n<p class=\"content-text__container \" data-track-category=\"Link no Texto\" data-track-links=\"\">A Pol\u00edcia Cient\u00edfica foi acionada e realizou a per\u00edcia no local da batida.<\/p>\n<\/div>\n<div class=\"mc-column content-text active-extra-styles \" data-block-type=\"unstyled\" data-block-weight=\"22\" data-block-id=\"13\">\n<p class=\"content-text__container \" style=\"text-align: justify;\" data-track-category=\"Link no Texto\" data-track-links=\"\">O rapaz foi internado na Santa Casa de Miseric\u00f3rdia de Dracena, mas posteriormente foi transferido para o Hospital Regional, em Presidente Prudente.<\/p>\n<p style=\"text-align: justify;\" data-track-category=\"Link no Texto\" data-track-links=\"\">Fonte: G1<\/p>\n<p style=\"text-align: justify;\" data-track-category=\"Link no Texto\" data-track-links=\"\">\n<\/div>\n<\/div>\n<p>&nbsp;<\/p>\n","protected":false},"excerpt":{"rendered":"<p>Estado de sa\u00fade do jovem de 21 anos \u00e9 considerado grave, por\u00e9m, est\u00e1vel, na unidade em Presidente Prudente. Colis\u00e3o aconteceu no bairro Metr\u00f3pole. O rapaz de 21 anos que foi v\u00edtima de um acidente com uma motocicleta em\u00a0Dracena\u00a0foi transferido para o Hospital Regional (HR), em\u00a0Presidente Prudente. O jovem conduzia o ve\u00edculo e\u00a0bateu na parte traseira [&hellip;]<\/p>\n","protected":false},"author":1,"featured_media":8828,"comment_status":"closed","ping_status":"open","sticky":false,"template":"","format":"standard","meta":{"footnotes":""},"categories":[170,110],"tags":[],"class_list":["post-8827","post","type-post","status-publish","format-standard","has-post-thumbnail","hentry","category-acidentes","category-noticiasdestaque"],"_links":{"self":[{"href":"https:\/\/jorgezanoni.com.br\/2019\/wp-json\/wp\/v2\/posts\/8827","targetHints":{"allow":["GET"]}}],"collection":[{"href":"https:\/\/jorgezanoni.com.br\/2019\/wp-json\/wp\/v2\/posts"}],"about":[{"href":"https:\/\/jorgezanoni.com.br\/2019\/wp-json\/wp\/v2\/types\/post"}],"author":[{"embeddable":true,"href":"https:\/\/jorgezanoni.com.br\/2019\/wp-json\/wp\/v2\/users\/1"}],"replies":[{"embeddable":true,"href":"https:\/\/jorgezanoni.com.br\/2019\/wp-json\/wp\/v2\/comments?post=8827"}],"version-history":[{"count":0,"href":"https:\/\/jorgezanoni.com.br\/2019\/wp-json\/wp\/v2\/posts\/8827\/revisions"}],"wp:featuredmedia":[{"embeddable":true,"href":"https:\/\/jorgezanoni.com.br\/2019\/wp-json\/wp\/v2\/media\/8828"}],"wp:attachment":[{"href":"https:\/\/jorgezanoni.com.br\/2019\/wp-json\/wp\/v2\/media?parent=8827"}],"wp:term":[{"taxonomy":"category","embeddable":true,"href":"https:\/\/jorgezanoni.com.br\/2019\/wp-json\/wp\/v2\/categories?post=8827"},{"taxonomy":"post_tag","embeddable":true,"href":"https:\/\/jorgezanoni.com.br\/2019\/wp-json\/wp\/v2\/tags?post=8827"}],"curies":[{"name":"wp","href":"https:\/\/api.w.org\/{rel}","templated":true}]}}