{"id":88247,"date":"2024-08-06T16:48:10","date_gmt":"2024-08-06T16:48:10","guid":{"rendered":"https:\/\/jorgezanoni.com.br\/2019\/?p=88247"},"modified":"2024-08-06T16:48:10","modified_gmt":"2024-08-06T16:48:10","slug":"acao-conjunta-das-policias-civil-e-militar-prende-dois-suspeitos-de-trafico-de-drogas-em-junqueiropolis","status":"publish","type":"post","link":"https:\/\/jorgezanoni.com.br\/2019\/acao-conjunta-das-policias-civil-e-militar-prende-dois-suspeitos-de-trafico-de-drogas-em-junqueiropolis\/","title":{"rendered":"A\u00e7\u00e3o conjunta das Pol\u00edcias Civil e Militar prende dois suspeitos de Tr\u00e1fico de Drogas em Junqueir\u00f3polis"},"content":{"rendered":"<p style=\"text-align: justify;\">A Pol\u00edcia Civil, por interm\u00e9dio da Delegacia de Pol\u00edcia de Junqueir\u00f3polis, com apoio t\u00e1tico-operacional da Pol\u00edcia Militar, realizou uma opera\u00e7\u00e3o na ter\u00e7a-feira (6) que resultou na pris\u00e3o em flagrante de dois homens, de 26 e 27 anos, suspeitos de tr\u00e1fico de entorpecentes e associa\u00e7\u00e3o para o tr\u00e1fico de drogas. As pris\u00f5es ocorreram no bairro Jardim dos P\u00e1ssaros, em Junqueir\u00f3polis.<\/p>\n<p style=\"text-align: justify;\">A opera\u00e7\u00e3o teve in\u00edcio ap\u00f3s uma investiga\u00e7\u00e3o conduzida por agentes da Delegacia de Pol\u00edcia de Junqueir\u00f3polis, que identificaram que a dupla estava comercializando drogas no munic\u00edpio. Com base nos ind\u00edcios, a autoridade policial instaurou inqu\u00e9rito e solicitou ao Juiz da Comarca de Junqueir\u00f3polis a expedi\u00e7\u00e3o de mandados de busca e apreens\u00e3o nos endere\u00e7os dos suspeitos.<\/p>\n<p style=\"text-align: justify;\">Na manh\u00e3 da opera\u00e7\u00e3o, com o apoio operacional do Grupo de Opera\u00e7\u00f5es Especiais (GOE), de integrantes da Pol\u00edcia Militar e da equipe do Canil Setorial, os policiais realizaram uma incurs\u00e3o no im\u00f3vel. Durante a a\u00e7\u00e3o, foram apreendidas drogas, cartas manuscritas, celulares, balan\u00e7as, um ve\u00edculo e dinheiro.<\/p>\n<p style=\"text-align: justify;\">Ambos os acusados j\u00e1 possu\u00edam antecedentes por tr\u00e1fico de drogas. Eles foram autuados em flagrante por tr\u00e1fico de drogas e associa\u00e7\u00e3o para o tr\u00e1fico de drogas, e passar\u00e3o por audi\u00eancia de cust\u00f3dia.<\/p>\n<p><img loading=\"lazy\" decoding=\"async\" class=\"alignnone size-full wp-image-88249\" src=\"https:\/\/jorgezanoni.com.br\/2019\/wp-content\/uploads\/2024\/08\/junq1-Pequeno.jpeg\" alt=\"\" width=\"640\" height=\"480\" srcset=\"https:\/\/jorgezanoni.com.br\/2019\/wp-content\/uploads\/2024\/08\/junq1-Pequeno.jpeg 640w, https:\/\/jorgezanoni.com.br\/2019\/wp-content\/uploads\/2024\/08\/junq1-Pequeno-300x225.jpeg 300w, https:\/\/jorgezanoni.com.br\/2019\/wp-content\/uploads\/2024\/08\/junq1-Pequeno-80x60.jpeg 80w, https:\/\/jorgezanoni.com.br\/2019\/wp-content\/uploads\/2024\/08\/junq1-Pequeno-265x198.jpeg 265w, https:\/\/jorgezanoni.com.br\/2019\/wp-content\/uploads\/2024\/08\/junq1-Pequeno-560x420.jpeg 560w\" sizes=\"auto, (max-width: 640px) 100vw, 640px\" \/><\/p>\n<p>Fonte: Com. Social Pol\u00edcia Civil<\/p>\n","protected":false},"excerpt":{"rendered":"<p>A Pol\u00edcia Civil, por interm\u00e9dio da Delegacia de Pol\u00edcia de Junqueir\u00f3polis, com apoio t\u00e1tico-operacional da Pol\u00edcia Militar, realizou uma opera\u00e7\u00e3o na ter\u00e7a-feira (6) que resultou na pris\u00e3o em flagrante de dois homens, de 26 e 27 anos, suspeitos de tr\u00e1fico de entorpecentes e associa\u00e7\u00e3o para o tr\u00e1fico de drogas. As pris\u00f5es ocorreram no bairro Jardim [&hellip;]<\/p>\n","protected":false},"author":1,"featured_media":88248,"comment_status":"closed","ping_status":"open","sticky":false,"template":"","format":"standard","meta":{"footnotes":""},"categories":[110,2],"tags":[],"class_list":["post-88247","post","type-post","status-publish","format-standard","has-post-thumbnail","hentry","category-noticiasdestaque","category-policial"],"_links":{"self":[{"href":"https:\/\/jorgezanoni.com.br\/2019\/wp-json\/wp\/v2\/posts\/88247","targetHints":{"allow":["GET"]}}],"collection":[{"href":"https:\/\/jorgezanoni.com.br\/2019\/wp-json\/wp\/v2\/posts"}],"about":[{"href":"https:\/\/jorgezanoni.com.br\/2019\/wp-json\/wp\/v2\/types\/post"}],"author":[{"embeddable":true,"href":"https:\/\/jorgezanoni.com.br\/2019\/wp-json\/wp\/v2\/users\/1"}],"replies":[{"embeddable":true,"href":"https:\/\/jorgezanoni.com.br\/2019\/wp-json\/wp\/v2\/comments?post=88247"}],"version-history":[{"count":1,"href":"https:\/\/jorgezanoni.com.br\/2019\/wp-json\/wp\/v2\/posts\/88247\/revisions"}],"predecessor-version":[{"id":88250,"href":"https:\/\/jorgezanoni.com.br\/2019\/wp-json\/wp\/v2\/posts\/88247\/revisions\/88250"}],"wp:featuredmedia":[{"embeddable":true,"href":"https:\/\/jorgezanoni.com.br\/2019\/wp-json\/wp\/v2\/media\/88248"}],"wp:attachment":[{"href":"https:\/\/jorgezanoni.com.br\/2019\/wp-json\/wp\/v2\/media?parent=88247"}],"wp:term":[{"taxonomy":"category","embeddable":true,"href":"https:\/\/jorgezanoni.com.br\/2019\/wp-json\/wp\/v2\/categories?post=88247"},{"taxonomy":"post_tag","embeddable":true,"href":"https:\/\/jorgezanoni.com.br\/2019\/wp-json\/wp\/v2\/tags?post=88247"}],"curies":[{"name":"wp","href":"https:\/\/api.w.org\/{rel}","templated":true}]}}