{"id":88233,"date":"2024-08-05T15:58:48","date_gmt":"2024-08-05T15:58:48","guid":{"rendered":"https:\/\/jorgezanoni.com.br\/2019\/?p=88233"},"modified":"2024-08-05T15:58:48","modified_gmt":"2024-08-05T15:58:48","slug":"tentativa-de-homicidio-foi-registrado-na-manha-desta-segunda-feira-em-dracena","status":"publish","type":"post","link":"https:\/\/jorgezanoni.com.br\/2019\/tentativa-de-homicidio-foi-registrado-na-manha-desta-segunda-feira-em-dracena\/","title":{"rendered":"Tentativa de Homic\u00eddio foi registrado na manh\u00e3 desta segunda-feira em Dracena"},"content":{"rendered":"<p style=\"text-align: justify;\"><strong>Fato aconteceu por volta de 09:00 Horas nas proximidades da antiga Esta\u00e7\u00e3o da Fepasa, fundos da Creche &#8220;Dona Zizi&#8221;<\/strong><\/p>\n<p style=\"text-align: justify;\">Segundo informa\u00e7\u00f5es obtidas pela reportagem do SITE JZ e TOP TV, por motivos a serem a apurados, possivelmente Drogas, um homem de 38 anos agrediu com golpes de fac\u00e3o, um indiv\u00edduo de 27 anos.<\/p>\n<p style=\"text-align: justify;\">A v\u00edtima foi socorrida ao Pronto Atendimento Municipal por uma Unidade de Resgate do Corpo de Bombeiros, e apresentava ao menos 4 perfura\u00e7\u00f5es na regi\u00e3o da cabe\u00e7a e pesco\u00e7o.<\/p>\n<p style=\"text-align: justify;\">A arma do crime segundo o autor, foi jogada em uma galeria pr\u00f3ximo a esta\u00e7\u00e3o de tratamento, por\u00e9m n\u00e3o foi localizada at\u00e9 o momento.<\/p>\n<p style=\"text-align: justify;\">Informa\u00e7\u00e3o \u00e9 que que ontem (4) havia tido uma briga entre os dois por causa de Drogas, e o autor apanhou da v\u00edtima, havendo a poss\u00edvel vingan\u00e7a na data de hoje.<\/p>\n<p style=\"text-align: justify;\">O autor foi preso pela Pol\u00edcia Militar quando chegava em sua resid\u00eancia no Conjunto Habitacional Florindo Tabacchi. A v\u00edtima passou por cirurgia e est\u00e1 internada na UTI da Santa Casa de Dracena.<\/p>\n<p>Jorge Zanoni<\/p>\n<p>&nbsp;<\/p>\n<p>&nbsp;<\/p>\n","protected":false},"excerpt":{"rendered":"<p>Fato aconteceu por volta de 09:00 Horas nas proximidades da antiga Esta\u00e7\u00e3o da Fepasa, fundos da Creche &#8220;Dona Zizi&#8221; Segundo informa\u00e7\u00f5es obtidas pela reportagem do SITE JZ e TOP TV, por motivos a serem a apurados, possivelmente Drogas, um homem de 38 anos agrediu com golpes de fac\u00e3o, um indiv\u00edduo de 27 anos. A v\u00edtima [&hellip;]<\/p>\n","protected":false},"author":1,"featured_media":88234,"comment_status":"closed","ping_status":"open","sticky":false,"template":"","format":"standard","meta":{"footnotes":""},"categories":[110,2],"tags":[],"class_list":["post-88233","post","type-post","status-publish","format-standard","has-post-thumbnail","hentry","category-noticiasdestaque","category-policial"],"_links":{"self":[{"href":"https:\/\/jorgezanoni.com.br\/2019\/wp-json\/wp\/v2\/posts\/88233","targetHints":{"allow":["GET"]}}],"collection":[{"href":"https:\/\/jorgezanoni.com.br\/2019\/wp-json\/wp\/v2\/posts"}],"about":[{"href":"https:\/\/jorgezanoni.com.br\/2019\/wp-json\/wp\/v2\/types\/post"}],"author":[{"embeddable":true,"href":"https:\/\/jorgezanoni.com.br\/2019\/wp-json\/wp\/v2\/users\/1"}],"replies":[{"embeddable":true,"href":"https:\/\/jorgezanoni.com.br\/2019\/wp-json\/wp\/v2\/comments?post=88233"}],"version-history":[{"count":1,"href":"https:\/\/jorgezanoni.com.br\/2019\/wp-json\/wp\/v2\/posts\/88233\/revisions"}],"predecessor-version":[{"id":88235,"href":"https:\/\/jorgezanoni.com.br\/2019\/wp-json\/wp\/v2\/posts\/88233\/revisions\/88235"}],"wp:featuredmedia":[{"embeddable":true,"href":"https:\/\/jorgezanoni.com.br\/2019\/wp-json\/wp\/v2\/media\/88234"}],"wp:attachment":[{"href":"https:\/\/jorgezanoni.com.br\/2019\/wp-json\/wp\/v2\/media?parent=88233"}],"wp:term":[{"taxonomy":"category","embeddable":true,"href":"https:\/\/jorgezanoni.com.br\/2019\/wp-json\/wp\/v2\/categories?post=88233"},{"taxonomy":"post_tag","embeddable":true,"href":"https:\/\/jorgezanoni.com.br\/2019\/wp-json\/wp\/v2\/tags?post=88233"}],"curies":[{"name":"wp","href":"https:\/\/api.w.org\/{rel}","templated":true}]}}