{"id":88223,"date":"2024-08-04T23:33:51","date_gmt":"2024-08-04T23:33:51","guid":{"rendered":"https:\/\/jorgezanoni.com.br\/2019\/?p=88223"},"modified":"2024-08-04T23:33:51","modified_gmt":"2024-08-04T23:33:51","slug":"comemoracao-dos-90-anos-dos-gemeos-primo-e-segundo-cavalcante","status":"publish","type":"post","link":"https:\/\/jorgezanoni.com.br\/2019\/comemoracao-dos-90-anos-dos-gemeos-primo-e-segundo-cavalcante\/","title":{"rendered":"Comemora\u00e7\u00e3o dos 90 Anos dos G\u00eameos Primo e Segundo Cavalcante"},"content":{"rendered":"<p style=\"text-align: justify;\">No dia 27 de julho de 2024, celebramos com alegria e gratid\u00e3o os 90 anos dos g\u00eameos Primo e Segundo Cavalcante, nascidos em 1934 em Guarant\u00e3. Filhos de Francisco Cavalcante e Ad\u00e9lia Fabr\u00edcio Cavalcante, e irm\u00e3os de Eurides, Ala\u00edde, Edson (in memoriam), Dion\u00edsia, Nair, Moacir e Neide. Eles representam um legado de dedica\u00e7\u00e3o e trabalho \u00e1rduo.<\/p>\n<p style=\"text-align: justify;\">A fam\u00edlia Cavalcante chegou a Dracena em 1943, quando os pais dos g\u00eameos foram pioneiros na funda\u00e7\u00e3o do Bairro Marrequinha. Dedicados ao cultivo da terra, Francisco e Joana derrubaram matas, abriram estradas e transformaram o local em um pr\u00f3spero centro agr\u00edcola. Com muito esfor\u00e7o, estabeleceram-se como agricultores de caf\u00e9, amendoim, algod\u00e3o, arroz, feij\u00e3o e cria\u00e7\u00e3o de gado, al\u00e9m de terem uma olaria. A terra sempre foi o sustento da fam\u00edlia, e as rotinas dos g\u00eameos inclu\u00edam levantar-se \u00e0s 4h da manh\u00e3 para cuidar dos animais e iniciar o trabalho na agricultura.<\/p>\n<p style=\"text-align: justify;\">Primo e Segundo tiveram uma vida marcada pela sa\u00fade robusta, pela aus\u00eancia de v\u00edcios e pela alimenta\u00e7\u00e3o org\u00e2nica proveniente da pr\u00f3pria propriedade. Moraram no Bairro Marrequinha at\u00e9 1984, quando se mudaram para Dracena e sempre acompanhando o desenvolvimento da cidade at\u00e9 os dias atuais.<\/p>\n<p style=\"text-align: justify;\">Um reconhecimento especial vai para Francisco Cavalcante, pai dos g\u00eameos, que recebeu uma homenagem do munic\u00edpio com a estrada entre o Trevo do Distrito de Jamaica e o Bairro Marrequinha nomeada &#8220;Estrada Municipal Francisco Cavalcante&#8221;, em agradecimento pelo seu trabalho e contribui\u00e7\u00e3o \u00e0 comunidade.<\/p>\n<p style=\"text-align: justify;\">Primo Cavalcante \u00e9 casado com Neusa Bueno Cavalcante, com quem tem duas filhas, F\u00e1tima Rosemary e Roseli Aparecida, e duas netas, Camila e Ana Clara. Segundo Cavalcante \u00e9 casado com Ana Gon\u00e7alves Cavalcante, pai de Sandra Regina e Paulo Sergio, e av\u00f4 de Victor Hugo, Ana Beatriz, Katherine, Jo\u00e3o Paulo e Elisabeth. Ambos os irm\u00e3os residem em Dracena, em resid\u00eancias pr\u00f3ximas, mantendo sempre a uni\u00e3o familiar que caracteriza sua trajet\u00f3ria.<\/p>\n<p style=\"text-align: justify;\">Hoje, celebramos n\u00e3o apenas os 90 anos de vida desses not\u00e1veis irm\u00e3os, mas tamb\u00e9m a hist\u00f3ria rica e inspiradora de uma fam\u00edlia que construiu suas ra\u00edzes com trabalho, dedica\u00e7\u00e3o e amor pela terra. Parab\u00e9ns, Primo e Segundo, por esta data especial e pelo legado que continuam a construir!<\/p>\n<p><img loading=\"lazy\" decoding=\"async\" class=\"alignnone size-full wp-image-88224\" src=\"https:\/\/jorgezanoni.com.br\/2019\/wp-content\/uploads\/2024\/08\/gemeos-j-Pequeno.jpg\" alt=\"\" width=\"720\" height=\"480\" srcset=\"https:\/\/jorgezanoni.com.br\/2019\/wp-content\/uploads\/2024\/08\/gemeos-j-Pequeno.jpg 720w, https:\/\/jorgezanoni.com.br\/2019\/wp-content\/uploads\/2024\/08\/gemeos-j-Pequeno-300x200.jpg 300w, https:\/\/jorgezanoni.com.br\/2019\/wp-content\/uploads\/2024\/08\/gemeos-j-Pequeno-696x464.jpg 696w, https:\/\/jorgezanoni.com.br\/2019\/wp-content\/uploads\/2024\/08\/gemeos-j-Pequeno-630x420.jpg 630w\" sizes=\"auto, (max-width: 720px) 100vw, 720px\" \/> <img loading=\"lazy\" decoding=\"async\" class=\"alignnone size-full wp-image-88225\" src=\"https:\/\/jorgezanoni.com.br\/2019\/wp-content\/uploads\/2024\/08\/gemeos1-j-Pequeno.jpg\" alt=\"\" width=\"720\" height=\"480\" srcset=\"https:\/\/jorgezanoni.com.br\/2019\/wp-content\/uploads\/2024\/08\/gemeos1-j-Pequeno.jpg 720w, https:\/\/jorgezanoni.com.br\/2019\/wp-content\/uploads\/2024\/08\/gemeos1-j-Pequeno-300x200.jpg 300w, https:\/\/jorgezanoni.com.br\/2019\/wp-content\/uploads\/2024\/08\/gemeos1-j-Pequeno-696x464.jpg 696w, https:\/\/jorgezanoni.com.br\/2019\/wp-content\/uploads\/2024\/08\/gemeos1-j-Pequeno-630x420.jpg 630w\" sizes=\"auto, (max-width: 720px) 100vw, 720px\" \/> <img loading=\"lazy\" decoding=\"async\" class=\"alignnone size-full wp-image-88226\" src=\"https:\/\/jorgezanoni.com.br\/2019\/wp-content\/uploads\/2024\/08\/Gemeos2-j-Pequeno.jpg\" alt=\"\" width=\"720\" height=\"480\" srcset=\"https:\/\/jorgezanoni.com.br\/2019\/wp-content\/uploads\/2024\/08\/Gemeos2-j-Pequeno.jpg 720w, https:\/\/jorgezanoni.com.br\/2019\/wp-content\/uploads\/2024\/08\/Gemeos2-j-Pequeno-300x200.jpg 300w, https:\/\/jorgezanoni.com.br\/2019\/wp-content\/uploads\/2024\/08\/Gemeos2-j-Pequeno-696x464.jpg 696w, https:\/\/jorgezanoni.com.br\/2019\/wp-content\/uploads\/2024\/08\/Gemeos2-j-Pequeno-630x420.jpg 630w\" sizes=\"auto, (max-width: 720px) 100vw, 720px\" \/> <img loading=\"lazy\" decoding=\"async\" class=\"alignnone size-full wp-image-88227\" src=\"https:\/\/jorgezanoni.com.br\/2019\/wp-content\/uploads\/2024\/08\/gemeos3-j-Pequeno.jpg\" alt=\"\" width=\"720\" height=\"480\" srcset=\"https:\/\/jorgezanoni.com.br\/2019\/wp-content\/uploads\/2024\/08\/gemeos3-j-Pequeno.jpg 720w, https:\/\/jorgezanoni.com.br\/2019\/wp-content\/uploads\/2024\/08\/gemeos3-j-Pequeno-300x200.jpg 300w, https:\/\/jorgezanoni.com.br\/2019\/wp-content\/uploads\/2024\/08\/gemeos3-j-Pequeno-696x464.jpg 696w, https:\/\/jorgezanoni.com.br\/2019\/wp-content\/uploads\/2024\/08\/gemeos3-j-Pequeno-630x420.jpg 630w\" sizes=\"auto, (max-width: 720px) 100vw, 720px\" \/> <img loading=\"lazy\" decoding=\"async\" class=\"alignnone size-full wp-image-88228\" src=\"https:\/\/jorgezanoni.com.br\/2019\/wp-content\/uploads\/2024\/08\/gemeos4-j-Pequeno.jpg\" alt=\"\" width=\"720\" height=\"480\" srcset=\"https:\/\/jorgezanoni.com.br\/2019\/wp-content\/uploads\/2024\/08\/gemeos4-j-Pequeno.jpg 720w, https:\/\/jorgezanoni.com.br\/2019\/wp-content\/uploads\/2024\/08\/gemeos4-j-Pequeno-300x200.jpg 300w, https:\/\/jorgezanoni.com.br\/2019\/wp-content\/uploads\/2024\/08\/gemeos4-j-Pequeno-696x464.jpg 696w, https:\/\/jorgezanoni.com.br\/2019\/wp-content\/uploads\/2024\/08\/gemeos4-j-Pequeno-630x420.jpg 630w\" sizes=\"auto, (max-width: 720px) 100vw, 720px\" \/> <img loading=\"lazy\" decoding=\"async\" class=\"alignnone size-full wp-image-88229\" src=\"https:\/\/jorgezanoni.com.br\/2019\/wp-content\/uploads\/2024\/08\/gemeos5-j-Pequeno.jpg\" alt=\"\" width=\"720\" height=\"480\" srcset=\"https:\/\/jorgezanoni.com.br\/2019\/wp-content\/uploads\/2024\/08\/gemeos5-j-Pequeno.jpg 720w, https:\/\/jorgezanoni.com.br\/2019\/wp-content\/uploads\/2024\/08\/gemeos5-j-Pequeno-300x200.jpg 300w, https:\/\/jorgezanoni.com.br\/2019\/wp-content\/uploads\/2024\/08\/gemeos5-j-Pequeno-696x464.jpg 696w, https:\/\/jorgezanoni.com.br\/2019\/wp-content\/uploads\/2024\/08\/gemeos5-j-Pequeno-630x420.jpg 630w\" sizes=\"auto, (max-width: 720px) 100vw, 720px\" \/> <img loading=\"lazy\" decoding=\"async\" class=\"alignnone size-full wp-image-88230\" src=\"https:\/\/jorgezanoni.com.br\/2019\/wp-content\/uploads\/2024\/08\/gemeos6-j-Pequeno.jpg\" alt=\"\" width=\"720\" height=\"480\" srcset=\"https:\/\/jorgezanoni.com.br\/2019\/wp-content\/uploads\/2024\/08\/gemeos6-j-Pequeno.jpg 720w, https:\/\/jorgezanoni.com.br\/2019\/wp-content\/uploads\/2024\/08\/gemeos6-j-Pequeno-300x200.jpg 300w, https:\/\/jorgezanoni.com.br\/2019\/wp-content\/uploads\/2024\/08\/gemeos6-j-Pequeno-696x464.jpg 696w, https:\/\/jorgezanoni.com.br\/2019\/wp-content\/uploads\/2024\/08\/gemeos6-j-Pequeno-630x420.jpg 630w\" sizes=\"auto, (max-width: 720px) 100vw, 720px\" \/><\/p>\n<p>Fonte: Fam\u00edlia Cavalcante<\/p>\n","protected":false},"excerpt":{"rendered":"<p>No dia 27 de julho de 2024, celebramos com alegria e gratid\u00e3o os 90 anos dos g\u00eameos Primo e Segundo Cavalcante, nascidos em 1934 em Guarant\u00e3. Filhos de Francisco Cavalcante e Ad\u00e9lia Fabr\u00edcio Cavalcante, e irm\u00e3os de Eurides, Ala\u00edde, Edson (in memoriam), Dion\u00edsia, Nair, Moacir e Neide. Eles representam um legado de dedica\u00e7\u00e3o e trabalho [&hellip;]<\/p>\n","protected":false},"author":1,"featured_media":88231,"comment_status":"closed","ping_status":"open","sticky":false,"template":"","format":"standard","meta":{"footnotes":""},"categories":[181,110],"tags":[],"class_list":["post-88223","post","type-post","status-publish","format-standard","has-post-thumbnail","hentry","category-galeriadefotos","category-noticiasdestaque"],"_links":{"self":[{"href":"https:\/\/jorgezanoni.com.br\/2019\/wp-json\/wp\/v2\/posts\/88223","targetHints":{"allow":["GET"]}}],"collection":[{"href":"https:\/\/jorgezanoni.com.br\/2019\/wp-json\/wp\/v2\/posts"}],"about":[{"href":"https:\/\/jorgezanoni.com.br\/2019\/wp-json\/wp\/v2\/types\/post"}],"author":[{"embeddable":true,"href":"https:\/\/jorgezanoni.com.br\/2019\/wp-json\/wp\/v2\/users\/1"}],"replies":[{"embeddable":true,"href":"https:\/\/jorgezanoni.com.br\/2019\/wp-json\/wp\/v2\/comments?post=88223"}],"version-history":[{"count":1,"href":"https:\/\/jorgezanoni.com.br\/2019\/wp-json\/wp\/v2\/posts\/88223\/revisions"}],"predecessor-version":[{"id":88232,"href":"https:\/\/jorgezanoni.com.br\/2019\/wp-json\/wp\/v2\/posts\/88223\/revisions\/88232"}],"wp:featuredmedia":[{"embeddable":true,"href":"https:\/\/jorgezanoni.com.br\/2019\/wp-json\/wp\/v2\/media\/88231"}],"wp:attachment":[{"href":"https:\/\/jorgezanoni.com.br\/2019\/wp-json\/wp\/v2\/media?parent=88223"}],"wp:term":[{"taxonomy":"category","embeddable":true,"href":"https:\/\/jorgezanoni.com.br\/2019\/wp-json\/wp\/v2\/categories?post=88223"},{"taxonomy":"post_tag","embeddable":true,"href":"https:\/\/jorgezanoni.com.br\/2019\/wp-json\/wp\/v2\/tags?post=88223"}],"curies":[{"name":"wp","href":"https:\/\/api.w.org\/{rel}","templated":true}]}}