{"id":88189,"date":"2024-08-02T22:54:08","date_gmt":"2024-08-02T22:54:08","guid":{"rendered":"https:\/\/jorgezanoni.com.br\/2019\/?p=88189"},"modified":"2024-08-02T22:54:08","modified_gmt":"2024-08-02T22:54:08","slug":"vazio-existencial-o-sentimento-de-que-a-vida-nao-tem-sentido-por-cidinha-pascoaloto","status":"publish","type":"post","link":"https:\/\/jorgezanoni.com.br\/2019\/vazio-existencial-o-sentimento-de-que-a-vida-nao-tem-sentido-por-cidinha-pascoaloto\/","title":{"rendered":"Vazio existencial: o sentimento de que a vida n\u00e3o tem sentido  (por Cidinha Pascoaloto)"},"content":{"rendered":"<p style=\"text-align: justify;\">O vazio existencial \u00e9 uma experi\u00eancia comum a muitos seres humanos. \u00c9 uma sensa\u00e7\u00e3o dolorosa de que o sentido da vida desapareceu e s\u00f3 h\u00e1 sofrimentos e a sensa\u00e7\u00e3o de desconex\u00e3o com o mundo exterior.<\/p>\n<p style=\"text-align: justify;\">\u00a0Sinto que a vida n\u00e3o tem mais sentido, vivo por viver, isso \u00e9 o que chamamos de vazio existencial. Em geral o vazio existencial \u00e9 pontual e passa ap\u00f3s algum tempo e a tristeza tamb\u00e9m passa.<\/p>\n<p style=\"text-align: justify;\">Isso pode acontecer com pessoas que pensam muito na morte ou na falta de liberdade e satisfa\u00e7\u00f5es imediatas que a sociedade alimenta e essas pessoas n\u00e3o conseguem se livrar desse vazio existencial.<\/p>\n<p style=\"text-align: justify;\">\u00a0O indiv\u00edduo com vazio existencial sente que nada o satisfaz e nada o preenche e a pessoa fica aprisionada em um estado psicol\u00f3gico de muito sofrimento e de pensamentos autodestrutivos e esquece de seus valores individuais e de suas experi\u00eancias de vida.<\/p>\n<p style=\"text-align: justify;\">\u00a0Tudo isso leva a um\u00a0profundo estado de frustra\u00e7\u00e3o existencial que esvazia a pessoa por dentro. \u00c9 como se em seu interior houvesse um deserto, e que toda a capacidade de se conectar e sentir os outros \u00e9 perdida. A incapacidade de encontrar sentido na vida faz com que ela se perda na confus\u00e3o de sua exist\u00eancia.<\/p>\n<p style=\"text-align: justify;\">\u00a0O vazio existencial pode ser a raiz de muitos transtornos mentais, comportamentos agressivos, descontrole dos impulsos e de incapacidade.<\/p>\n<p style=\"text-align: justify;\">Alguns sintomas est\u00e3o relacionados com o comportamento de enxergar apenas o lado negativo da vida, desmotiva\u00e7\u00e3o, n\u00e3o comemorar conquistas, se senti sempre sozinho mesmo estando com pessoas a seu lado.<\/p>\n<p style=\"text-align: justify;\">\u00a0As causas podem ser que um indiv\u00edduo apesar de ser bem-sucedido em todas as \u00e1reas da vida ainda sente a falta de algo, mas n\u00e3o consegue identificar o que realmente seria. Isso pode acontecer principalmente se a pessoa leva uma vida indesejadas todas as esferas da vida. Para lidar bem com o vazio existencial fa\u00e7a terapias e cerque-se de pessoas positivas.<\/p>\n<p style=\"text-align: justify;\"><img loading=\"lazy\" decoding=\"async\" class=\"alignnone size-full wp-image-88190\" src=\"https:\/\/jorgezanoni.com.br\/2019\/wp-content\/uploads\/2024\/08\/Cidinha-Pascoaloto.jpg\" alt=\"\" width=\"500\" height=\"755\" srcset=\"https:\/\/jorgezanoni.com.br\/2019\/wp-content\/uploads\/2024\/08\/Cidinha-Pascoaloto.jpg 500w, https:\/\/jorgezanoni.com.br\/2019\/wp-content\/uploads\/2024\/08\/Cidinha-Pascoaloto-199x300.jpg 199w, https:\/\/jorgezanoni.com.br\/2019\/wp-content\/uploads\/2024\/08\/Cidinha-Pascoaloto-278x420.jpg 278w\" sizes=\"auto, (max-width: 500px) 100vw, 500px\" \/>Cidinha Pascoaloto-Psic\u00f3loga, CRP 06\/158174. Presencial e online, contato: (18) 99725-6418<\/p>\n","protected":false},"excerpt":{"rendered":"<p>O vazio existencial \u00e9 uma experi\u00eancia comum a muitos seres humanos. \u00c9 uma sensa\u00e7\u00e3o dolorosa de que o sentido da vida desapareceu e s\u00f3 h\u00e1 sofrimentos e a sensa\u00e7\u00e3o de desconex\u00e3o com o mundo exterior. \u00a0Sinto que a vida n\u00e3o tem mais sentido, vivo por viver, isso \u00e9 o que chamamos de vazio existencial. Em [&hellip;]<\/p>\n","protected":false},"author":1,"featured_media":88191,"comment_status":"closed","ping_status":"open","sticky":false,"template":"","format":"standard","meta":{"footnotes":""},"categories":[175],"tags":[],"class_list":["post-88189","post","type-post","status-publish","format-standard","has-post-thumbnail","hentry","category-artigos"],"_links":{"self":[{"href":"https:\/\/jorgezanoni.com.br\/2019\/wp-json\/wp\/v2\/posts\/88189","targetHints":{"allow":["GET"]}}],"collection":[{"href":"https:\/\/jorgezanoni.com.br\/2019\/wp-json\/wp\/v2\/posts"}],"about":[{"href":"https:\/\/jorgezanoni.com.br\/2019\/wp-json\/wp\/v2\/types\/post"}],"author":[{"embeddable":true,"href":"https:\/\/jorgezanoni.com.br\/2019\/wp-json\/wp\/v2\/users\/1"}],"replies":[{"embeddable":true,"href":"https:\/\/jorgezanoni.com.br\/2019\/wp-json\/wp\/v2\/comments?post=88189"}],"version-history":[{"count":1,"href":"https:\/\/jorgezanoni.com.br\/2019\/wp-json\/wp\/v2\/posts\/88189\/revisions"}],"predecessor-version":[{"id":88192,"href":"https:\/\/jorgezanoni.com.br\/2019\/wp-json\/wp\/v2\/posts\/88189\/revisions\/88192"}],"wp:featuredmedia":[{"embeddable":true,"href":"https:\/\/jorgezanoni.com.br\/2019\/wp-json\/wp\/v2\/media\/88191"}],"wp:attachment":[{"href":"https:\/\/jorgezanoni.com.br\/2019\/wp-json\/wp\/v2\/media?parent=88189"}],"wp:term":[{"taxonomy":"category","embeddable":true,"href":"https:\/\/jorgezanoni.com.br\/2019\/wp-json\/wp\/v2\/categories?post=88189"},{"taxonomy":"post_tag","embeddable":true,"href":"https:\/\/jorgezanoni.com.br\/2019\/wp-json\/wp\/v2\/tags?post=88189"}],"curies":[{"name":"wp","href":"https:\/\/api.w.org\/{rel}","templated":true}]}}