{"id":8817,"date":"2019-10-14T23:46:48","date_gmt":"2019-10-14T23:46:48","guid":{"rendered":"https:\/\/jorgezanoni.com.br\/2019\/?p=8817"},"modified":"2019-10-14T23:46:48","modified_gmt":"2019-10-14T23:46:48","slug":"dono-de-caminhonete-que-caiu-de-ribanceira-diz-que-teve-pressentimento-esquisito","status":"publish","type":"post","link":"https:\/\/jorgezanoni.com.br\/2019\/dono-de-caminhonete-que-caiu-de-ribanceira-diz-que-teve-pressentimento-esquisito\/","title":{"rendered":"Dono de caminhonete que caiu de ribanceira diz que teve &#8216;pressentimento esquisito&#8217;"},"content":{"rendered":"<h2 class=\"content-head__subtitle\" style=\"text-align: justify;\"><strong>Seis pessoas morreram em acidente que aconteceu na Regi\u00e3o de Curitiba no fim da tarde de domingo (13). Filho, neto e irm\u00e3o do propriet\u00e1rio do ve\u00edculo est\u00e3o entre as v\u00edtimas.<\/strong><\/h2>\n<p style=\"text-align: justify;\"><img loading=\"lazy\" decoding=\"async\" class=\"alignnone size-full wp-image-8818\" src=\"https:\/\/jorgezanoni.com.br\/2019\/wp-content\/uploads\/2019\/10\/luiz.jpg\" alt=\"\" width=\"1000\" height=\"800\" srcset=\"https:\/\/jorgezanoni.com.br\/2019\/wp-content\/uploads\/2019\/10\/luiz.jpg 1000w, https:\/\/jorgezanoni.com.br\/2019\/wp-content\/uploads\/2019\/10\/luiz-300x240.jpg 300w, https:\/\/jorgezanoni.com.br\/2019\/wp-content\/uploads\/2019\/10\/luiz-768x614.jpg 768w, https:\/\/jorgezanoni.com.br\/2019\/wp-content\/uploads\/2019\/10\/luiz-696x557.jpg 696w, https:\/\/jorgezanoni.com.br\/2019\/wp-content\/uploads\/2019\/10\/luiz-525x420.jpg 525w\" sizes=\"auto, (max-width: 1000px) 100vw, 1000px\" \/>Luiz perdeu o filho, o neto e o irm\u00e3o no acidente \u2014 Foto: Reprodu\u00e7\u00e3o\/RPC<\/p>\n<div class=\"mc-column content-text active-extra-styles \" style=\"text-align: justify;\" data-block-type=\"unstyled\" data-block-weight=\"47\" data-block-id=\"2\">\n<p class=\"content-text__container \" style=\"text-align: justify;\" data-track-category=\"Link no Texto\" data-track-links=\"\">O dono da caminhonete que caiu de uma ribanceira na Regi\u00e3o Metropolitana de Curitiba, no fim da tarde de domingo (13), afirmou que teve um &#8220;pressentimento esquisito&#8221; e, por isso, n\u00e3o foi ao culto junto com os 30 fi\u00e9is que estavam no ve\u00edculo.\u00a0<a href=\"https:\/\/g1.globo.com\/pr\/parana\/noticia\/2019\/10\/14\/sobe-para-seis-o-numero-de-mortos-em-acidente-com-veiculo-que-caiu-de-ribanceira-na-regiao-de-curitiba.ghtml\">Seis pessoas morreram.<\/a><\/p>\n<\/div>\n<div class=\"wall protected-content\" style=\"text-align: justify;\">\n<div class=\"mc-column content-text active-extra-styles \" style=\"text-align: justify;\" data-block-type=\"unstyled\" data-block-weight=\"39\" data-block-id=\"3\">\n<p class=\"content-text__container \" data-track-category=\"Link no Texto\" data-track-links=\"\">Luiz Cavalheiro disse, nesta segunda-feira (14), que desistiu de ir para o culto em cima da hora, dez minutos antes: &#8220;Sentia que n\u00e3o era para eu ir&#8221;. Era o filho de Luiz quem dirigia o ve\u00edculo. Ele morreu.<\/p>\n<\/div>\n<div class=\"mc-column content-text active-extra-styles\" style=\"text-align: justify;\" data-block-type=\"raw\" data-block-weight=\"26\" data-block-id=\"4\">\n<blockquote class=\"content-blockquote theme-border-color-primary-before\"><p>&#8220;H\u00e1 dias vinha pressentindo uma coisa. Parece que estava faltando algu\u00e9m da fam\u00edlia, s\u00f3 n\u00e3o sabia de que maneira. Acabei n\u00e3o indo, fiquei em casa&#8221;, afirmou.<\/p><\/blockquote>\n<\/div>\n<div class=\"mc-column content-text active-extra-styles\" data-block-type=\"raw\" data-block-weight=\"2\" data-block-id=\"5\">\n<div class=\"content-intertitle\">\n<h2 style=\"text-align: justify;\">Transporte irregular<\/h2>\n<p style=\"text-align: justify;\"><img loading=\"lazy\" decoding=\"async\" class=\"alignnone size-full wp-image-8819\" src=\"https:\/\/jorgezanoni.com.br\/2019\/wp-content\/uploads\/2019\/10\/cadeiras.jpg\" alt=\"\" width=\"1000\" height=\"596\" srcset=\"https:\/\/jorgezanoni.com.br\/2019\/wp-content\/uploads\/2019\/10\/cadeiras.jpg 1000w, https:\/\/jorgezanoni.com.br\/2019\/wp-content\/uploads\/2019\/10\/cadeiras-300x179.jpg 300w, https:\/\/jorgezanoni.com.br\/2019\/wp-content\/uploads\/2019\/10\/cadeiras-768x458.jpg 768w, https:\/\/jorgezanoni.com.br\/2019\/wp-content\/uploads\/2019\/10\/cadeiras-696x415.jpg 696w, https:\/\/jorgezanoni.com.br\/2019\/wp-content\/uploads\/2019\/10\/cadeiras-705x420.jpg 705w\" sizes=\"auto, (max-width: 1000px) 100vw, 1000px\" \/>V\u00edtimas de acidente na PR-092, na Regi\u00e3o Metropolitana de Curitiba, estavam em cadeiras soltas na carroceria da caminhonete, segundo a PRE \u2014 Foto: foto cedida pela PRE<\/p>\n<div class=\"mc-column content-text active-extra-styles \" style=\"text-align: justify;\" data-block-type=\"unstyled\" data-block-weight=\"30\" data-block-id=\"8\">\n<p class=\"content-text__container \" data-track-category=\"Link no Texto\" data-track-links=\"\">O transporte dos fi\u00e9is era feito de forma irregular. As pessoas estavam em cadeiras em cima da carroceria \u2013 o que configura infra\u00e7\u00e3o grav\u00edssima perante o C\u00f3digo de Tr\u00e2nsito brasileiro.<\/p>\n<\/div>\n<div class=\"mc-column content-text active-extra-styles \" style=\"text-align: justify;\" data-block-type=\"unstyled\" data-block-weight=\"30\" data-block-id=\"9\">\n<p class=\"content-text__container \" data-track-category=\"Link no Texto\" data-track-links=\"\">Al\u00e9m disso, segundo a Pol\u00edcia Rodovi\u00e1ria Estadual (PRE), o motorista estava com a carteira de habilita\u00e7\u00e3o vencida, e o Imposto sobre a Propriedade de Ve\u00edculos Automotores (IPVA) est\u00e1 atrasado.<\/p>\n<\/div>\n<div class=\"mc-column content-text active-extra-styles \" style=\"text-align: justify;\" data-block-type=\"unstyled\" data-block-weight=\"12\" data-block-id=\"10\">\n<p class=\"content-text__container \" data-track-category=\"Link no Texto\" data-track-links=\"\">Segundo a Pol\u00edcia Civil, Luiz Cavalheiro deve ser ouvido na ter\u00e7a-feira (15).<\/p>\n<\/div>\n<div class=\"mc-column content-text active-extra-styles \" data-block-type=\"unstyled\" data-block-weight=\"16\" data-block-id=\"11\">\n<p class=\"content-text__container \" style=\"text-align: justify;\" data-track-category=\"Link no Texto\" data-track-links=\"\">A Prefeitura de Doutor Ulysses decretou luto oficial de tr\u00eas dias, por causa das mortes.<\/p>\n<div class=\"mc-column content-text active-extra-styles\" style=\"text-align: justify;\" data-block-type=\"raw\" data-block-weight=\"5\" data-block-id=\"13\">\n<div class=\"content-intertitle\">\n<h2>Filho, neto e irm\u00e3o morreram<\/h2>\n<\/div>\n<\/div>\n<div class=\"mc-column content-text active-extra-styles \" style=\"text-align: justify;\" data-block-type=\"unstyled\" data-block-weight=\"12\" data-block-id=\"14\">\n<p class=\"content-text__container \" data-track-category=\"Link no Texto\" data-track-links=\"\">Al\u00e9m do filho, Luiz perdeu o neto e o irm\u00e3o no acidente.<\/p>\n<\/div>\n<div class=\"mc-column content-text active-extra-styles \" style=\"text-align: justify;\" data-block-type=\"unstyled\" data-block-weight=\"16\" data-block-id=\"15\">\n<p class=\"content-text__container \" data-track-category=\"Link no Texto\" data-track-links=\"\">&#8220;Ainda n\u00e3o consigo [chorar]. \u00c9 muita dor&#8221;, afirmou Luiz. Ele disse que est\u00e1 muito abalado.<\/p>\n<\/div>\n<div class=\"mc-column content-text active-extra-styles \" style=\"text-align: justify;\" data-block-type=\"unstyled\" data-block-weight=\"41\" data-block-id=\"16\">\n<p class=\"content-text__container \" data-track-category=\"Link no Texto\" data-track-links=\"\"><a href=\"https:\/\/g1.globo.com\/pr\/parana\/noticia\/2019\/10\/13\/veiculo-com-mais-de-20-pessoas-cai-em-ribanceira-na-pr-092-diz-policia.ghtml\">O acidente aconteceu na PR-092<\/a>, entre Cerro Azul e Doutor Ulysses. O grupo retornava para Cerro Azul, depois de um culto evang\u00e9lico em Doutor Ulysses, segundo a Pol\u00edcia Rodovi\u00e1ria Estadual (PRE). O trecho que seria percorrido seria de 23 quil\u00f4metros.<\/p>\n<\/div>\n<div class=\"mc-column content-text active-extra-styles \" style=\"text-align: justify;\" data-block-type=\"unstyled\" data-block-weight=\"31\" data-block-id=\"17\">\n<p class=\"content-text__container \" data-track-category=\"Link no Texto\" data-track-links=\"\">A esposa de Luiz, m\u00e3e do motorista, tamb\u00e9m estava no ve\u00edculo. Ela ficou ferida, mas j\u00e1 recebeu alta do hospital, segundo Luiz. Outra v\u00edtima que se feriu \u00e9 a nora dele.<\/p>\n<\/div>\n<div class=\"mc-column content-text active-extra-styles \" style=\"text-align: justify;\" data-block-type=\"unstyled\" data-block-weight=\"30\" data-block-id=\"18\">\n<p class=\"content-text__container \" data-track-category=\"Link no Texto\" data-track-links=\"\">Mais de 20 pessoas se feriram. Todos os feridos foram levados a hospitais de Curitiba. At\u00e9 o meio-dia desta segunda-feira (14), pelo menos seis v\u00edtimas j\u00e1 tinham sido liberadas.<\/p>\n<\/div>\n<div class=\"row medium-uncollapsed content-media content-photo\" data-block-type=\"backstage-photo\" data-block-id=\"20\">\n<div class=\"mc-column content-media__container\">\n<div class=\"progressive-img can-open-lightbox\" style=\"text-align: justify;\" data-min-size=\"1008x806\" data-min-size-url=\"https:\/\/s2.glbimg.com\/vBwXCtD0lmw8yfiGiGyr6xOK1X8=\/0x0:1280x1024\/1008x0\/smart\/filters:strip_icc()\/i.s3.glbimg.com\/v1\/AUTH_59edd422c0c84a879bd37670ae4f538a\/internal_photos\/bs\/2019\/L\/t\/0cl3W2TwG6t9ePtH5Qkg\/seis-pessoas-morreram-no-acidente.jpg\" data-max-size=\"1600x1280\" data-max-size-url=\"https:\/\/s2.glbimg.com\/W6ujj-PuYd-DabXW2DaHkOa5x9c=\/0x0:1280x1024\/1600x0\/smart\/filters:strip_icc()\/i.s3.glbimg.com\/v1\/AUTH_59edd422c0c84a879bd37670ae4f538a\/internal_photos\/bs\/2019\/L\/t\/0cl3W2TwG6t9ePtH5Qkg\/seis-pessoas-morreram-no-acidente.jpg\" data-media-index=\"3\"><img decoding=\"async\" class=\"progressive-draft\" title=\"Seis pessoas morreram no acidente \u2014 Foto: Reprodu\u00e7\u00e3o\/RPC\" src=\"data:image\/jpeg;base64,\/9j\/4AAQSkZJRgABAQAAAQABAAD\/2wBDAAMCAgMCAgMDAwMEAwMEBQgFBQQEBQoHBwYIDAoMDAsKCwsNDhIQDQ4RDgsLEBYQERMUFRUVDA8XGBYUGBIUFRT\/2wBDAQMEBAUEBQkFBQkUDQsNFBQUFBQUFBQUFBQUFBQUFBQUFBQUFBQUFBQUFBQUFBQUFBQUFBQUFBQUFBQUFBQUFBT\/wgARCAAUABkDASIAAhEBAxEB\/8QAGgAAAgIDAAAAAAAAAAAAAAAAAAUHCAIDBv\/EABYBAQEBAAAAAAAAAAAAAAAAAAIAA\/\/aAAwDAQACEAMQAAABhdpL3UY7Vqje4tOmGuwGMVAV\/8QAHRAAAQUBAAMAAAAAAAAAAAAABQABAgMEBhIVMv\/aAAgBAQABBQIVyl23E3FzdyfIX5MS5K7yAfUj8IuAVRXbTX7kgpl91kF\/\/8QAGxEAAQQDAAAAAAAAAAAAAAAAEQABAhIQEyH\/2gAIAQMBAT8B2BhVlKVujP8A\/8QAGhEAAgIDAAAAAAAAAAAAAAAAARECEgAQE\/\/aAAgBAgEBPwHky7HIxqE9\/wD\/xAAnEAACAQMBBgcAAAAAAAAAAAABAgMABBExEBMhNEGBBRIUIpGT0f\/aAAgBAQAGPwL1EltcFX4xtEUwR3Ncrd9ni\/aaZLW5Up7nMrR4C9jssot2wKx53nl146Vr88K8ROFyIHx16bFSO8nRBoqyEAVz1x9ppka8uGRhgqZTg7P\/xAAgEAEAAQMDBQAAAAAAAAAAAAABEQAhMRBBgVFxwfDx\/9oACAEBAAE\/ITsTxvEvE5KjQq4KE8UsaQZS6uNFEO4phVyinj\/OmBNiLy\/fbQcnx2+Aa9n81I3QqHRJvp\/\/2gAMAwEAAgADAAAAEGNIHP\/EABwRAAEDBQAAAAAAAAAAAAAAAAEAESEQMVFxsf\/aAAgBAwEBPxACJw2RPU9gGrV\/\/8QAHBEAAQMFAAAAAAAAAAAAAAAAAQARMRAhUXGh\/9oACAECAQE\/EC6YPg2HFNB3Nf\/EAB0QAQACAwADAQAAAAAAAAAAAAERIQAQMUFRYZH\/2gAIAQEAAT8Qtt0GZShGSgw8jLAp5\/E4fcERsmBIpHJ0F4JzRyrJEtEfcKqdBV9fAYuAiShBhk1bPOoW+g1KwABKte9S2tmWTpVAPp1\/\/9k=\" alt=\"Seis pessoas morreram no acidente \u2014 Foto: Reprodu\u00e7\u00e3o\/RPC\" \/><picture><source srcset=\"https:\/\/s2.glbimg.com\/MeX03m-E3IL7ZcKJXwnUFduggys=\/0x0:1280x1024\/600x0\/smart\/filters:strip_icc()\/i.s3.glbimg.com\/v1\/AUTH_59edd422c0c84a879bd37670ae4f538a\/internal_photos\/bs\/2019\/L\/t\/0cl3W2TwG6t9ePtH5Qkg\/seis-pessoas-morreram-no-acidente.jpg 1x, https:\/\/s2.glbimg.com\/svBdcdyo4wtKLt7kIiY7aaryjCQ=\/0x0:1280x1024\/1200x0\/smart\/filters:strip_icc()\/i.s3.glbimg.com\/v1\/AUTH_59edd422c0c84a879bd37670ae4f538a\/internal_photos\/bs\/2019\/L\/t\/0cl3W2TwG6t9ePtH5Qkg\/seis-pessoas-morreram-no-acidente.jpg 2x\" media=\"(max-width: 1024px)\" data-src=\"https:\/\/s2.glbimg.com\/MeX03m-E3IL7ZcKJXwnUFduggys=\/0x0:1280x1024\/600x0\/smart\/filters:strip_icc()\/i.s3.glbimg.com\/v1\/AUTH_59edd422c0c84a879bd37670ae4f538a\/internal_photos\/bs\/2019\/L\/t\/0cl3W2TwG6t9ePtH5Qkg\/seis-pessoas-morreram-no-acidente.jpg 1x, https:\/\/s2.glbimg.com\/svBdcdyo4wtKLt7kIiY7aaryjCQ=\/0x0:1280x1024\/1200x0\/smart\/filters:strip_icc()\/i.s3.glbimg.com\/v1\/AUTH_59edd422c0c84a879bd37670ae4f538a\/internal_photos\/bs\/2019\/L\/t\/0cl3W2TwG6t9ePtH5Qkg\/seis-pessoas-morreram-no-acidente.jpg 2x\" \/><source srcset=\"https:\/\/s2.glbimg.com\/O3YMzWnWMELa-G3UcD2yl1VKa_Q=\/0x0:1280x1024\/640x0\/smart\/filters:strip_icc()\/i.s3.glbimg.com\/v1\/AUTH_59edd422c0c84a879bd37670ae4f538a\/internal_photos\/bs\/2019\/L\/t\/0cl3W2TwG6t9ePtH5Qkg\/seis-pessoas-morreram-no-acidente.jpg 1x, https:\/\/s2.glbimg.com\/3EGAy7Z8fBfo3WaAA4WgzyBKcK4=\/0x0:1280x1024\/1280x0\/smart\/filters:strip_icc()\/i.s3.glbimg.com\/v1\/AUTH_59edd422c0c84a879bd37670ae4f538a\/internal_photos\/bs\/2019\/L\/t\/0cl3W2TwG6t9ePtH5Qkg\/seis-pessoas-morreram-no-acidente.jpg 2x\" media=\"(max-width: 1280px)\" data-src=\"https:\/\/s2.glbimg.com\/O3YMzWnWMELa-G3UcD2yl1VKa_Q=\/0x0:1280x1024\/640x0\/smart\/filters:strip_icc()\/i.s3.glbimg.com\/v1\/AUTH_59edd422c0c84a879bd37670ae4f538a\/internal_photos\/bs\/2019\/L\/t\/0cl3W2TwG6t9ePtH5Qkg\/seis-pessoas-morreram-no-acidente.jpg 1x, https:\/\/s2.glbimg.com\/3EGAy7Z8fBfo3WaAA4WgzyBKcK4=\/0x0:1280x1024\/1280x0\/smart\/filters:strip_icc()\/i.s3.glbimg.com\/v1\/AUTH_59edd422c0c84a879bd37670ae4f538a\/internal_photos\/bs\/2019\/L\/t\/0cl3W2TwG6t9ePtH5Qkg\/seis-pessoas-morreram-no-acidente.jpg 2x\" \/><source srcset=\"https:\/\/s2.glbimg.com\/NxS4tKaqnEHJiRXQ7YSUgG0xIho=\/0x0:1280x1024\/984x0\/smart\/filters:strip_icc()\/i.s3.glbimg.com\/v1\/AUTH_59edd422c0c84a879bd37670ae4f538a\/internal_photos\/bs\/2019\/L\/t\/0cl3W2TwG6t9ePtH5Qkg\/seis-pessoas-morreram-no-acidente.jpg 1x, https:\/\/s2.glbimg.com\/KZzgpyFF9R9a3JOzrkyvWzku2jw=\/0x0:1280x1024\/1968x0\/smart\/filters:strip_icc()\/i.s3.glbimg.com\/v1\/AUTH_59edd422c0c84a879bd37670ae4f538a\/internal_photos\/bs\/2019\/L\/t\/0cl3W2TwG6t9ePtH5Qkg\/seis-pessoas-morreram-no-acidente.jpg 2x\" media=\"(max-width: 1360px)\" data-src=\"https:\/\/s2.glbimg.com\/NxS4tKaqnEHJiRXQ7YSUgG0xIho=\/0x0:1280x1024\/984x0\/smart\/filters:strip_icc()\/i.s3.glbimg.com\/v1\/AUTH_59edd422c0c84a879bd37670ae4f538a\/internal_photos\/bs\/2019\/L\/t\/0cl3W2TwG6t9ePtH5Qkg\/seis-pessoas-morreram-no-acidente.jpg 1x, https:\/\/s2.glbimg.com\/KZzgpyFF9R9a3JOzrkyvWzku2jw=\/0x0:1280x1024\/1968x0\/smart\/filters:strip_icc()\/i.s3.glbimg.com\/v1\/AUTH_59edd422c0c84a879bd37670ae4f538a\/internal_photos\/bs\/2019\/L\/t\/0cl3W2TwG6t9ePtH5Qkg\/seis-pessoas-morreram-no-acidente.jpg 2x\" \/><source srcset=\"https:\/\/s2.glbimg.com\/mf0w7WJgzNV-uifJSybNuIBFHR0=\/0x0:1280x1024\/1000x0\/smart\/filters:strip_icc()\/i.s3.glbimg.com\/v1\/AUTH_59edd422c0c84a879bd37670ae4f538a\/internal_photos\/bs\/2019\/L\/t\/0cl3W2TwG6t9ePtH5Qkg\/seis-pessoas-morreram-no-acidente.jpg 1x, https:\/\/s2.glbimg.com\/_21c2ru97f035O3DY9VwbW3TXW8=\/0x0:1280x1024\/2000x0\/smart\/filters:strip_icc()\/i.s3.glbimg.com\/v1\/AUTH_59edd422c0c84a879bd37670ae4f538a\/internal_photos\/bs\/2019\/L\/t\/0cl3W2TwG6t9ePtH5Qkg\/seis-pessoas-morreram-no-acidente.jpg 2x\" media=\"(min-width: 1361px)\" data-src=\"https:\/\/s2.glbimg.com\/mf0w7WJgzNV-uifJSybNuIBFHR0=\/0x0:1280x1024\/1000x0\/smart\/filters:strip_icc()\/i.s3.glbimg.com\/v1\/AUTH_59edd422c0c84a879bd37670ae4f538a\/internal_photos\/bs\/2019\/L\/t\/0cl3W2TwG6t9ePtH5Qkg\/seis-pessoas-morreram-no-acidente.jpg 1x, https:\/\/s2.glbimg.com\/_21c2ru97f035O3DY9VwbW3TXW8=\/0x0:1280x1024\/2000x0\/smart\/filters:strip_icc()\/i.s3.glbimg.com\/v1\/AUTH_59edd422c0c84a879bd37670ae4f538a\/internal_photos\/bs\/2019\/L\/t\/0cl3W2TwG6t9ePtH5Qkg\/seis-pessoas-morreram-no-acidente.jpg 2x\" \/><source srcset=\"https:\/\/s2.glbimg.com\/NxS4tKaqnEHJiRXQ7YSUgG0xIho=\/0x0:1280x1024\/984x0\/smart\/filters:strip_icc()\/i.s3.glbimg.com\/v1\/AUTH_59edd422c0c84a879bd37670ae4f538a\/internal_photos\/bs\/2019\/L\/t\/0cl3W2TwG6t9ePtH5Qkg\/seis-pessoas-morreram-no-acidente.jpg\" data-src=\"https:\/\/s2.glbimg.com\/NxS4tKaqnEHJiRXQ7YSUgG0xIho=\/0x0:1280x1024\/984x0\/smart\/filters:strip_icc()\/i.s3.glbimg.com\/v1\/AUTH_59edd422c0c84a879bd37670ae4f538a\/internal_photos\/bs\/2019\/L\/t\/0cl3W2TwG6t9ePtH5Qkg\/seis-pessoas-morreram-no-acidente.jpg\" \/><img decoding=\"async\" class=\"image content-media__image progressive-loaded\" title=\"Seis pessoas morreram no acidente \u2014 Foto: Reprodu\u00e7\u00e3o\/RPC\" src=\"https:\/\/s2.glbimg.com\/NxS4tKaqnEHJiRXQ7YSUgG0xIho=\/0x0:1280x1024\/984x0\/smart\/filters:strip_icc()\/i.s3.glbimg.com\/v1\/AUTH_59edd422c0c84a879bd37670ae4f538a\/internal_photos\/bs\/2019\/L\/t\/0cl3W2TwG6t9ePtH5Qkg\/seis-pessoas-morreram-no-acidente.jpg\" alt=\"Seis pessoas morreram no acidente \u2014 Foto: Reprodu\u00e7\u00e3o\/RPC\" data-src=\"https:\/\/s2.glbimg.com\/NxS4tKaqnEHJiRXQ7YSUgG0xIho=\/0x0:1280x1024\/984x0\/smart\/filters:strip_icc()\/i.s3.glbimg.com\/v1\/AUTH_59edd422c0c84a879bd37670ae4f538a\/internal_photos\/bs\/2019\/L\/t\/0cl3W2TwG6t9ePtH5Qkg\/seis-pessoas-morreram-no-acidente.jpg\" \/><\/picture><\/div>\n<p class=\"content-media__description \">Seis pessoas morreram no acidente \u2014 Foto: Reprodu\u00e7\u00e3o\/RPC<\/p>\n<\/div>\n<\/div>\n<div class=\"mc-column content-text active-extra-styles\" data-block-type=\"raw\" data-block-weight=\"2\" data-block-id=\"21\">\n<div class=\"content-intertitle\">\n<h2>IPVA atrasado<\/h2>\n<h2>&#8220;N\u00e3o sei como foi acontecer isso. Caminhonete nova, amanh\u00e3 est\u00e1 completando o 1\u00ba anivers\u00e1rio. Eu tirei ela nova, a caminhonete \u00e9 minha, para o meu filho trabalhar\u201d, contou Luiz.<\/h2>\n<\/div>\n<\/div>\n<div class=\"mc-column content-text active-extra-styles \" data-block-type=\"unstyled\" data-block-weight=\"14\" data-block-id=\"23\">\n<p class=\"content-text__container \" data-track-category=\"Link no Texto\" data-track-links=\"\">De acordo com Luiz, o filho dirigia caminh\u00f5es h\u00e1 mais de dez anos.<\/p>\n<\/div>\n<div class=\"mc-column content-text active-extra-styles \" data-block-type=\"unstyled\" data-block-weight=\"27\" data-block-id=\"24\">\n<p class=\"content-text__container \" data-track-category=\"Link no Texto\" data-track-links=\"\">O dono da caminhonete afirmou que ela estava com o Imposto sobre a Propriedade de Ve\u00edculos Automotores (IPVA) atrasado. Por\u00e9m, garantiu que a condi\u00e7\u00e3o dela era boa.<\/p>\n<\/div>\n<div class=\"mc-column content-text active-extra-styles\" data-block-type=\"raw\" data-block-weight=\"25\" data-block-id=\"25\">\n<blockquote class=\"content-blockquote theme-border-color-primary-before\"><p>&#8220;O carro estava bem revisado. Faz um m\u00eas e pouquinho que eu mandei fazer a revis\u00e3o aqui em Curitiba. Ent\u00e3o, estava tudo em ordem&#8221;, afirmou.<\/p><\/blockquote>\n<\/div>\n<div class=\"mc-column content-text active-extra-styles\" data-block-type=\"raw\" data-block-weight=\"1\" data-block-id=\"26\">\n<div class=\"content-intertitle\">\n<h2>&#8216;Apag\u00e3o&#8217;<\/h2>\n<\/div>\n<\/div>\n<div class=\"mc-column content-text active-extra-styles \" data-block-type=\"unstyled\" data-block-weight=\"11\" data-block-id=\"27\">\n<p class=\"content-text__container \" data-track-category=\"Link no Texto\" data-track-links=\"\">Luiz disse que o filho conhecia muito bem o trajeto.<\/p>\n<\/div>\n<div class=\"mc-column content-text active-extra-styles\" data-block-type=\"raw\" data-block-weight=\"9\" data-block-id=\"28\">\n<blockquote class=\"content-blockquote theme-border-color-primary-before\"><p>&#8220;Eu acho que ele passou mal no volante&#8221;, explicou.<\/p><\/blockquote>\n<\/div>\n<div class=\"mc-column content-text active-extra-styles \" data-block-type=\"unstyled\" data-block-weight=\"36\" data-block-id=\"29\">\n<p class=\"content-text__container \" data-track-category=\"Link no Texto\" data-track-links=\"\">Luiz contou que h\u00e1 aproximadamente dois meses o filho passou mal, teve uma esp\u00e9cie de apag\u00e3o. Mas, naquele dia, o filho que n\u00e3o tinha se alimentado \u2013 diferentemente do que aconteceu no domingo, conforme Luiz.<\/p>\n<\/div>\n<div class=\"mc-column content-text active-extra-styles \" data-block-type=\"unstyled\" data-block-weight=\"14\" data-block-id=\"30\">\n<p class=\"content-text__container \" data-track-category=\"Link no Texto\" data-track-links=\"\">Luiz ainda garantiu que o filho n\u00e3o consumiu bebida alco\u00f3lica antes de dirigir.<\/p>\n<\/div>\n<div class=\"mc-column content-text active-extra-styles\" data-block-type=\"raw\" data-block-weight=\"2\" data-block-id=\"31\">\n<div class=\"content-intertitle\">\n<h2>Estrada sinuosa<\/h2>\n<\/div>\n<\/div>\n<div class=\"mc-column content-text active-extra-styles \" data-block-type=\"unstyled\" data-block-weight=\"36\" data-block-id=\"32\">\n<p class=\"content-text__container \" data-track-category=\"Link no Texto\" data-track-links=\"\">O acidente foi registrado na altura do km 124 da rodovia. N\u00e3o tem asfalto no local, e o acesso \u00e9 dif\u00edcil. A ribanceira de onde a caminhonete caiu tem 40 metros de altura, conforme os bombeiros.<\/p>\n<\/div>\n<div class=\"mc-column content-text active-extra-styles \" data-block-type=\"unstyled\" data-block-weight=\"37\" data-block-id=\"34\">\n<p class=\"content-text__container \" data-track-category=\"Link no Texto\" data-track-links=\"\">&#8220;Estrada sinuosa, um trecho de estrada de ch\u00e3o bastante sinuoso tamb\u00e9m. A equipe demorou bastante para chegar ao local, em torno de tr\u00eas horas&#8221;, disse o subtenente Coelho, do Corpo de Bombeiros. Ele ajudou no resgate.<\/p>\n<\/div>\n<div class=\"row medium-uncollapsed content-media content-photo\" data-block-type=\"backstage-photo\" data-block-id=\"35\">\n<div class=\"mc-column content-media__container\">\n<div class=\"progressive-img can-open-lightbox\" data-min-size=\"1008x1223\" data-min-size-url=\"https:\/\/s2.glbimg.com\/g1cOIMPW_5slfaQuwJEFywhETyQ=\/0x0:1600x1942\/1008x0\/smart\/filters:strip_icc()\/i.s3.glbimg.com\/v1\/AUTH_59edd422c0c84a879bd37670ae4f538a\/internal_photos\/bs\/2019\/j\/p\/AnYJEmRzebaA5f2qzQLw\/acidente-curitiba-v2-1-.png\" data-max-size=\"1600x1942\" data-max-size-url=\"https:\/\/s2.glbimg.com\/zR8mpDunvy95X7IruOV4H1ncSAQ=\/0x0:1600x1942\/1600x0\/smart\/filters:strip_icc()\/i.s3.glbimg.com\/v1\/AUTH_59edd422c0c84a879bd37670ae4f538a\/internal_photos\/bs\/2019\/j\/p\/AnYJEmRzebaA5f2qzQLw\/acidente-curitiba-v2-1-.png\" data-media-index=\"4\"><img decoding=\"async\" class=\"progressive-draft\" title=\"Acidente aconteceu no fim da tarde de domingo (13), na Regi\u00e3o Metropolitana de Curitiba \u2014 Foto:  Juliane Souza\/G1\" src=\"data:image\/jpeg;base64,\/9j\/4AAQSkZJRgABAQAAAQABAAD\/2wBDAAMCAgMCAgMDAwMEAwMEBQgFBQQEBQoHBwYIDAoMDAsKCwsNDhIQDQ4RDgsLEBYQERMUFRUVDA8XGBYUGBIUFRT\/2wBDAQMEBAUEBQkFBQkUDQsNFBQUFBQUFBQUFBQUFBQUFBQUFBQUFBQUFBQUFBQUFBQUFBQUFBQUFBQUFBQUFBQUFBT\/wgARCAAeABkDASIAAhEBAxEB\/8QAGAABAQEBAQAAAAAAAAAAAAAABAIDBQf\/xAAWAQEBAQAAAAAAAAAAAAAAAAAAAQL\/2gAMAwEAAhADEAAAAfb++rCErFdWaUzcaYsZ\/8QAHxAAAgICAQUAAAAAAAAAAAAAAgMAAQQSEQUQExQi\/9oACAEBAAEFAmsxUNHp2NVpQnHrepxRQS476zYDPmaHMdYvH1xAvBPuf\/\/EABcRAAMBAAAAAAAAAAAAAAAAAAEQESH\/2gAIAQMBAT8BRExf\/8QAFBEBAAAAAAAAAAAAAAAAAAAAIP\/aAAgBAgEBPwEf\/8QAJBAAAQMCBAcAAAAAAAAAAAAAAQACERIhAyIxQQQQEzJSYXH\/2gAIAQEABj8CpHDOLi6mwXaL30UYeQTMBaoiFT03oW5xUC4bBQHNn6tkMbMCTpUqxM+3IxIv5lbL\/8QAHxABAQACAQQDAAAAAAAAAAAAAREAITEQQWGRUXHB\/9oACAEBAAE\/IRCU63v6yg+cO7EQj00C542KER5n7i7oWXkxLxIbKcdL8e8ihhyONXsuPRJ5UO9OXDdq7Em80q1pmFx\/\/9oADAMBAAIAAwAAABCvChr\/xAAaEQEAAQUAAAAAAAAAAAAAAAABABARIUGx\/9oACAEDAQE\/EAvQ2pydiGmf\/8QAFhEBAQEAAAAAAAAAAAAAAAAAARAR\/9oACAECAQE\/EIOmk\/\/EACAQAQEAAgIBBQEAAAAAAAAAAAERACExQVFhcYGx8OH\/2gAIAQEAAT8QQ0vZRI03UTfXeRlxOkpNtyrVQqPc+M\/E4E0Ausb47eudqEnxXkVqfGHyQhRXTvh25H0zbOfswecxsrYiHO\/OG01wF37Dc\/U\/uNK34NC40TVkyHzrsI3W\/P1jZN9CFq7gec\/e5\/\/Z\" alt=\"Acidente aconteceu no fim da tarde de domingo (13), na Regi\u00e3o Metropolitana de Curitiba \u2014 Foto:  Juliane Souza\/G1\" \/><picture><source srcset=\"https:\/\/s2.glbimg.com\/8ReO7MgdS4d65MLPhF7COp5_544=\/0x0:1600x1942\/600x0\/smart\/filters:strip_icc()\/i.s3.glbimg.com\/v1\/AUTH_59edd422c0c84a879bd37670ae4f538a\/internal_photos\/bs\/2019\/j\/p\/AnYJEmRzebaA5f2qzQLw\/acidente-curitiba-v2-1-.png 1x, https:\/\/s2.glbimg.com\/hf5a_n_xEb25sZgDucbnIZ3dgUU=\/0x0:1600x1942\/1200x0\/smart\/filters:strip_icc()\/i.s3.glbimg.com\/v1\/AUTH_59edd422c0c84a879bd37670ae4f538a\/internal_photos\/bs\/2019\/j\/p\/AnYJEmRzebaA5f2qzQLw\/acidente-curitiba-v2-1-.png 2x\" media=\"(max-width: 1024px)\" data-src=\"https:\/\/s2.glbimg.com\/8ReO7MgdS4d65MLPhF7COp5_544=\/0x0:1600x1942\/600x0\/smart\/filters:strip_icc()\/i.s3.glbimg.com\/v1\/AUTH_59edd422c0c84a879bd37670ae4f538a\/internal_photos\/bs\/2019\/j\/p\/AnYJEmRzebaA5f2qzQLw\/acidente-curitiba-v2-1-.png 1x, https:\/\/s2.glbimg.com\/hf5a_n_xEb25sZgDucbnIZ3dgUU=\/0x0:1600x1942\/1200x0\/smart\/filters:strip_icc()\/i.s3.glbimg.com\/v1\/AUTH_59edd422c0c84a879bd37670ae4f538a\/internal_photos\/bs\/2019\/j\/p\/AnYJEmRzebaA5f2qzQLw\/acidente-curitiba-v2-1-.png 2x\" \/><source srcset=\"https:\/\/s2.glbimg.com\/OlynFMhrKZLNg8h787toyJYUxnA=\/0x0:1600x1942\/640x0\/smart\/filters:strip_icc()\/i.s3.glbimg.com\/v1\/AUTH_59edd422c0c84a879bd37670ae4f538a\/internal_photos\/bs\/2019\/j\/p\/AnYJEmRzebaA5f2qzQLw\/acidente-curitiba-v2-1-.png 1x, https:\/\/s2.glbimg.com\/Stt5ThNMme8uzaRKHYiUypC585Y=\/0x0:1600x1942\/1280x0\/smart\/filters:strip_icc()\/i.s3.glbimg.com\/v1\/AUTH_59edd422c0c84a879bd37670ae4f538a\/internal_photos\/bs\/2019\/j\/p\/AnYJEmRzebaA5f2qzQLw\/acidente-curitiba-v2-1-.png 2x\" media=\"(max-width: 1280px)\" data-src=\"https:\/\/s2.glbimg.com\/OlynFMhrKZLNg8h787toyJYUxnA=\/0x0:1600x1942\/640x0\/smart\/filters:strip_icc()\/i.s3.glbimg.com\/v1\/AUTH_59edd422c0c84a879bd37670ae4f538a\/internal_photos\/bs\/2019\/j\/p\/AnYJEmRzebaA5f2qzQLw\/acidente-curitiba-v2-1-.png 1x, https:\/\/s2.glbimg.com\/Stt5ThNMme8uzaRKHYiUypC585Y=\/0x0:1600x1942\/1280x0\/smart\/filters:strip_icc()\/i.s3.glbimg.com\/v1\/AUTH_59edd422c0c84a879bd37670ae4f538a\/internal_photos\/bs\/2019\/j\/p\/AnYJEmRzebaA5f2qzQLw\/acidente-curitiba-v2-1-.png 2x\" \/><source srcset=\"https:\/\/s2.glbimg.com\/8FmIyRocnyn6U2mSWEK-OCnOMeA=\/0x0:1600x1942\/984x0\/smart\/filters:strip_icc()\/i.s3.glbimg.com\/v1\/AUTH_59edd422c0c84a879bd37670ae4f538a\/internal_photos\/bs\/2019\/j\/p\/AnYJEmRzebaA5f2qzQLw\/acidente-curitiba-v2-1-.png 1x, https:\/\/s2.glbimg.com\/TDK7bWgV-m0rboc5k5H-Mse1MAo=\/0x0:1600x1942\/1968x0\/smart\/filters:strip_icc()\/i.s3.glbimg.com\/v1\/AUTH_59edd422c0c84a879bd37670ae4f538a\/internal_photos\/bs\/2019\/j\/p\/AnYJEmRzebaA5f2qzQLw\/acidente-curitiba-v2-1-.png 2x\" media=\"(max-width: 1360px)\" data-src=\"https:\/\/s2.glbimg.com\/8FmIyRocnyn6U2mSWEK-OCnOMeA=\/0x0:1600x1942\/984x0\/smart\/filters:strip_icc()\/i.s3.glbimg.com\/v1\/AUTH_59edd422c0c84a879bd37670ae4f538a\/internal_photos\/bs\/2019\/j\/p\/AnYJEmRzebaA5f2qzQLw\/acidente-curitiba-v2-1-.png 1x, https:\/\/s2.glbimg.com\/TDK7bWgV-m0rboc5k5H-Mse1MAo=\/0x0:1600x1942\/1968x0\/smart\/filters:strip_icc()\/i.s3.glbimg.com\/v1\/AUTH_59edd422c0c84a879bd37670ae4f538a\/internal_photos\/bs\/2019\/j\/p\/AnYJEmRzebaA5f2qzQLw\/acidente-curitiba-v2-1-.png 2x\" \/><source srcset=\"https:\/\/s2.glbimg.com\/k1gw2mcPWPTzoLwKhN0iG98bD-A=\/0x0:1600x1942\/1000x0\/smart\/filters:strip_icc()\/i.s3.glbimg.com\/v1\/AUTH_59edd422c0c84a879bd37670ae4f538a\/internal_photos\/bs\/2019\/j\/p\/AnYJEmRzebaA5f2qzQLw\/acidente-curitiba-v2-1-.png 1x, https:\/\/s2.glbimg.com\/p0FMzbHwJep9n58RlhrgnXioAC0=\/0x0:1600x1942\/2000x0\/smart\/filters:strip_icc()\/i.s3.glbimg.com\/v1\/AUTH_59edd422c0c84a879bd37670ae4f538a\/internal_photos\/bs\/2019\/j\/p\/AnYJEmRzebaA5f2qzQLw\/acidente-curitiba-v2-1-.png 2x\" media=\"(min-width: 1361px)\" data-src=\"https:\/\/s2.glbimg.com\/k1gw2mcPWPTzoLwKhN0iG98bD-A=\/0x0:1600x1942\/1000x0\/smart\/filters:strip_icc()\/i.s3.glbimg.com\/v1\/AUTH_59edd422c0c84a879bd37670ae4f538a\/internal_photos\/bs\/2019\/j\/p\/AnYJEmRzebaA5f2qzQLw\/acidente-curitiba-v2-1-.png 1x, https:\/\/s2.glbimg.com\/p0FMzbHwJep9n58RlhrgnXioAC0=\/0x0:1600x1942\/2000x0\/smart\/filters:strip_icc()\/i.s3.glbimg.com\/v1\/AUTH_59edd422c0c84a879bd37670ae4f538a\/internal_photos\/bs\/2019\/j\/p\/AnYJEmRzebaA5f2qzQLw\/acidente-curitiba-v2-1-.png 2x\" \/><source srcset=\"https:\/\/s2.glbimg.com\/8FmIyRocnyn6U2mSWEK-OCnOMeA=\/0x0:1600x1942\/984x0\/smart\/filters:strip_icc()\/i.s3.glbimg.com\/v1\/AUTH_59edd422c0c84a879bd37670ae4f538a\/internal_photos\/bs\/2019\/j\/p\/AnYJEmRzebaA5f2qzQLw\/acidente-curitiba-v2-1-.png\" data-src=\"https:\/\/s2.glbimg.com\/8FmIyRocnyn6U2mSWEK-OCnOMeA=\/0x0:1600x1942\/984x0\/smart\/filters:strip_icc()\/i.s3.glbimg.com\/v1\/AUTH_59edd422c0c84a879bd37670ae4f538a\/internal_photos\/bs\/2019\/j\/p\/AnYJEmRzebaA5f2qzQLw\/acidente-curitiba-v2-1-.png\" \/><img decoding=\"async\" class=\"image content-media__image progressive-loaded\" title=\"Acidente aconteceu no fim da tarde de domingo (13), na Regi\u00e3o Metropolitana de Curitiba \u2014 Foto:  Juliane Souza\/G1\" src=\"https:\/\/s2.glbimg.com\/8FmIyRocnyn6U2mSWEK-OCnOMeA=\/0x0:1600x1942\/984x0\/smart\/filters:strip_icc()\/i.s3.glbimg.com\/v1\/AUTH_59edd422c0c84a879bd37670ae4f538a\/internal_photos\/bs\/2019\/j\/p\/AnYJEmRzebaA5f2qzQLw\/acidente-curitiba-v2-1-.png\" alt=\"Acidente aconteceu no fim da tarde de domingo (13), na Regi\u00e3o Metropolitana de Curitiba \u2014 Foto:  Juliane Souza\/G1\" data-src=\"https:\/\/s2.glbimg.com\/8FmIyRocnyn6U2mSWEK-OCnOMeA=\/0x0:1600x1942\/984x0\/smart\/filters:strip_icc()\/i.s3.glbimg.com\/v1\/AUTH_59edd422c0c84a879bd37670ae4f538a\/internal_photos\/bs\/2019\/j\/p\/AnYJEmRzebaA5f2qzQLw\/acidente-curitiba-v2-1-.png\" \/><\/picture><\/div>\n<p class=\"content-media__description \" style=\"text-align: justify;\">Acidente aconteceu no fim da tarde de domingo (13), na Regi\u00e3o Metropolitana de Curitiba \u2014 Foto: Juliane Souza\/G1<\/p>\n<\/div>\n<\/div>\n<div class=\"mc-column content-text active-extra-styles\" style=\"text-align: justify;\" data-block-type=\"raw\" data-block-weight=\"1\" data-block-id=\"36\">\n<div class=\"content-intertitle\">\n<h2>Irregularidades<\/h2>\n<\/div>\n<\/div>\n<div class=\"mc-column content-text active-extra-styles \" style=\"text-align: justify;\" data-block-type=\"unstyled\" data-block-weight=\"14\" data-block-id=\"37\">\n<p class=\"content-text__container \" data-track-category=\"Link no Texto\" data-track-links=\"\">Segundo a Pol\u00edcia Rodovi\u00e1ria Estadual (PRE), tr\u00eas infra\u00e7\u00f5es de tr\u00e2nsito consideradas grav\u00edssima foram cometidas:<\/p>\n<\/div>\n<div class=\"mc-column content-text active-extra-styles\" style=\"text-align: justify;\" data-block-type=\"raw\" data-block-weight=\"19\" data-block-id=\"38\">\n<ul class=\"content-unordered-list\">\n<li>Transportar passageiros em compartimento de carga do ve\u00edculo<\/li>\n<li>Motorista estava com a carteira vencida<\/li>\n<li>Ve\u00edculo estava com licenciamento vencido<\/li>\n<\/ul>\n<\/div>\n<div class=\"mc-column content-text active-extra-styles\" style=\"text-align: justify;\" data-block-type=\"raw\" data-block-weight=\"33\" data-block-id=\"39\">\n<blockquote class=\"content-blockquote theme-border-color-primary-before\"><p>&#8220;Possivelmente, ele [o motorista] passou muito pr\u00f3ximo \u00e0 beira e talvez o rodado tenha ca\u00eddo em um burac\u00e3o de eros\u00e3o ali e ele veio a tombar para a ribanceira&#8221;, explicou o subtenente Coelho.<\/p><\/blockquote>\n<blockquote><p><img loading=\"lazy\" decoding=\"async\" class=\"alignnone size-full wp-image-8820\" src=\"https:\/\/jorgezanoni.com.br\/2019\/wp-content\/uploads\/2019\/10\/ribas1.jpeg\" alt=\"\" width=\"1000\" height=\"1333\" srcset=\"https:\/\/jorgezanoni.com.br\/2019\/wp-content\/uploads\/2019\/10\/ribas1.jpeg 1000w, https:\/\/jorgezanoni.com.br\/2019\/wp-content\/uploads\/2019\/10\/ribas1-225x300.jpeg 225w, https:\/\/jorgezanoni.com.br\/2019\/wp-content\/uploads\/2019\/10\/ribas1-768x1024.jpeg 768w, https:\/\/jorgezanoni.com.br\/2019\/wp-content\/uploads\/2019\/10\/ribas1-696x928.jpeg 696w, https:\/\/jorgezanoni.com.br\/2019\/wp-content\/uploads\/2019\/10\/ribas1-315x420.jpeg 315w\" sizes=\"auto, (max-width: 1000px) 100vw, 1000px\" \/>Caminhonete cai em ribanceira de 80 metros na PR-092, na Regi\u00e3o de Curitiba \u2014 Foto: Pol\u00edcia Rodovi\u00e1ria Estadual\/Divulga\u00e7\u00e3o<\/p><\/blockquote>\n<blockquote><p>Fonte: G1<\/p><\/blockquote>\n<\/div>\n<\/div>\n<\/div>\n<\/div>\n<\/div>\n<p style=\"text-align: justify;\">\n","protected":false},"excerpt":{"rendered":"<p>Seis pessoas morreram em acidente que aconteceu na Regi\u00e3o de Curitiba no fim da tarde de domingo (13). Filho, neto e irm\u00e3o do propriet\u00e1rio do ve\u00edculo est\u00e3o entre as v\u00edtimas. Luiz perdeu o filho, o neto e o irm\u00e3o no acidente \u2014 Foto: Reprodu\u00e7\u00e3o\/RPC O dono da caminhonete que caiu de uma ribanceira na Regi\u00e3o [&hellip;]<\/p>\n","protected":false},"author":1,"featured_media":8821,"comment_status":"closed","ping_status":"open","sticky":false,"template":"","format":"standard","meta":{"footnotes":""},"categories":[170,110],"tags":[],"class_list":["post-8817","post","type-post","status-publish","format-standard","has-post-thumbnail","hentry","category-acidentes","category-noticiasdestaque"],"_links":{"self":[{"href":"https:\/\/jorgezanoni.com.br\/2019\/wp-json\/wp\/v2\/posts\/8817","targetHints":{"allow":["GET"]}}],"collection":[{"href":"https:\/\/jorgezanoni.com.br\/2019\/wp-json\/wp\/v2\/posts"}],"about":[{"href":"https:\/\/jorgezanoni.com.br\/2019\/wp-json\/wp\/v2\/types\/post"}],"author":[{"embeddable":true,"href":"https:\/\/jorgezanoni.com.br\/2019\/wp-json\/wp\/v2\/users\/1"}],"replies":[{"embeddable":true,"href":"https:\/\/jorgezanoni.com.br\/2019\/wp-json\/wp\/v2\/comments?post=8817"}],"version-history":[{"count":0,"href":"https:\/\/jorgezanoni.com.br\/2019\/wp-json\/wp\/v2\/posts\/8817\/revisions"}],"wp:featuredmedia":[{"embeddable":true,"href":"https:\/\/jorgezanoni.com.br\/2019\/wp-json\/wp\/v2\/media\/8821"}],"wp:attachment":[{"href":"https:\/\/jorgezanoni.com.br\/2019\/wp-json\/wp\/v2\/media?parent=8817"}],"wp:term":[{"taxonomy":"category","embeddable":true,"href":"https:\/\/jorgezanoni.com.br\/2019\/wp-json\/wp\/v2\/categories?post=8817"},{"taxonomy":"post_tag","embeddable":true,"href":"https:\/\/jorgezanoni.com.br\/2019\/wp-json\/wp\/v2\/tags?post=8817"}],"curies":[{"name":"wp","href":"https:\/\/api.w.org\/{rel}","templated":true}]}}