{"id":8812,"date":"2019-10-14T23:17:26","date_gmt":"2019-10-14T23:17:26","guid":{"rendered":"https:\/\/jorgezanoni.com.br\/2019\/?p=8812"},"modified":"2019-10-14T23:17:26","modified_gmt":"2019-10-14T23:17:26","slug":"recepcionista-morreu-eletrocutada-ao-tentar-ligar-maquina-de-lavar-roupas-no-ceara-estamos-abalados-diz-irma","status":"publish","type":"post","link":"https:\/\/jorgezanoni.com.br\/2019\/recepcionista-morreu-eletrocutada-ao-tentar-ligar-maquina-de-lavar-roupas-no-ceara-estamos-abalados-diz-irma\/","title":{"rendered":"Recepcionista morreu eletrocutada ao tentar ligar m\u00e1quina de lavar roupas no Cear\u00e1; &#8216;Estamos abalados&#8217;, diz irm\u00e3"},"content":{"rendered":"<h2 class=\"content-head__subtitle\" style=\"text-align: justify;\"><strong>Fabiana Lucas estava na casa dos pais quando foi at\u00e9 o quintal colocar roupas na m\u00e1quina de lavar e n\u00e3o voltou para dentro do im\u00f3vel.<\/strong><\/h2>\n<div data-google-av-aid=\"&quot;0&quot;data-google-av-naid=&quot;1&quot;data-google-av-slift=&quot;&quot;data-google-av-cpmav=&quot;&quot;data-google-av-itpl=&quot;20&quot;data-google-av-rs=&quot;4&quot;\">\n<div><\/div>\n<\/div>\n<div class=\"mc-column content-text active-extra-styles \" data-block-type=\"unstyled\" data-block-weight=\"65\" data-block-id=\"2\">\n<p class=\"content-text__container \" style=\"text-align: justify;\" data-track-category=\"Link no Texto\" data-track-links=\"\">A recepcionista que morreu ap\u00f3s um\u00a0<a href=\"https:\/\/g1.globo.com\/ce\/ceara\/noticia\/2019\/10\/13\/jovem-morre-apos-levar-choque-em-maquina-de-lavar-na-zona-rural-de-sobral-no-ceara.ghtml\">choque el\u00e9trico<\/a>\u00a0neste domingo (13), na zona rural de Sobral, foi eletrocutada ao tentar ligar uma m\u00e1quina de lavar roupas, segundo os pais da v\u00edtima. Na sexta-feira (11), Fabiana Lucas, de 35 anos, foi homenageada por estudantes no col\u00e9gio onde trabalhava. &#8220;N\u00e3o s\u00f3 a fam\u00edlia, mas todos os amigos est\u00e3o muito abalados\u201d, lamentou a irm\u00e3 da v\u00edtima, Claudia Lucas.<\/p>\n<\/div>\n<div class=\"wall protected-content\">\n<div class=\"mc-column content-text active-extra-styles \" style=\"text-align: justify;\" data-block-type=\"unstyled\" data-block-weight=\"44\" data-block-id=\"3\">\n<p class=\"content-text__container \" data-track-category=\"Link no Texto\" data-track-links=\"\">Fabiana Lucas n\u00e3o resistiu ap\u00f3s receber uma descarga el\u00e9trica ao tentar ligar a m\u00e1quina. Segundo os familiares, ela recebeu um choque na m\u00e3o ap\u00f3s uma pe\u00e7a de metal da extens\u00e3o que segurava ser danificada e transferir a descarga el\u00e9trica diretamente ao seu corpo.<\/p>\n<\/div>\n<div class=\"mc-column content-text active-extra-styles \" style=\"text-align: justify;\" data-block-type=\"unstyled\" data-block-weight=\"55\" data-block-id=\"4\">\n<p class=\"content-text__container \" data-track-category=\"Link no Texto\" data-track-links=\"\">Fabiana estava na casa dos pais quando foi at\u00e9 o quintal colocar roupas na m\u00e1quina de lavar e n\u00e3o voltou para dentro do im\u00f3vel. A m\u00e3e de Fabiana conta que, ao sentir a demora da filha, decidiu ir ao quintal da casa. \u201cEu corri, vi minha filha no ch\u00e3o e arranquei a tomada\u201d, lembra.<\/p>\n<\/div>\n<div class=\"mc-column content-text active-extra-styles\" style=\"text-align: justify;\" data-block-type=\"raw\" data-block-weight=\"2\" data-block-id=\"5\">\n<div class=\"content-intertitle\">\n<h2>Atendimento m\u00e9dico<\/h2>\n<\/div>\n<\/div>\n<div class=\"mc-column content-text active-extra-styles \" style=\"text-align: justify;\" data-block-type=\"unstyled\" data-block-weight=\"24\" data-block-id=\"6\">\n<p class=\"content-text__container \" data-track-category=\"Link no Texto\" data-track-links=\"\">Graziane Ara\u00fajo, condutora da ambul\u00e2ncia que prestou os primeiros atendimentos, relata que ainda foram feitos os procedimentos de massagem card\u00edaca, mas sem sucesso.<\/p>\n<\/div>\n<div class=\"mc-column content-text active-extra-styles \" style=\"text-align: justify;\" data-block-type=\"unstyled\" data-block-weight=\"34\" data-block-id=\"7\">\n<p class=\"content-text__container \" data-track-category=\"Link no Texto\" data-track-links=\"\">\u201cEu vi que ela estava sem vida. No hospital, o m\u00e9dico ainda fez a massagem, entuba\u00e7\u00e3o, mas disse que ela j\u00e1 estava sem vida. Ela n\u00e3o tinha rea\u00e7\u00e3o de nada, estava sem pulso\u201d, disse.<\/p>\n<\/div>\n<div class=\"mc-column content-text active-extra-styles \" style=\"text-align: justify;\" data-block-type=\"unstyled\" data-block-weight=\"40\" data-block-id=\"9\">\n<p class=\"content-text__container \" data-track-category=\"Link no Texto\" data-track-links=\"\">Segundo o socorrista, o choque perfurou a axila da mulher, que apresentou marcas de queimaduras nas m\u00e3os e nos bra\u00e7os. Fabiane foi levada ao Hospital Municipal Senador Carlos Jereissati, no munic\u00edpio de Mucambo, mas j\u00e1 chegou sem vida ao local.<\/p>\n<\/div>\n<div data-track-category=\"multicontent\" data-track-action=\"ultimo chunk conteudo\" data-track-noninteraction=\"false\" data-track-scroll=\"view\">\n<div class=\"mc-column content-text active-extra-styles \" data-block-type=\"unstyled\" data-block-weight=\"21\" data-block-id=\"10\">\n<p class=\"content-text__container \" style=\"text-align: justify;\" data-track-category=\"Link no Texto\" data-track-links=\"\">Segundo a fam\u00edlia, o enterro est\u00e1 previsto para acontecer \u00e0s 17 horas, em um cemit\u00e9rio na cidade de Sobral.<\/p>\n<p data-track-category=\"Link no Texto\" data-track-links=\"\">Fonte: G1<\/p>\n<\/div>\n<\/div>\n<\/div>\n","protected":false},"excerpt":{"rendered":"<p>Fabiana Lucas estava na casa dos pais quando foi at\u00e9 o quintal colocar roupas na m\u00e1quina de lavar e n\u00e3o voltou para dentro do im\u00f3vel. A recepcionista que morreu ap\u00f3s um\u00a0choque el\u00e9trico\u00a0neste domingo (13), na zona rural de Sobral, foi eletrocutada ao tentar ligar uma m\u00e1quina de lavar roupas, segundo os pais da v\u00edtima. Na [&hellip;]<\/p>\n","protected":false},"author":1,"featured_media":8813,"comment_status":"closed","ping_status":"open","sticky":false,"template":"","format":"standard","meta":{"footnotes":""},"categories":[110,2],"tags":[],"class_list":["post-8812","post","type-post","status-publish","format-standard","has-post-thumbnail","hentry","category-noticiasdestaque","category-policial"],"_links":{"self":[{"href":"https:\/\/jorgezanoni.com.br\/2019\/wp-json\/wp\/v2\/posts\/8812","targetHints":{"allow":["GET"]}}],"collection":[{"href":"https:\/\/jorgezanoni.com.br\/2019\/wp-json\/wp\/v2\/posts"}],"about":[{"href":"https:\/\/jorgezanoni.com.br\/2019\/wp-json\/wp\/v2\/types\/post"}],"author":[{"embeddable":true,"href":"https:\/\/jorgezanoni.com.br\/2019\/wp-json\/wp\/v2\/users\/1"}],"replies":[{"embeddable":true,"href":"https:\/\/jorgezanoni.com.br\/2019\/wp-json\/wp\/v2\/comments?post=8812"}],"version-history":[{"count":0,"href":"https:\/\/jorgezanoni.com.br\/2019\/wp-json\/wp\/v2\/posts\/8812\/revisions"}],"wp:featuredmedia":[{"embeddable":true,"href":"https:\/\/jorgezanoni.com.br\/2019\/wp-json\/wp\/v2\/media\/8813"}],"wp:attachment":[{"href":"https:\/\/jorgezanoni.com.br\/2019\/wp-json\/wp\/v2\/media?parent=8812"}],"wp:term":[{"taxonomy":"category","embeddable":true,"href":"https:\/\/jorgezanoni.com.br\/2019\/wp-json\/wp\/v2\/categories?post=8812"},{"taxonomy":"post_tag","embeddable":true,"href":"https:\/\/jorgezanoni.com.br\/2019\/wp-json\/wp\/v2\/tags?post=8812"}],"curies":[{"name":"wp","href":"https:\/\/api.w.org\/{rel}","templated":true}]}}