{"id":8809,"date":"2019-10-14T22:54:44","date_gmt":"2019-10-14T22:54:44","guid":{"rendered":"https:\/\/jorgezanoni.com.br\/2019\/?p=8809"},"modified":"2019-10-14T22:54:44","modified_gmt":"2019-10-14T22:54:44","slug":"incendio-atinge-barracoes-de-escolas-de-samba-em-sp","status":"publish","type":"post","link":"https:\/\/jorgezanoni.com.br\/2019\/incendio-atinge-barracoes-de-escolas-de-samba-em-sp\/","title":{"rendered":"Inc\u00eandio atinge barrac\u00f5es de escolas de samba em SP"},"content":{"rendered":"<h2 class=\"content-head__subtitle\" style=\"text-align: justify;\"><strong>Segundo o Corpo de Bombeiros, 18 viaturas foram ao local. A Liga SP informou que n\u00e3o houve feridos.<\/strong><\/h2>\n<div class=\"mc-column content-text active-extra-styles \" data-block-type=\"unstyled\" data-block-weight=\"53\" data-block-id=\"2\">\n<p class=\"content-text__container \" style=\"text-align: justify;\" data-track-category=\"Link no Texto\" data-track-links=\"\">Um inc\u00eandio atingiu ao menos tr\u00eas barrac\u00f5es de escolas de samba do grupo de acesso, na Avenida Otto Baumgart, na Vila Guilherme, na Zona Norte de S\u00e3o Paulo, na tarde desta segunda-feira (14). A CET interditou a via para circula\u00e7\u00e3o de carros no sentido Centro. A Liga SP informou que n\u00e3o houve feridos.<\/p>\n<\/div>\n<div class=\"wall protected-content\">\n<div class=\"mc-column content-text active-extra-styles \" style=\"text-align: justify;\" data-block-type=\"unstyled\" data-block-weight=\"60\" data-block-id=\"3\">\n<p class=\"content-text__container \" data-track-category=\"Link no Texto\" data-track-links=\"\">As informa\u00e7\u00f5es iniciais do Corpo de Bombeiros s\u00e3o as de que o fogo come\u00e7ou no barrac\u00e3o da Independente Tricolor, que depois atingiu o barrac\u00e3o da Leandro de Itaquera. As duas integram o grupo de acesso, onde est\u00e3o as que enfrentam mais dificuldade para colocar o carnaval no Anhembi. A Barroca Zona Sul ir\u00e1 desfilar no grupo especial em 2020.<\/p>\n<\/div>\n<div class=\"mc-column content-text active-extra-styles \" style=\"text-align: justify;\" data-block-type=\"unstyled\" data-block-weight=\"43\" data-block-id=\"4\">\n<p class=\"content-text__container \" data-track-category=\"Link no Texto\" data-track-links=\"\">O local \u00e9 conhecido como F\u00e1brica do Samba 2. Dezoito viaturas foram ao local e mais de 60 bombeiros participam do combate ao fogo. Segundo a Enel, o fornecimento de energia permanece normal na regi\u00e3o. Equipes da Defesa Civil tamb\u00e9m est\u00e3o no local.<\/p>\n<\/div>\n<div class=\"mc-column content-text active-extra-styles \" style=\"text-align: justify;\" data-block-type=\"unstyled\" data-block-weight=\"51\" data-block-id=\"5\">\n<p class=\"content-text__container \" data-track-category=\"Link no Texto\" data-track-links=\"\">Segundo Rodrigo Minueto, da Primeira da Cidade L\u00edder, o filho dele come\u00e7ou a gritar, por volta das 17h30, que tinha galp\u00e3o pegando fogo. &#8220;Foi uma correria. Muita fuma\u00e7a. A gente se juntou para ajudar, para tirar as alegorias da Independente, todo mundo ajudou. Felizmente ningu\u00e9m ficou ferido&#8221;, disse ele ao\u00a0<strong>G1<\/strong>.<\/p>\n<p class=\"content-text__container \" data-track-category=\"Link no Texto\" data-track-links=\"\"><span style=\"font-family: inherit; font-size: inherit; font-style: inherit; font-variant-ligatures: inherit; font-variant-caps: inherit; font-weight: inherit; text-align: center;\">De acordo com outros integrantes das escolas de samba, outros barrac\u00f5es n\u00e3o foram atingidos pelo fogo, mas pela fuma\u00e7a e pelo calor do inc\u00eandio.<\/span><\/p>\n<\/div>\n<div class=\"mc-column content-text active-extra-styles \" data-block-type=\"unstyled\" data-block-weight=\"40\" data-block-id=\"8\">\n<p class=\"content-text__container \" style=\"text-align: justify;\" data-track-category=\"Link no Texto\" data-track-links=\"\">Minueto afirmou ainda que h\u00e1 uma movimenta\u00e7\u00e3o intensa de trabalho nos barrac\u00f5es por conta dos preparativos do carnaval 2020. &#8220;Todos os barrac\u00f5es est\u00e3o a mil para o pr\u00f3ximo carnaval. Tinha muita coisa feita e que deve ter sido atingida.&#8221;<\/p>\n<p style=\"text-align: justify;\" data-track-category=\"Link no Texto\" data-track-links=\"\">Fonte: G1<\/p>\n<\/div>\n<\/div>\n","protected":false},"excerpt":{"rendered":"<p>Segundo o Corpo de Bombeiros, 18 viaturas foram ao local. A Liga SP informou que n\u00e3o houve feridos. Um inc\u00eandio atingiu ao menos tr\u00eas barrac\u00f5es de escolas de samba do grupo de acesso, na Avenida Otto Baumgart, na Vila Guilherme, na Zona Norte de S\u00e3o Paulo, na tarde desta segunda-feira (14). A CET interditou a [&hellip;]<\/p>\n","protected":false},"author":1,"featured_media":8810,"comment_status":"closed","ping_status":"open","sticky":false,"template":"","format":"standard","meta":{"footnotes":""},"categories":[110,2],"tags":[],"class_list":["post-8809","post","type-post","status-publish","format-standard","has-post-thumbnail","hentry","category-noticiasdestaque","category-policial"],"_links":{"self":[{"href":"https:\/\/jorgezanoni.com.br\/2019\/wp-json\/wp\/v2\/posts\/8809","targetHints":{"allow":["GET"]}}],"collection":[{"href":"https:\/\/jorgezanoni.com.br\/2019\/wp-json\/wp\/v2\/posts"}],"about":[{"href":"https:\/\/jorgezanoni.com.br\/2019\/wp-json\/wp\/v2\/types\/post"}],"author":[{"embeddable":true,"href":"https:\/\/jorgezanoni.com.br\/2019\/wp-json\/wp\/v2\/users\/1"}],"replies":[{"embeddable":true,"href":"https:\/\/jorgezanoni.com.br\/2019\/wp-json\/wp\/v2\/comments?post=8809"}],"version-history":[{"count":0,"href":"https:\/\/jorgezanoni.com.br\/2019\/wp-json\/wp\/v2\/posts\/8809\/revisions"}],"wp:featuredmedia":[{"embeddable":true,"href":"https:\/\/jorgezanoni.com.br\/2019\/wp-json\/wp\/v2\/media\/8810"}],"wp:attachment":[{"href":"https:\/\/jorgezanoni.com.br\/2019\/wp-json\/wp\/v2\/media?parent=8809"}],"wp:term":[{"taxonomy":"category","embeddable":true,"href":"https:\/\/jorgezanoni.com.br\/2019\/wp-json\/wp\/v2\/categories?post=8809"},{"taxonomy":"post_tag","embeddable":true,"href":"https:\/\/jorgezanoni.com.br\/2019\/wp-json\/wp\/v2\/tags?post=8809"}],"curies":[{"name":"wp","href":"https:\/\/api.w.org\/{rel}","templated":true}]}}