{"id":8803,"date":"2019-10-14T22:23:45","date_gmt":"2019-10-14T22:23:45","guid":{"rendered":"https:\/\/jorgezanoni.com.br\/2019\/?p=8803"},"modified":"2019-10-14T22:23:45","modified_gmt":"2019-10-14T22:23:45","slug":"unifadra-realiza-minicongresso-de-psicologia","status":"publish","type":"post","link":"https:\/\/jorgezanoni.com.br\/2019\/unifadra-realiza-minicongresso-de-psicologia\/","title":{"rendered":"Unifadra realiza Minicongresso de Psicologia"},"content":{"rendered":"<p style=\"font-weight: 400; text-align: justify;\">Os alunos do curso de Psicologia da Faculdade Unifadra\/Fundec de Dracena realizaram o \u201c1\u00ba Minicongresso da Ci\u00eancia \u00e0 Vida Pr\u00e1tica: a crian\u00e7a e o seu mundo\u201d, com a supervis\u00e3o da Profa. Anna Cec\u00edlia Latanzio Rodrigues Silva. A atividade faz parte da disciplina de Psicoterapia Infantil.<\/p>\n<p style=\"font-weight: 400; text-align: justify;\">O evento teve como objetivo trazer para profissionais de diversas \u00e1reas e para a comunidade (em especial m\u00e3es, lactantes e gestantes) um pouco do desenvolvimento infantil a partir do te\u00f3rico Donald Wood Winnicott, levantando quest\u00f5es sobre a constru\u00e7\u00e3o do v\u00ednculo m\u00e3e-beb\u00ea, a fun\u00e7\u00e3o paterna, os processos de separa\u00e7\u00f5es necess\u00e1rias ao longo do desenvolvimento das crian\u00e7as, o desmame, a entrada na escola, entre outros assuntos.<\/p>\n<p style=\"font-weight: 400; text-align: justify;\">A noite foi bastante construtiva na forma\u00e7\u00e3o te\u00f3rica e nos campos de discuss\u00f5es sobre este tema no dia a dia, promovendo trocas significativas com todos os presentes. Houve um brilho especial com apresenta\u00e7\u00f5es art\u00edsticas de ballet e poesia, a fim de promover um encantamento especial com esse universo infantil.<\/p>\n<p style=\"font-weight: 400; text-align: justify;\">Carolina Colnago<\/p>\n<p style=\"font-weight: 400;\">Assessora de Comunica\u00e7\u00e3o da Fundec &#8211; Jornalista<\/p>\n","protected":false},"excerpt":{"rendered":"<p>Os alunos do curso de Psicologia da Faculdade Unifadra\/Fundec de Dracena realizaram o \u201c1\u00ba Minicongresso da Ci\u00eancia \u00e0 Vida Pr\u00e1tica: a crian\u00e7a e o seu mundo\u201d, com a supervis\u00e3o da Profa. Anna Cec\u00edlia Latanzio Rodrigues Silva. A atividade faz parte da disciplina de Psicoterapia Infantil. O evento teve como objetivo trazer para profissionais de diversas [&hellip;]<\/p>\n","protected":false},"author":1,"featured_media":8804,"comment_status":"closed","ping_status":"open","sticky":false,"template":"","format":"standard","meta":{"footnotes":""},"categories":[122],"tags":[],"class_list":["post-8803","post","type-post","status-publish","format-standard","has-post-thumbnail","hentry","category-saudeeducacaoeconcurso"],"_links":{"self":[{"href":"https:\/\/jorgezanoni.com.br\/2019\/wp-json\/wp\/v2\/posts\/8803","targetHints":{"allow":["GET"]}}],"collection":[{"href":"https:\/\/jorgezanoni.com.br\/2019\/wp-json\/wp\/v2\/posts"}],"about":[{"href":"https:\/\/jorgezanoni.com.br\/2019\/wp-json\/wp\/v2\/types\/post"}],"author":[{"embeddable":true,"href":"https:\/\/jorgezanoni.com.br\/2019\/wp-json\/wp\/v2\/users\/1"}],"replies":[{"embeddable":true,"href":"https:\/\/jorgezanoni.com.br\/2019\/wp-json\/wp\/v2\/comments?post=8803"}],"version-history":[{"count":0,"href":"https:\/\/jorgezanoni.com.br\/2019\/wp-json\/wp\/v2\/posts\/8803\/revisions"}],"wp:featuredmedia":[{"embeddable":true,"href":"https:\/\/jorgezanoni.com.br\/2019\/wp-json\/wp\/v2\/media\/8804"}],"wp:attachment":[{"href":"https:\/\/jorgezanoni.com.br\/2019\/wp-json\/wp\/v2\/media?parent=8803"}],"wp:term":[{"taxonomy":"category","embeddable":true,"href":"https:\/\/jorgezanoni.com.br\/2019\/wp-json\/wp\/v2\/categories?post=8803"},{"taxonomy":"post_tag","embeddable":true,"href":"https:\/\/jorgezanoni.com.br\/2019\/wp-json\/wp\/v2\/tags?post=8803"}],"curies":[{"name":"wp","href":"https:\/\/api.w.org\/{rel}","templated":true}]}}