{"id":8800,"date":"2019-10-14T22:00:43","date_gmt":"2019-10-14T22:00:43","guid":{"rendered":"https:\/\/jorgezanoni.com.br\/2019\/?p=8800"},"modified":"2019-10-14T22:01:07","modified_gmt":"2019-10-14T22:01:07","slug":"psicologia-unifadra-faz-visita-tecnica-ao-hospital-amaral-carvalho","status":"publish","type":"post","link":"https:\/\/jorgezanoni.com.br\/2019\/psicologia-unifadra-faz-visita-tecnica-ao-hospital-amaral-carvalho\/","title":{"rendered":"Psicologia Unifadra faz visita t\u00e9cnica ao Hospital Amaral Carvalho"},"content":{"rendered":"<p style=\"font-weight: 400; text-align: justify;\">Os alunos do 8\u00ba termo do curso de Psicologia da Faculdade Unifadra\/Fundec fizeram uma visita t\u00e9cnica ao Hospital Amaral Carvalho, em Ja\u00fa\/SP, como parte do est\u00e1gio de Psicologia Hospitalar. Essa atividade, realizada no dia 1\u00ba de outubro, teve como objetivo fazer uma aproxima\u00e7\u00e3o da teoria com a pr\u00e1tica profissional do psic\u00f3logo hospitalar.<\/p>\n<p style=\"font-weight: 400; text-align: justify;\">\u201cFomos recebidos pela coordenadora de Psicologia do hospital, psic\u00f3loga Viviane Clemente Totina. Participamos de uma palestra de apresenta\u00e7\u00e3o do hospital, do servi\u00e7o e de interven\u00e7\u00f5es da Psicologia e, posteriormente, visitamos todo o hospital, pediatria, ginecologia e sala de quimioterapia. Sem d\u00favida, essa \u00e9 uma experi\u00eancia que enriquece a forma\u00e7\u00e3o do aluno e amplia seus conhecimentos e perspectivas profissionais\u201d, comentou a supervisora do est\u00e1gio e coordenadora da Unifadra Profa. Ma. Andr\u00e9a Frizo.<\/p>\n<p style=\"font-weight: 400; text-align: justify;\">Carolina Colnago<\/p>\n<p style=\"font-weight: 400; text-align: justify;\">Assessora de Comunica\u00e7\u00e3o da Fundec &#8211; Jornalista<\/p>\n","protected":false},"excerpt":{"rendered":"<p>Os alunos do 8\u00ba termo do curso de Psicologia da Faculdade Unifadra\/Fundec fizeram uma visita t\u00e9cnica ao Hospital Amaral Carvalho, em Ja\u00fa\/SP, como parte do est\u00e1gio de Psicologia Hospitalar. Essa atividade, realizada no dia 1\u00ba de outubro, teve como objetivo fazer uma aproxima\u00e7\u00e3o da teoria com a pr\u00e1tica profissional do psic\u00f3logo hospitalar. \u201cFomos recebidos pela [&hellip;]<\/p>\n","protected":false},"author":1,"featured_media":8801,"comment_status":"closed","ping_status":"open","sticky":false,"template":"","format":"standard","meta":{"footnotes":""},"categories":[122],"tags":[],"class_list":["post-8800","post","type-post","status-publish","format-standard","has-post-thumbnail","hentry","category-saudeeducacaoeconcurso"],"_links":{"self":[{"href":"https:\/\/jorgezanoni.com.br\/2019\/wp-json\/wp\/v2\/posts\/8800","targetHints":{"allow":["GET"]}}],"collection":[{"href":"https:\/\/jorgezanoni.com.br\/2019\/wp-json\/wp\/v2\/posts"}],"about":[{"href":"https:\/\/jorgezanoni.com.br\/2019\/wp-json\/wp\/v2\/types\/post"}],"author":[{"embeddable":true,"href":"https:\/\/jorgezanoni.com.br\/2019\/wp-json\/wp\/v2\/users\/1"}],"replies":[{"embeddable":true,"href":"https:\/\/jorgezanoni.com.br\/2019\/wp-json\/wp\/v2\/comments?post=8800"}],"version-history":[{"count":0,"href":"https:\/\/jorgezanoni.com.br\/2019\/wp-json\/wp\/v2\/posts\/8800\/revisions"}],"wp:featuredmedia":[{"embeddable":true,"href":"https:\/\/jorgezanoni.com.br\/2019\/wp-json\/wp\/v2\/media\/8801"}],"wp:attachment":[{"href":"https:\/\/jorgezanoni.com.br\/2019\/wp-json\/wp\/v2\/media?parent=8800"}],"wp:term":[{"taxonomy":"category","embeddable":true,"href":"https:\/\/jorgezanoni.com.br\/2019\/wp-json\/wp\/v2\/categories?post=8800"},{"taxonomy":"post_tag","embeddable":true,"href":"https:\/\/jorgezanoni.com.br\/2019\/wp-json\/wp\/v2\/tags?post=8800"}],"curies":[{"name":"wp","href":"https:\/\/api.w.org\/{rel}","templated":true}]}}