{"id":87971,"date":"2024-07-25T22:07:06","date_gmt":"2024-07-25T22:07:06","guid":{"rendered":"https:\/\/jorgezanoni.com.br\/2019\/?p=87971"},"modified":"2024-07-26T00:22:34","modified_gmt":"2024-07-26T00:22:34","slug":"acidente-entre-caminhao-e-moto-deixa-motociclista-ferido-no-centro-de-dracena","status":"publish","type":"post","link":"https:\/\/jorgezanoni.com.br\/2019\/acidente-entre-caminhao-e-moto-deixa-motociclista-ferido-no-centro-de-dracena\/","title":{"rendered":"Acidente entre caminh\u00e3o e moto deixa motociclista ferido no centro de Dracena"},"content":{"rendered":"<p style=\"text-align: justify;\"><strong>Acidente foi registrado no final da tarde desta quinta-feira (25) na esquina das Avenidas Rui Barbosa com Presidente Roosevelt em local com sem\u00e1foro.<\/strong><\/p>\n<p style=\"text-align: justify;\">Segundo informa\u00e7\u00f5es obtidas no local pela reportagem do SITE JZ e TOP TV, um caminh\u00e3o Mercedes Bens placas de Dracena dirigido por um homem de 57 anos, seguia pela Av. Rui Barbosa e ao virar a direita para adentrar a Roosevelt acabou colidindo com uma Motocicleta placa de Dracena pilotada por um homem de 60 anos que tentava a ultrapassagem pela\u00a0 direita.<\/p>\n<p style=\"text-align: justify;\">Com o impacto da batida a moto ficou debaixo do caminh\u00e3o e o motociclista teve ferimentos em uma das pernas, sendo socorrido ao Pronto Atendimento Municipal por uma Unidade de Resgate do Corpo de Bombeiros.<\/p>\n<p style=\"text-align: justify;\">As Pol\u00edcias Militar e T\u00e9cnica compareceram ao local para o registro e provid\u00eancias. Um laudo apontar\u00e1 as reais causas do acidente.<\/p>\n<p><img loading=\"lazy\" decoding=\"async\" class=\"alignnone size-full wp-image-87973\" src=\"https:\/\/jorgezanoni.com.br\/2019\/wp-content\/uploads\/2024\/07\/IMG_1107-Pequeno.jpg\" alt=\"\" width=\"640\" height=\"480\" srcset=\"https:\/\/jorgezanoni.com.br\/2019\/wp-content\/uploads\/2024\/07\/IMG_1107-Pequeno.jpg 640w, https:\/\/jorgezanoni.com.br\/2019\/wp-content\/uploads\/2024\/07\/IMG_1107-Pequeno-300x225.jpg 300w, https:\/\/jorgezanoni.com.br\/2019\/wp-content\/uploads\/2024\/07\/IMG_1107-Pequeno-80x60.jpg 80w, https:\/\/jorgezanoni.com.br\/2019\/wp-content\/uploads\/2024\/07\/IMG_1107-Pequeno-265x198.jpg 265w, https:\/\/jorgezanoni.com.br\/2019\/wp-content\/uploads\/2024\/07\/IMG_1107-Pequeno-560x420.jpg 560w\" sizes=\"auto, (max-width: 640px) 100vw, 640px\" \/> <img loading=\"lazy\" decoding=\"async\" class=\"alignnone size-full wp-image-87974\" src=\"https:\/\/jorgezanoni.com.br\/2019\/wp-content\/uploads\/2024\/07\/IMG_1108-Pequeno.jpg\" alt=\"\" width=\"640\" height=\"480\" srcset=\"https:\/\/jorgezanoni.com.br\/2019\/wp-content\/uploads\/2024\/07\/IMG_1108-Pequeno.jpg 640w, https:\/\/jorgezanoni.com.br\/2019\/wp-content\/uploads\/2024\/07\/IMG_1108-Pequeno-300x225.jpg 300w, https:\/\/jorgezanoni.com.br\/2019\/wp-content\/uploads\/2024\/07\/IMG_1108-Pequeno-80x60.jpg 80w, https:\/\/jorgezanoni.com.br\/2019\/wp-content\/uploads\/2024\/07\/IMG_1108-Pequeno-265x198.jpg 265w, https:\/\/jorgezanoni.com.br\/2019\/wp-content\/uploads\/2024\/07\/IMG_1108-Pequeno-560x420.jpg 560w\" sizes=\"auto, (max-width: 640px) 100vw, 640px\" \/><\/p>\n<p>Jorge Zanoni<\/p>\n","protected":false},"excerpt":{"rendered":"<p>Acidente foi registrado no final da tarde desta quinta-feira (25) na esquina das Avenidas Rui Barbosa com Presidente Roosevelt em local com sem\u00e1foro. Segundo informa\u00e7\u00f5es obtidas no local pela reportagem do SITE JZ e TOP TV, um caminh\u00e3o Mercedes Bens placas de Dracena dirigido por um homem de 57 anos, seguia pela Av. Rui Barbosa [&hellip;]<\/p>\n","protected":false},"author":1,"featured_media":87972,"comment_status":"closed","ping_status":"open","sticky":false,"template":"","format":"standard","meta":{"footnotes":""},"categories":[170,110],"tags":[],"class_list":["post-87971","post","type-post","status-publish","format-standard","has-post-thumbnail","hentry","category-acidentes","category-noticiasdestaque"],"_links":{"self":[{"href":"https:\/\/jorgezanoni.com.br\/2019\/wp-json\/wp\/v2\/posts\/87971","targetHints":{"allow":["GET"]}}],"collection":[{"href":"https:\/\/jorgezanoni.com.br\/2019\/wp-json\/wp\/v2\/posts"}],"about":[{"href":"https:\/\/jorgezanoni.com.br\/2019\/wp-json\/wp\/v2\/types\/post"}],"author":[{"embeddable":true,"href":"https:\/\/jorgezanoni.com.br\/2019\/wp-json\/wp\/v2\/users\/1"}],"replies":[{"embeddable":true,"href":"https:\/\/jorgezanoni.com.br\/2019\/wp-json\/wp\/v2\/comments?post=87971"}],"version-history":[{"count":2,"href":"https:\/\/jorgezanoni.com.br\/2019\/wp-json\/wp\/v2\/posts\/87971\/revisions"}],"predecessor-version":[{"id":87987,"href":"https:\/\/jorgezanoni.com.br\/2019\/wp-json\/wp\/v2\/posts\/87971\/revisions\/87987"}],"wp:featuredmedia":[{"embeddable":true,"href":"https:\/\/jorgezanoni.com.br\/2019\/wp-json\/wp\/v2\/media\/87972"}],"wp:attachment":[{"href":"https:\/\/jorgezanoni.com.br\/2019\/wp-json\/wp\/v2\/media?parent=87971"}],"wp:term":[{"taxonomy":"category","embeddable":true,"href":"https:\/\/jorgezanoni.com.br\/2019\/wp-json\/wp\/v2\/categories?post=87971"},{"taxonomy":"post_tag","embeddable":true,"href":"https:\/\/jorgezanoni.com.br\/2019\/wp-json\/wp\/v2\/tags?post=87971"}],"curies":[{"name":"wp","href":"https:\/\/api.w.org\/{rel}","templated":true}]}}