{"id":87961,"date":"2024-07-25T16:35:31","date_gmt":"2024-07-25T16:35:31","guid":{"rendered":"https:\/\/jorgezanoni.com.br\/2019\/?p=87961"},"modified":"2024-07-25T16:35:31","modified_gmt":"2024-07-25T16:35:31","slug":"policia-militar-rodoviaria-apoia-o-sest-senat-na-campanha-nacional-do-dia-do-motorista","status":"publish","type":"post","link":"https:\/\/jorgezanoni.com.br\/2019\/policia-militar-rodoviaria-apoia-o-sest-senat-na-campanha-nacional-do-dia-do-motorista\/","title":{"rendered":"Pol\u00edcia Militar Rodovi\u00e1ria apoia o SEST SENAT na campanha nacional do \u201cDia do Motorista\u201d."},"content":{"rendered":"<p style=\"text-align: justify;\"><strong>Evento aconteceu na manh\u00e3 desta quinta-feira na Rodovia Comandante Jo\u00e3o Ribeiro de Barros, SP-294, em frente a Base Operacional de Adamantina.<\/strong><\/p>\n<p style=\"text-align: justify;\">Equipes do SEST SENAT, com o apoio do Policiamento Rodovi\u00e1rio\/SP, realizaram a campanha nacional do \u201cDia do Motorista\u201d.<\/p>\n<p style=\"text-align: justify;\">A campanha foi realizada na Base do Policiamento Rodovi\u00e1rio de Adamantina\/SP e foram abordados 152 ve\u00edculos de carga, sendo distribu\u00eddos diversos brindes aos condutores.<\/p>\n<p><img loading=\"lazy\" decoding=\"async\" class=\"alignnone size-full wp-image-87962\" src=\"https:\/\/jorgezanoni.com.br\/2019\/wp-content\/uploads\/2024\/07\/zz-pr-jp-Pequeno.jpg\" alt=\"\" width=\"854\" height=\"384\" srcset=\"https:\/\/jorgezanoni.com.br\/2019\/wp-content\/uploads\/2024\/07\/zz-pr-jp-Pequeno.jpg 854w, https:\/\/jorgezanoni.com.br\/2019\/wp-content\/uploads\/2024\/07\/zz-pr-jp-Pequeno-300x135.jpg 300w, https:\/\/jorgezanoni.com.br\/2019\/wp-content\/uploads\/2024\/07\/zz-pr-jp-Pequeno-768x345.jpg 768w, https:\/\/jorgezanoni.com.br\/2019\/wp-content\/uploads\/2024\/07\/zz-pr-jp-Pequeno-696x313.jpg 696w\" sizes=\"auto, (max-width: 854px) 100vw, 854px\" \/> <img loading=\"lazy\" decoding=\"async\" class=\"alignnone size-full wp-image-87964\" src=\"https:\/\/jorgezanoni.com.br\/2019\/wp-content\/uploads\/2024\/07\/zz-pr2-2-jp-Pequeno.jpg\" alt=\"\" width=\"640\" height=\"480\" srcset=\"https:\/\/jorgezanoni.com.br\/2019\/wp-content\/uploads\/2024\/07\/zz-pr2-2-jp-Pequeno.jpg 640w, https:\/\/jorgezanoni.com.br\/2019\/wp-content\/uploads\/2024\/07\/zz-pr2-2-jp-Pequeno-300x225.jpg 300w, https:\/\/jorgezanoni.com.br\/2019\/wp-content\/uploads\/2024\/07\/zz-pr2-2-jp-Pequeno-80x60.jpg 80w, https:\/\/jorgezanoni.com.br\/2019\/wp-content\/uploads\/2024\/07\/zz-pr2-2-jp-Pequeno-265x198.jpg 265w, https:\/\/jorgezanoni.com.br\/2019\/wp-content\/uploads\/2024\/07\/zz-pr2-2-jp-Pequeno-560x420.jpg 560w\" sizes=\"auto, (max-width: 640px) 100vw, 640px\" \/><\/p>\n<p>Fonte: 3\u00b0 Pel da 2\u00aa Cia do 2\u00b0 BPRv.<\/p>\n<p>POL\u00cdCIA MILITAR, RUMO AOS 200 ANOS! VAMOS TODOS JUNTOS. NINGU\u00c9M FICA PARA TR\u00c1S!<\/p>\n","protected":false},"excerpt":{"rendered":"<p>Evento aconteceu na manh\u00e3 desta quinta-feira na Rodovia Comandante Jo\u00e3o Ribeiro de Barros, SP-294, em frente a Base Operacional de Adamantina. Equipes do SEST SENAT, com o apoio do Policiamento Rodovi\u00e1rio\/SP, realizaram a campanha nacional do \u201cDia do Motorista\u201d. A campanha foi realizada na Base do Policiamento Rodovi\u00e1rio de Adamantina\/SP e foram abordados 152 ve\u00edculos [&hellip;]<\/p>\n","protected":false},"author":1,"featured_media":87963,"comment_status":"closed","ping_status":"open","sticky":false,"template":"","format":"standard","meta":{"footnotes":""},"categories":[110,2],"tags":[],"class_list":["post-87961","post","type-post","status-publish","format-standard","has-post-thumbnail","hentry","category-noticiasdestaque","category-policial"],"_links":{"self":[{"href":"https:\/\/jorgezanoni.com.br\/2019\/wp-json\/wp\/v2\/posts\/87961","targetHints":{"allow":["GET"]}}],"collection":[{"href":"https:\/\/jorgezanoni.com.br\/2019\/wp-json\/wp\/v2\/posts"}],"about":[{"href":"https:\/\/jorgezanoni.com.br\/2019\/wp-json\/wp\/v2\/types\/post"}],"author":[{"embeddable":true,"href":"https:\/\/jorgezanoni.com.br\/2019\/wp-json\/wp\/v2\/users\/1"}],"replies":[{"embeddable":true,"href":"https:\/\/jorgezanoni.com.br\/2019\/wp-json\/wp\/v2\/comments?post=87961"}],"version-history":[{"count":1,"href":"https:\/\/jorgezanoni.com.br\/2019\/wp-json\/wp\/v2\/posts\/87961\/revisions"}],"predecessor-version":[{"id":87965,"href":"https:\/\/jorgezanoni.com.br\/2019\/wp-json\/wp\/v2\/posts\/87961\/revisions\/87965"}],"wp:featuredmedia":[{"embeddable":true,"href":"https:\/\/jorgezanoni.com.br\/2019\/wp-json\/wp\/v2\/media\/87963"}],"wp:attachment":[{"href":"https:\/\/jorgezanoni.com.br\/2019\/wp-json\/wp\/v2\/media?parent=87961"}],"wp:term":[{"taxonomy":"category","embeddable":true,"href":"https:\/\/jorgezanoni.com.br\/2019\/wp-json\/wp\/v2\/categories?post=87961"},{"taxonomy":"post_tag","embeddable":true,"href":"https:\/\/jorgezanoni.com.br\/2019\/wp-json\/wp\/v2\/tags?post=87961"}],"curies":[{"name":"wp","href":"https:\/\/api.w.org\/{rel}","templated":true}]}}