{"id":87958,"date":"2024-07-25T16:08:54","date_gmt":"2024-07-25T16:08:54","guid":{"rendered":"https:\/\/jorgezanoni.com.br\/2019\/?p=87958"},"modified":"2024-07-25T16:08:54","modified_gmt":"2024-07-25T16:08:54","slug":"policia-civil-captura-foragido-da-justica-em-lucelia-condenado-a-24-anos-por-estupro-de-vulneravel","status":"publish","type":"post","link":"https:\/\/jorgezanoni.com.br\/2019\/policia-civil-captura-foragido-da-justica-em-lucelia-condenado-a-24-anos-por-estupro-de-vulneravel\/","title":{"rendered":"Pol\u00edcia Civil captura foragido da justi\u00e7a em Luc\u00e9lia, condenado a 24 anos por Estupro de Vulner\u00e1vel"},"content":{"rendered":"<p style=\"text-align: justify;\"><strong>A\u00e7\u00e3o conjunta da Pol\u00edcia Civil resulta na pris\u00e3o de homem condenado por crime cometido em Panorama em 2012.<\/strong><\/p>\n<p style=\"text-align: justify;\">A Pol\u00edcia Civil, por interm\u00e9dio da Delegacia de Pol\u00edcia de Panorama e com apoio operacional da Delegacia de Pol\u00edcia de Luc\u00e9lia, prendeu um homem de 64 anos condenado a 24 anos, quatro meses e 15 dias de pris\u00e3o, em regime fechado, pelo crime de estupro de vulner\u00e1vel ocorrido em 2012 na cidade de Panorama. A captura ocorreu no bairro Vila Renn\u00f3, em Luc\u00e9lia.<\/p>\n<p style=\"text-align: justify;\">O mandado de pris\u00e3o, resultante de senten\u00e7a condenat\u00f3ria definitiva expedida pela 1\u00aa Vara Judicial da Comarca de Panorama em 2021, estava em aberto desde ent\u00e3o, pois o homem encontrava-se foragido. Atrav\u00e9s de um trabalho de investiga\u00e7\u00e3o e compartilhamento de informa\u00e7\u00f5es, os policiais civis de Panorama conseguiram localizar o paradeiro do condenado em Luc\u00e9lia.<\/p>\n<p style=\"text-align: justify;\">Na manh\u00e3 desta quinta-feira (25), agentes da Pol\u00edcia Civil de Panorama, com o suporte da equipe de Luc\u00e9lia, efetuaram a pris\u00e3o. O homem foi conduzido \u00e0 Delegacia de Pol\u00edcia de Luc\u00e9lia, onde foi formalizado o cumprimento do mandado de pris\u00e3o. Ele aguardar\u00e1 audi\u00eancia de cust\u00f3dia na Cadeia P\u00fablica de Adamantina antes de ser transferido para uma unidade do sistema penitenci\u00e1rio adequada para condenados por crimes sexuais.<\/p>\n<p>Os dados da v\u00edtima foram preservados devido \u00e0 natureza sens\u00edvel do crime.<\/p>\n<p>Fonte: Com. Social Pol\u00edcia Civil<\/p>\n","protected":false},"excerpt":{"rendered":"<p>A\u00e7\u00e3o conjunta da Pol\u00edcia Civil resulta na pris\u00e3o de homem condenado por crime cometido em Panorama em 2012. A Pol\u00edcia Civil, por interm\u00e9dio da Delegacia de Pol\u00edcia de Panorama e com apoio operacional da Delegacia de Pol\u00edcia de Luc\u00e9lia, prendeu um homem de 64 anos condenado a 24 anos, quatro meses e 15 dias de [&hellip;]<\/p>\n","protected":false},"author":1,"featured_media":87959,"comment_status":"closed","ping_status":"open","sticky":false,"template":"","format":"standard","meta":{"footnotes":""},"categories":[110,2],"tags":[],"class_list":["post-87958","post","type-post","status-publish","format-standard","has-post-thumbnail","hentry","category-noticiasdestaque","category-policial"],"_links":{"self":[{"href":"https:\/\/jorgezanoni.com.br\/2019\/wp-json\/wp\/v2\/posts\/87958","targetHints":{"allow":["GET"]}}],"collection":[{"href":"https:\/\/jorgezanoni.com.br\/2019\/wp-json\/wp\/v2\/posts"}],"about":[{"href":"https:\/\/jorgezanoni.com.br\/2019\/wp-json\/wp\/v2\/types\/post"}],"author":[{"embeddable":true,"href":"https:\/\/jorgezanoni.com.br\/2019\/wp-json\/wp\/v2\/users\/1"}],"replies":[{"embeddable":true,"href":"https:\/\/jorgezanoni.com.br\/2019\/wp-json\/wp\/v2\/comments?post=87958"}],"version-history":[{"count":1,"href":"https:\/\/jorgezanoni.com.br\/2019\/wp-json\/wp\/v2\/posts\/87958\/revisions"}],"predecessor-version":[{"id":87960,"href":"https:\/\/jorgezanoni.com.br\/2019\/wp-json\/wp\/v2\/posts\/87958\/revisions\/87960"}],"wp:featuredmedia":[{"embeddable":true,"href":"https:\/\/jorgezanoni.com.br\/2019\/wp-json\/wp\/v2\/media\/87959"}],"wp:attachment":[{"href":"https:\/\/jorgezanoni.com.br\/2019\/wp-json\/wp\/v2\/media?parent=87958"}],"wp:term":[{"taxonomy":"category","embeddable":true,"href":"https:\/\/jorgezanoni.com.br\/2019\/wp-json\/wp\/v2\/categories?post=87958"},{"taxonomy":"post_tag","embeddable":true,"href":"https:\/\/jorgezanoni.com.br\/2019\/wp-json\/wp\/v2\/tags?post=87958"}],"curies":[{"name":"wp","href":"https:\/\/api.w.org\/{rel}","templated":true}]}}