{"id":87953,"date":"2024-07-25T12:28:32","date_gmt":"2024-07-25T12:28:32","guid":{"rendered":"https:\/\/jorgezanoni.com.br\/2019\/?p=87953"},"modified":"2024-07-25T17:28:00","modified_gmt":"2024-07-25T17:28:00","slug":"morre-cicero-pereira-cicero-da-transouza","status":"publish","type":"post","link":"https:\/\/jorgezanoni.com.br\/2019\/morre-cicero-pereira-cicero-da-transouza\/","title":{"rendered":"Morre C\u00edcero Pereira &#8220;C\u00edcero da Transouza&#8221;"},"content":{"rendered":"<p>Comunicamos com pesar o falecimento de C\u00edcero Aparecido Pereira de 61 anos. Estava em tratamento de sa\u00fade no Hospital HR, na cidade de Presidente Prudente.<\/p>\n<p>\u00c9 integrante do Lions Clube de Dracena onde j\u00e1 foi Presidente e integrou por muitos anos a comiss\u00e3o organizadora da Fapidra.<\/p>\n<p>Deixa a esposa C\u00e9lia, filhos, genro, demais familiares e amigos.<\/p>\n<p>O SITE JZ e TOP TV se solidarizam com os amigos e familiares neste dif\u00edcil momento.<\/p>\n<p>O Vel\u00f3rio ser\u00e1 na Mutu\u00e1ria Dracenense a partir das 17 H. de hoje (25) e o Sepultamento ocorre amanh\u00e3 (26) \u00e0s 08h30. no Cemit\u00e9rio Municipal de Dracena.<\/p>\n<p>Jorge Zanoni<\/p>\n","protected":false},"excerpt":{"rendered":"<p>Comunicamos com pesar o falecimento de C\u00edcero Aparecido Pereira de 61 anos. Estava em tratamento de sa\u00fade no Hospital HR, na cidade de Presidente Prudente. \u00c9 integrante do Lions Clube de Dracena onde j\u00e1 foi Presidente e integrou por muitos anos a comiss\u00e3o organizadora da Fapidra. Deixa a esposa C\u00e9lia, filhos, genro, demais familiares e [&hellip;]<\/p>\n","protected":false},"author":1,"featured_media":87954,"comment_status":"closed","ping_status":"open","sticky":false,"template":"","format":"standard","meta":{"footnotes":""},"categories":[178,110],"tags":[],"class_list":["post-87953","post","type-post","status-publish","format-standard","has-post-thumbnail","hentry","category-notadefalecimento","category-noticiasdestaque"],"_links":{"self":[{"href":"https:\/\/jorgezanoni.com.br\/2019\/wp-json\/wp\/v2\/posts\/87953","targetHints":{"allow":["GET"]}}],"collection":[{"href":"https:\/\/jorgezanoni.com.br\/2019\/wp-json\/wp\/v2\/posts"}],"about":[{"href":"https:\/\/jorgezanoni.com.br\/2019\/wp-json\/wp\/v2\/types\/post"}],"author":[{"embeddable":true,"href":"https:\/\/jorgezanoni.com.br\/2019\/wp-json\/wp\/v2\/users\/1"}],"replies":[{"embeddable":true,"href":"https:\/\/jorgezanoni.com.br\/2019\/wp-json\/wp\/v2\/comments?post=87953"}],"version-history":[{"count":4,"href":"https:\/\/jorgezanoni.com.br\/2019\/wp-json\/wp\/v2\/posts\/87953\/revisions"}],"predecessor-version":[{"id":87970,"href":"https:\/\/jorgezanoni.com.br\/2019\/wp-json\/wp\/v2\/posts\/87953\/revisions\/87970"}],"wp:featuredmedia":[{"embeddable":true,"href":"https:\/\/jorgezanoni.com.br\/2019\/wp-json\/wp\/v2\/media\/87954"}],"wp:attachment":[{"href":"https:\/\/jorgezanoni.com.br\/2019\/wp-json\/wp\/v2\/media?parent=87953"}],"wp:term":[{"taxonomy":"category","embeddable":true,"href":"https:\/\/jorgezanoni.com.br\/2019\/wp-json\/wp\/v2\/categories?post=87953"},{"taxonomy":"post_tag","embeddable":true,"href":"https:\/\/jorgezanoni.com.br\/2019\/wp-json\/wp\/v2\/tags?post=87953"}],"curies":[{"name":"wp","href":"https:\/\/api.w.org\/{rel}","templated":true}]}}