{"id":8791,"date":"2019-10-14T21:29:29","date_gmt":"2019-10-14T21:29:29","guid":{"rendered":"https:\/\/jorgezanoni.com.br\/2019\/?p=8791"},"modified":"2019-10-14T21:29:29","modified_gmt":"2019-10-14T21:29:29","slug":"confira-o-plantao-policial-das-ultimas-horas-14-10-19","status":"publish","type":"post","link":"https:\/\/jorgezanoni.com.br\/2019\/confira-o-plantao-policial-das-ultimas-horas-14-10-19\/","title":{"rendered":"Confira o Plant\u00e3o Policial das \u00faltimas Horas 14\/10\/19"},"content":{"rendered":"<p style=\"text-align: justify;\"><strong>DUPLA \u00c9 PRESA EM JUNQUEIR\u00d3POLIS\/SP, POR TR\u00c1FICO DE DROGAS. <\/strong><\/p>\n<p style=\"text-align: justify;\">Tr\u00e1fico de Entorpecente \u2013 Flagrante<\/p>\n<p style=\"text-align: justify;\">Data: 11OUT19 \u00e0s 05h11min.<\/p>\n<p style=\"text-align: justify;\">Endere\u00e7o: Rua Curitiba &#8211; Jd Alvorada \u2013Junqueir\u00f3polis\/SP.<\/p>\n<p style=\"text-align: justify;\">Indiciado 01: C.F.L.<\/p>\n<p style=\"text-align: justify;\">Indiciado 02: A.S.A.<\/p>\n<p style=\"text-align: justify;\">Apreens\u00f5es: 0,367 kg de maconha.<\/p>\n<p style=\"text-align: justify;\">Durante patrulhamento de Forca T\u00e1tica pelo munic\u00edpio de Junqueir\u00f3polis, na madrugada do dia 11\/10, ap\u00f3s diversasden\u00fancias no Copom que o autor A.S.A.e o autor C.F.L., praticavam tr\u00e1fico de drogas pelaRua Curitiba. Com essas informa\u00e7\u00f5es a equipe realizou ponto de observa\u00e7\u00e3o nas proximidadesonde foi poss\u00edvel visualizar os dois autores conversando, onde foram abordados e durante a busca pessoal nada de il\u00edcito foi encontrado, porem durante a abordagem, o A.S.A. confessou que ambosteriam ido at\u00e9 a cidade de Dracena no per\u00edodo da manh\u00e3 e adquirido 1 pe\u00e7a de maconha. Indagado onde estaria a drogaadquirida, o mesmo levou a equipe at\u00e9 um pasto pr\u00f3ximo e escavou ao lado deuma arvore onde foi localizado apenas um peda\u00e7o. Diante do fato foi dada voz de pris\u00e3o aos dois envolvidos que permaneceram presos a disposi\u00e7\u00e3o da justi\u00e7a.<\/p>\n<p style=\"text-align: justify;\"><strong>MULHER \u00c9 PRESA EM FL\u00d3RIDA PAULISTA\/SP, POR TR\u00c1FICO DE DROGAS. <\/strong><\/p>\n<p style=\"text-align: justify;\">Tr\u00e1fico de Entorpecente \u2013 Flagrante<\/p>\n<p style=\"text-align: justify;\">Data: 11OUT19 \u00e0s 17h42min.<\/p>\n<p style=\"text-align: justify;\">Endere\u00e7o: Av. S\u00e3o Paulo &#8211; Centro\u2013Fl\u00f3rida Paulista\/SP.<\/p>\n<p style=\"text-align: justify;\">Indiciada: G.R.M.<\/p>\n<p style=\"text-align: justify;\">Entorpecente: 0,104 kg de coca\u00edna; 0,043 kg de maconhae 0,151 kg crack.<\/p>\n<p style=\"text-align: justify;\">Na tarde do dia 11\/10, Policiais Militares realizavam uma Opera\u00e7\u00e3o pelo munic\u00edpio de Fl\u00f3rida Paulista, onde abordaram um \u00f4nibus e solicitaram que as passageiras descessem a fim de ser realizado buscas em suas bolsas. Na revista foilocalizado na bolsa da G.R.M., coca\u00edna, crack, maconha e materiais para embalar as drogas. Diante dosfatos foi dada voz de pris\u00e3o em flagrante delito, onde permaneceu a disposi\u00e7\u00e3o da justi\u00e7a.<\/p>\n<p style=\"text-align: justify;\"><strong>POL\u00cdCIA MILITAR CUMPRE MANDADO DE PRIS\u00c3O EM DRACENA\/SP.<\/strong><\/p>\n<p style=\"text-align: justify;\">Mandado de Pris\u00e3o<\/p>\n<p style=\"text-align: justify;\">Data: 11OUT19 \u00e0s 21h18min.<\/p>\n<p style=\"text-align: justify;\">Endere\u00e7o: Av.Rui Barbosa &#8211; Centro\u2013Dracena\/SP.<\/p>\n<p style=\"text-align: justify;\">Autor: V.P.O.<\/p>\n<p style=\"text-align: justify;\">Na noite do dia 11\/10, durante patrulhamento de For\u00e7a T\u00e1tica pela cidade de Dracena, ao abordar o autor V.P.O., ficouconstatado atrav\u00e9s de pesquisa via Copom que havia em desfavor do indiv\u00edduo um mandado de pris\u00e3o. Diante dos fatos, indiv\u00edduo foi preso permanecendo adisposi\u00e7\u00e3o da justi\u00e7a.<\/p>\n<p style=\"text-align: justify;\"><strong>AP\u00d3S AMEA\u00c7AR EX MULHER, HOMEM \u00c9 PRESO EM OSVALDO CRUZ\/SP.<\/strong><\/p>\n<p style=\"text-align: justify;\">Desobedi\u00eancia \u00e0 ordem de Medida Protetiva \u2013 Flagrante.<\/p>\n<p style=\"text-align: justify;\">Data: 13OUT19 \u00e0s 00h39min.<\/p>\n<p style=\"text-align: justify;\">Endere\u00e7o: R.S\u00e3o Paulo &#8211; Jardim Paulista \u2013Osvaldo Cruz\/SP.<\/p>\n<p style=\"text-align: justify;\">V\u00edtima: E.P.<\/p>\n<p style=\"text-align: justify;\">Autor: E.R.A.P.<\/p>\n<p style=\"text-align: justify;\">Na madrugada do dia 13\/10, os Policiais Militares de Osvaldo Cruz, foram acionados via COPOM, para atender ocorr\u00eancia de desintelig\u00eancia. No local, em contato com a v\u00edtima E.P., que informou que seu ex marido invadiu sua casa lhe xingando, pegou uma faca e amea\u00e7ouseu primo, disse ainda que tem uma medida protetiva. Diante do fato foi dada voz de pris\u00e3o emflagrante para o autor que permaneceu a disposi\u00e7\u00e3o da justi\u00e7a.<\/p>\n<p style=\"text-align: justify;\"><strong>POL\u00cdCIA MILITAR PRENDE HOMEM POR FURTO DE CELULAR EM JUNQUEIR\u00d3POLIS\/SP. <\/strong><\/p>\n<p style=\"text-align: justify;\">Furto Qualificado \u2013 Flagrante.<\/p>\n<p style=\"text-align: justify;\">Data: 14OUT19 \u00e0s 03h20min.<\/p>\n<p style=\"text-align: justify;\">Endere\u00e7o: R.Curitiba \u2013Junqueir\u00f3polis\/SP.<\/p>\n<p style=\"text-align: justify;\">Autor: T.V.S.S. (29 anos)<\/p>\n<p style=\"text-align: justify;\">Vitima: D.D.N.A.<\/p>\n<p style=\"text-align: justify;\">Na madrugada do dia 14\/10, os Policiais Militares de Junqueir\u00f3polis, ap\u00f3s solicita\u00e7\u00e3o via Copom, foram ao local, onde a v\u00edtima informou que estava em sua casa, quando o autor chamou e pediu \u00e1gua, sendo que a v\u00edtima deixou entrar em sua resid\u00eancia e enquanto o autor bebia agua a v\u00edtima foi at\u00e9 o banheiro e ao retornar o autor teria ido embora levando seu aparelho celular. A v\u00edtima ainda informou que n\u00e3o conhecia o autor, e passou as caracter\u00edsticas a equipe, que ap\u00f3s patrulhamento, localizou o autor nas proximidades. Autor ao perceber a presen\u00e7a policial, tentou fugir e dispensou um objeto em meio a vegeta\u00e7\u00e3o de uma pra\u00e7a, por\u00e9m foi alcan\u00e7ado e abordado, onde confessou a pratica do furto e indicou onde havia jogado o celular, que foi recuperado pela equipe. O autor e o aparelho celular foram levados a presen\u00e7a da v\u00edtima, que de imediato reconheceu o autor e o celular. Diante disso foi dada voz de pris\u00e3o ao autor pelo crime de furto, permanecendo o autor a disposi\u00e7\u00e3o da justi\u00e7a.<\/p>\n<p style=\"text-align: justify;\">#25BPMI<\/p>\n<p style=\"text-align: justify;\">#POLICIAMILITARSP<\/p>\n<p style=\"text-align: justify;\">#AFOR\u00c7AP\u00daBLICADES\u00c3OPAULO<\/p>\n<p style=\"text-align: justify;\">Fonte: COMUNICA\u00c7\u00c3O SOCIAL DO 25\u00ba BPM\/I &#8211; Dracena e regi\u00e3o.<\/p>\n","protected":false},"excerpt":{"rendered":"<p>DUPLA \u00c9 PRESA EM JUNQUEIR\u00d3POLIS\/SP, POR TR\u00c1FICO DE DROGAS. Tr\u00e1fico de Entorpecente \u2013 Flagrante Data: 11OUT19 \u00e0s 05h11min. Endere\u00e7o: Rua Curitiba &#8211; Jd Alvorada \u2013Junqueir\u00f3polis\/SP. Indiciado 01: C.F.L. Indiciado 02: A.S.A. Apreens\u00f5es: 0,367 kg de maconha. Durante patrulhamento de Forca T\u00e1tica pelo munic\u00edpio de Junqueir\u00f3polis, na madrugada do dia 11\/10, ap\u00f3s diversasden\u00fancias no Copom que [&hellip;]<\/p>\n","protected":false},"author":1,"featured_media":8792,"comment_status":"closed","ping_status":"open","sticky":false,"template":"","format":"standard","meta":{"footnotes":""},"categories":[110,2],"tags":[],"class_list":["post-8791","post","type-post","status-publish","format-standard","has-post-thumbnail","hentry","category-noticiasdestaque","category-policial"],"_links":{"self":[{"href":"https:\/\/jorgezanoni.com.br\/2019\/wp-json\/wp\/v2\/posts\/8791","targetHints":{"allow":["GET"]}}],"collection":[{"href":"https:\/\/jorgezanoni.com.br\/2019\/wp-json\/wp\/v2\/posts"}],"about":[{"href":"https:\/\/jorgezanoni.com.br\/2019\/wp-json\/wp\/v2\/types\/post"}],"author":[{"embeddable":true,"href":"https:\/\/jorgezanoni.com.br\/2019\/wp-json\/wp\/v2\/users\/1"}],"replies":[{"embeddable":true,"href":"https:\/\/jorgezanoni.com.br\/2019\/wp-json\/wp\/v2\/comments?post=8791"}],"version-history":[{"count":0,"href":"https:\/\/jorgezanoni.com.br\/2019\/wp-json\/wp\/v2\/posts\/8791\/revisions"}],"wp:featuredmedia":[{"embeddable":true,"href":"https:\/\/jorgezanoni.com.br\/2019\/wp-json\/wp\/v2\/media\/8792"}],"wp:attachment":[{"href":"https:\/\/jorgezanoni.com.br\/2019\/wp-json\/wp\/v2\/media?parent=8791"}],"wp:term":[{"taxonomy":"category","embeddable":true,"href":"https:\/\/jorgezanoni.com.br\/2019\/wp-json\/wp\/v2\/categories?post=8791"},{"taxonomy":"post_tag","embeddable":true,"href":"https:\/\/jorgezanoni.com.br\/2019\/wp-json\/wp\/v2\/tags?post=8791"}],"curies":[{"name":"wp","href":"https:\/\/api.w.org\/{rel}","templated":true}]}}