{"id":87898,"date":"2024-07-22T22:43:27","date_gmt":"2024-07-22T22:43:27","guid":{"rendered":"https:\/\/jorgezanoni.com.br\/2019\/?p=87898"},"modified":"2024-07-22T22:43:27","modified_gmt":"2024-07-22T22:43:27","slug":"trecho-da-sp-294-passara-por-obras-em-dracena","status":"publish","type":"post","link":"https:\/\/jorgezanoni.com.br\/2019\/trecho-da-sp-294-passara-por-obras-em-dracena\/","title":{"rendered":"Trecho da SP 294 passar\u00e1 por obras em Dracena"},"content":{"rendered":"<p style=\"text-align: justify;\"><strong><em>Execu\u00e7\u00e3o de melhorias no pavimento provocar\u00e1 mudan\u00e7as na circula\u00e7\u00e3o dos ve\u00edculos nos pr\u00f3ximos dias.<\/em><\/strong><\/p>\n<p style=\"text-align: justify;\">Um trecho da SP 294 &#8211; Rodovia Comandante Jo\u00e3o Ribeiro de Barros, pr\u00f3ximo \u00e0 entrada de Dracena, passar\u00e1 por obras de melhorias no pavimento entre esta quarta-feira (24) e s\u00e1bado (27). A interven\u00e7\u00e3o ser\u00e1 na altura do km 646 e km 645, na pista sentido Capital. Durante esse per\u00edodo, a concession\u00e1ria Eixo SP realizar\u00e1 melhorias no pavimento e a execu\u00e7\u00e3o dos trabalhos exigir\u00e1 o fechamento total da pista no sistema 24 horas.<\/p>\n<p style=\"text-align: justify;\">Os usu\u00e1rios que estiverem na pista sentido Capital ter\u00e3o de seguir por um desvio no canteiro central para acessar a pista contr\u00e1ria, no sentido Oeste, a qual passar\u00e1 a ser pista simples com ve\u00edculos circulando em ambos os sentidos de dire\u00e7\u00e3o durante a realiza\u00e7\u00e3o das obras. Ap\u00f3s passar pelo trecho em obras, os motoristas retornar\u00e3o para a pista Leste conforme sinaliza\u00e7\u00e3o que ser\u00e1 implantada no local.<\/p>\n<p style=\"text-align: justify;\">Em raz\u00e3o das modifica\u00e7\u00f5es que ser\u00e3o necess\u00e1rias para a execu\u00e7\u00e3o das melhorias, os usu\u00e1rios ter\u00e3o de redobrar a aten\u00e7\u00e3o \u00e0 sinaliza\u00e7\u00e3o. Equipes de orienta\u00e7\u00e3o permanecer\u00e3o no local durante todo o per\u00edodo de obras para alertar os motoristas sobre a altera\u00e7\u00e3o no tr\u00e1fego.<\/p>\n<p style=\"text-align: justify;\"><strong>Sobre a Eixo SP<\/strong><\/p>\n<p style=\"text-align: justify;\">A Eixo SP Concession\u00e1ria de Rodovias administra mais de 1.221 km de estradas que passam por 62 munic\u00edpios da regi\u00e3o de Rio Claro, no centro do Estado, at\u00e9 Panorama, no extremo oeste, na divisa com o Mato Grosso do Sul. O maior contrato sob supervis\u00e3o da Artesp (Ag\u00eancia Reguladora de Transportes do Estado de S\u00e3o Paulo) ter\u00e1 investimentos na ordem de R$ 14 bilh\u00f5es em obras de amplia\u00e7\u00e3o, conserva\u00e7\u00e3o, al\u00e9m da moderniza\u00e7\u00e3o de servi\u00e7os ao usu\u00e1rio. Para mais informa\u00e7\u00f5es acesse: <a href=\"http:\/\/www.eixosp.com.br\">www.eixosp.com.br<\/a>.<\/p>\n<p>&nbsp;<\/p>\n","protected":false},"excerpt":{"rendered":"<p>Execu\u00e7\u00e3o de melhorias no pavimento provocar\u00e1 mudan\u00e7as na circula\u00e7\u00e3o dos ve\u00edculos nos pr\u00f3ximos dias. Um trecho da SP 294 &#8211; Rodovia Comandante Jo\u00e3o Ribeiro de Barros, pr\u00f3ximo \u00e0 entrada de Dracena, passar\u00e1 por obras de melhorias no pavimento entre esta quarta-feira (24) e s\u00e1bado (27). A interven\u00e7\u00e3o ser\u00e1 na altura do km 646 e km [&hellip;]<\/p>\n","protected":false},"author":1,"featured_media":87899,"comment_status":"closed","ping_status":"open","sticky":false,"template":"","format":"standard","meta":{"footnotes":""},"categories":[180,110],"tags":[],"class_list":["post-87898","post","type-post","status-publish","format-standard","has-post-thumbnail","hentry","category-estradastransitoveiculos","category-noticiasdestaque"],"_links":{"self":[{"href":"https:\/\/jorgezanoni.com.br\/2019\/wp-json\/wp\/v2\/posts\/87898","targetHints":{"allow":["GET"]}}],"collection":[{"href":"https:\/\/jorgezanoni.com.br\/2019\/wp-json\/wp\/v2\/posts"}],"about":[{"href":"https:\/\/jorgezanoni.com.br\/2019\/wp-json\/wp\/v2\/types\/post"}],"author":[{"embeddable":true,"href":"https:\/\/jorgezanoni.com.br\/2019\/wp-json\/wp\/v2\/users\/1"}],"replies":[{"embeddable":true,"href":"https:\/\/jorgezanoni.com.br\/2019\/wp-json\/wp\/v2\/comments?post=87898"}],"version-history":[{"count":1,"href":"https:\/\/jorgezanoni.com.br\/2019\/wp-json\/wp\/v2\/posts\/87898\/revisions"}],"predecessor-version":[{"id":87900,"href":"https:\/\/jorgezanoni.com.br\/2019\/wp-json\/wp\/v2\/posts\/87898\/revisions\/87900"}],"wp:featuredmedia":[{"embeddable":true,"href":"https:\/\/jorgezanoni.com.br\/2019\/wp-json\/wp\/v2\/media\/87899"}],"wp:attachment":[{"href":"https:\/\/jorgezanoni.com.br\/2019\/wp-json\/wp\/v2\/media?parent=87898"}],"wp:term":[{"taxonomy":"category","embeddable":true,"href":"https:\/\/jorgezanoni.com.br\/2019\/wp-json\/wp\/v2\/categories?post=87898"},{"taxonomy":"post_tag","embeddable":true,"href":"https:\/\/jorgezanoni.com.br\/2019\/wp-json\/wp\/v2\/tags?post=87898"}],"curies":[{"name":"wp","href":"https:\/\/api.w.org\/{rel}","templated":true}]}}