{"id":87875,"date":"2024-07-20T22:55:00","date_gmt":"2024-07-20T22:55:00","guid":{"rendered":"https:\/\/jorgezanoni.com.br\/2019\/?p=87875"},"modified":"2024-07-20T22:55:00","modified_gmt":"2024-07-20T22:55:00","slug":"policia-civil-prende-homem-condenado-a-20-anos-por-estupro-de-vulneravel-em-panorama","status":"publish","type":"post","link":"https:\/\/jorgezanoni.com.br\/2019\/policia-civil-prende-homem-condenado-a-20-anos-por-estupro-de-vulneravel-em-panorama\/","title":{"rendered":"Pol\u00edcia Civil prende homem condenado a 20 anos por estupro de vulner\u00e1vel em Panorama"},"content":{"rendered":"<p style=\"text-align: justify;\">A Pol\u00edcia Civil, por interm\u00e9dio da Delegacia de Pol\u00edcia de Panorama, prendeu um homem de 58 anos condenado pelo crime de estupro de vulner\u00e1vel. O procurado foi localizado e detido no bairro Parano\u00e1 sem oferecer resist\u00eancia.<\/p>\n<p style=\"text-align: justify;\">A opera\u00e7\u00e3o policial teve in\u00edcio assim que os agentes do setor de investiga\u00e7\u00e3o da Delegacia de Pol\u00edcia de Panorama tomaram conhecimento da expedi\u00e7\u00e3o do mandado de pris\u00e3o em senten\u00e7a definitiva pela 2\u00aa Vara Criminal da Comarca de Panorama. Com uma pena de 20 anos em regime fechado, os agentes imediatamente iniciaram as buscas pelo paradeiro do homem, que foi localizado e preso em sua resid\u00eancia no final da tarde desta sexta-feira (19).<\/p>\n<p style=\"text-align: justify;\">Ap\u00f3s a captura, o homem foi encaminhado para a cela do Plant\u00e3o da CPJ de Dracena, onde realizar\u00e1 a audi\u00eancia de cust\u00f3dia. Posteriormente, ele ser\u00e1 transferido para uma unidade do sistema penitenci\u00e1rio apropriada para indiv\u00edduos condenados por crimes sexuais.<\/p>\n<p style=\"text-align: justify;\">O crime de estupro de vulner\u00e1vel ocorreu em 2022, e os dados da v\u00edtima foram preservados devido \u00e0 natureza do delito.<\/p>\n<p>Fonte: Com. Social Pol\u00edcia Civil<\/p>\n","protected":false},"excerpt":{"rendered":"<p>A Pol\u00edcia Civil, por interm\u00e9dio da Delegacia de Pol\u00edcia de Panorama, prendeu um homem de 58 anos condenado pelo crime de estupro de vulner\u00e1vel. O procurado foi localizado e detido no bairro Parano\u00e1 sem oferecer resist\u00eancia. A opera\u00e7\u00e3o policial teve in\u00edcio assim que os agentes do setor de investiga\u00e7\u00e3o da Delegacia de Pol\u00edcia de Panorama [&hellip;]<\/p>\n","protected":false},"author":1,"featured_media":87876,"comment_status":"closed","ping_status":"open","sticky":false,"template":"","format":"standard","meta":{"footnotes":""},"categories":[110,2],"tags":[],"class_list":["post-87875","post","type-post","status-publish","format-standard","has-post-thumbnail","hentry","category-noticiasdestaque","category-policial"],"_links":{"self":[{"href":"https:\/\/jorgezanoni.com.br\/2019\/wp-json\/wp\/v2\/posts\/87875","targetHints":{"allow":["GET"]}}],"collection":[{"href":"https:\/\/jorgezanoni.com.br\/2019\/wp-json\/wp\/v2\/posts"}],"about":[{"href":"https:\/\/jorgezanoni.com.br\/2019\/wp-json\/wp\/v2\/types\/post"}],"author":[{"embeddable":true,"href":"https:\/\/jorgezanoni.com.br\/2019\/wp-json\/wp\/v2\/users\/1"}],"replies":[{"embeddable":true,"href":"https:\/\/jorgezanoni.com.br\/2019\/wp-json\/wp\/v2\/comments?post=87875"}],"version-history":[{"count":1,"href":"https:\/\/jorgezanoni.com.br\/2019\/wp-json\/wp\/v2\/posts\/87875\/revisions"}],"predecessor-version":[{"id":87877,"href":"https:\/\/jorgezanoni.com.br\/2019\/wp-json\/wp\/v2\/posts\/87875\/revisions\/87877"}],"wp:featuredmedia":[{"embeddable":true,"href":"https:\/\/jorgezanoni.com.br\/2019\/wp-json\/wp\/v2\/media\/87876"}],"wp:attachment":[{"href":"https:\/\/jorgezanoni.com.br\/2019\/wp-json\/wp\/v2\/media?parent=87875"}],"wp:term":[{"taxonomy":"category","embeddable":true,"href":"https:\/\/jorgezanoni.com.br\/2019\/wp-json\/wp\/v2\/categories?post=87875"},{"taxonomy":"post_tag","embeddable":true,"href":"https:\/\/jorgezanoni.com.br\/2019\/wp-json\/wp\/v2\/tags?post=87875"}],"curies":[{"name":"wp","href":"https:\/\/api.w.org\/{rel}","templated":true}]}}