{"id":87858,"date":"2024-07-19T22:27:04","date_gmt":"2024-07-19T22:27:04","guid":{"rendered":"https:\/\/jorgezanoni.com.br\/2019\/?p=87858"},"modified":"2024-07-19T22:27:04","modified_gmt":"2024-07-19T22:27:04","slug":"policia-civil-prende-tres-suspeitos-de-roubo-e-extorsao-ocorrido-em-junqueiropolis","status":"publish","type":"post","link":"https:\/\/jorgezanoni.com.br\/2019\/policia-civil-prende-tres-suspeitos-de-roubo-e-extorsao-ocorrido-em-junqueiropolis\/","title":{"rendered":"Policia Civil prende tr\u00eas suspeitos de roubo e extors\u00e3o ocorrido em Junqueir\u00f3polis"},"content":{"rendered":"<p style=\"text-align: justify;\">A Pol\u00edcia Civil, por interm\u00e9dio da Delegacia de Pol\u00edcia de Junqueir\u00f3polis, com apoio t\u00e1tico operacional do Grupo de Opera\u00e7\u00f5es Especiais (GOE) da Delegacia Seccional de Pol\u00edcia de Dracena, cumpriu, nesta sexta-feira (19), tr\u00eas mandados de pris\u00e3o tempor\u00e1ria contra dois homens e uma mulher, de 31, 36 e 37 anos, suspeitos de roubo e extors\u00e3o contra um morador do munic\u00edpio, cujos dados pessoais foram preservados.<\/p>\n<p style=\"text-align: justify;\">No \u00faltimo dia 24 de maio, a v\u00edtima estava em um bar no bairro Jardim Alvorada, em Junqueir\u00f3polis, quando foi abordada por uma mulher de 37 anos, identificada durante as investiga\u00e7\u00f5es. A abordagem fazia parte de um plano para enganar e roubar a v\u00edtima.<\/p>\n<p style=\"text-align: justify;\">Ap\u00f3s sa\u00edrem do bar sob o pretexto de adquirir drogas para consumo, a v\u00edtima foi atacada por dois indiv\u00edduos que, usando de viol\u00eancia f\u00edsica, a subjugaram e roubaram seu telefone e dinheiro. Os agressores fugiram em seguida. Posteriormente, um terceiro suspeito contatou a v\u00edtima exigindo R$ 200,00 para devolver o telefone roubado.<\/p>\n<p style=\"text-align: justify;\">Durante as investiga\u00e7\u00f5es, os agentes da Delegacia de Pol\u00edcia de Junqueir\u00f3polis identificaram a mulher e os dois homens envolvidos no roubo e agress\u00e3o, al\u00e9m de um terceiro suspeito acusado de extors\u00e3o.<\/p>\n<p style=\"text-align: justify;\">Com as provas reunidas, a Autoridade Policial solicitou \u00e0 justi\u00e7a a decreta\u00e7\u00e3o da pris\u00e3o tempor\u00e1ria dos envolvidos. Um dos suspeitos de roubo, entretanto, foi v\u00edtima de homic\u00eddio em Junqueir\u00f3polis neste m\u00eas.<\/p>\n<p style=\"text-align: justify;\">Os outros dois homens, de 31 e 36 anos, e a mulher, de 37 anos, foram presos na manh\u00e3 desta sexta-feira (19). Os detidos foram encaminhados \u00e0 unidade policial, onde aguardar\u00e3o audi\u00eancia de cust\u00f3dia e posterior transfer\u00eancia para a Cadeia P\u00fablica de Presidente Venceslau e de Tupi Paulista, onde cumprir\u00e3o a pris\u00e3o tempor\u00e1ria de cinco dias, podendo ser prorrogada por igual per\u00edodo ou convertida em pris\u00e3o preventiva.<\/p>\n<p>Os envolvidos responder\u00e3o pelos crimes de roubo qualificado e extors\u00e3o.<\/p>\n<p>Fonte: Com. Social Pol\u00edcia Civil<\/p>\n","protected":false},"excerpt":{"rendered":"<p>A Pol\u00edcia Civil, por interm\u00e9dio da Delegacia de Pol\u00edcia de Junqueir\u00f3polis, com apoio t\u00e1tico operacional do Grupo de Opera\u00e7\u00f5es Especiais (GOE) da Delegacia Seccional de Pol\u00edcia de Dracena, cumpriu, nesta sexta-feira (19), tr\u00eas mandados de pris\u00e3o tempor\u00e1ria contra dois homens e uma mulher, de 31, 36 e 37 anos, suspeitos de roubo e extors\u00e3o contra [&hellip;]<\/p>\n","protected":false},"author":1,"featured_media":87859,"comment_status":"closed","ping_status":"open","sticky":false,"template":"","format":"standard","meta":{"footnotes":""},"categories":[110,2],"tags":[],"class_list":["post-87858","post","type-post","status-publish","format-standard","has-post-thumbnail","hentry","category-noticiasdestaque","category-policial"],"_links":{"self":[{"href":"https:\/\/jorgezanoni.com.br\/2019\/wp-json\/wp\/v2\/posts\/87858","targetHints":{"allow":["GET"]}}],"collection":[{"href":"https:\/\/jorgezanoni.com.br\/2019\/wp-json\/wp\/v2\/posts"}],"about":[{"href":"https:\/\/jorgezanoni.com.br\/2019\/wp-json\/wp\/v2\/types\/post"}],"author":[{"embeddable":true,"href":"https:\/\/jorgezanoni.com.br\/2019\/wp-json\/wp\/v2\/users\/1"}],"replies":[{"embeddable":true,"href":"https:\/\/jorgezanoni.com.br\/2019\/wp-json\/wp\/v2\/comments?post=87858"}],"version-history":[{"count":1,"href":"https:\/\/jorgezanoni.com.br\/2019\/wp-json\/wp\/v2\/posts\/87858\/revisions"}],"predecessor-version":[{"id":87860,"href":"https:\/\/jorgezanoni.com.br\/2019\/wp-json\/wp\/v2\/posts\/87858\/revisions\/87860"}],"wp:featuredmedia":[{"embeddable":true,"href":"https:\/\/jorgezanoni.com.br\/2019\/wp-json\/wp\/v2\/media\/87859"}],"wp:attachment":[{"href":"https:\/\/jorgezanoni.com.br\/2019\/wp-json\/wp\/v2\/media?parent=87858"}],"wp:term":[{"taxonomy":"category","embeddable":true,"href":"https:\/\/jorgezanoni.com.br\/2019\/wp-json\/wp\/v2\/categories?post=87858"},{"taxonomy":"post_tag","embeddable":true,"href":"https:\/\/jorgezanoni.com.br\/2019\/wp-json\/wp\/v2\/tags?post=87858"}],"curies":[{"name":"wp","href":"https:\/\/api.w.org\/{rel}","templated":true}]}}