{"id":8785,"date":"2019-10-14T21:09:37","date_gmt":"2019-10-14T21:09:37","guid":{"rendered":"https:\/\/jorgezanoni.com.br\/2019\/?p=8785"},"modified":"2019-10-14T21:09:37","modified_gmt":"2019-10-14T21:09:37","slug":"emdaep-inicia-serie-de-palestras-durante-a-sipat","status":"publish","type":"post","link":"https:\/\/jorgezanoni.com.br\/2019\/emdaep-inicia-serie-de-palestras-durante-a-sipat\/","title":{"rendered":"Emdaep inicia s\u00e9rie de palestras durante a Sipat"},"content":{"rendered":"<p class=\"ydpa262da69MsoNormal\" style=\"text-align: justify;\">As psic\u00f3logas Let\u00edcia Mendon\u00e7a dos Santos e Suzana Massareli ministraram, nesta segunda-feira, a palestra &#8220;Preven\u00e7\u00e3o do Suic\u00eddio&#8221; na abertura da Semana Interna de Preven\u00e7\u00e3o de Acidentes do Trabalho (Sipat), com a participa\u00e7\u00e3o de funcion\u00e1rios da Emdaep. Nesta ter\u00e7a-feira, Alberto Soares falar\u00e1 sobre &#8220;Qualidade de Vida&#8221;. A programa\u00e7\u00e3o de palestras vai at\u00e9 quinta-feira. Na sexta-feira o encerramento ser\u00e1 com uma gincana.<\/p>\n<p><img loading=\"lazy\" decoding=\"async\" class=\"alignnone size-full wp-image-8786\" src=\"https:\/\/jorgezanoni.com.br\/2019\/wp-content\/uploads\/2019\/10\/sipat1.jpg\" alt=\"\" width=\"1024\" height=\"540\" srcset=\"https:\/\/jorgezanoni.com.br\/2019\/wp-content\/uploads\/2019\/10\/sipat1.jpg 1024w, https:\/\/jorgezanoni.com.br\/2019\/wp-content\/uploads\/2019\/10\/sipat1-300x158.jpg 300w, https:\/\/jorgezanoni.com.br\/2019\/wp-content\/uploads\/2019\/10\/sipat1-768x405.jpg 768w, https:\/\/jorgezanoni.com.br\/2019\/wp-content\/uploads\/2019\/10\/sipat1-696x367.jpg 696w, https:\/\/jorgezanoni.com.br\/2019\/wp-content\/uploads\/2019\/10\/sipat1-796x420.jpg 796w\" sizes=\"auto, (max-width: 1024px) 100vw, 1024px\" \/> <img loading=\"lazy\" decoding=\"async\" class=\"alignnone size-full wp-image-8787\" src=\"https:\/\/jorgezanoni.com.br\/2019\/wp-content\/uploads\/2019\/10\/sipat2.jpg\" alt=\"\" width=\"695\" height=\"562\" srcset=\"https:\/\/jorgezanoni.com.br\/2019\/wp-content\/uploads\/2019\/10\/sipat2.jpg 695w, https:\/\/jorgezanoni.com.br\/2019\/wp-content\/uploads\/2019\/10\/sipat2-300x243.jpg 300w, https:\/\/jorgezanoni.com.br\/2019\/wp-content\/uploads\/2019\/10\/sipat2-519x420.jpg 519w\" sizes=\"auto, (max-width: 695px) 100vw, 695px\" \/> <img loading=\"lazy\" decoding=\"async\" class=\"alignnone size-full wp-image-8788\" src=\"https:\/\/jorgezanoni.com.br\/2019\/wp-content\/uploads\/2019\/10\/sipat3.jpg\" alt=\"\" width=\"842\" height=\"439\" srcset=\"https:\/\/jorgezanoni.com.br\/2019\/wp-content\/uploads\/2019\/10\/sipat3.jpg 842w, https:\/\/jorgezanoni.com.br\/2019\/wp-content\/uploads\/2019\/10\/sipat3-300x156.jpg 300w, https:\/\/jorgezanoni.com.br\/2019\/wp-content\/uploads\/2019\/10\/sipat3-768x400.jpg 768w, https:\/\/jorgezanoni.com.br\/2019\/wp-content\/uploads\/2019\/10\/sipat3-696x363.jpg 696w, https:\/\/jorgezanoni.com.br\/2019\/wp-content\/uploads\/2019\/10\/sipat3-806x420.jpg 806w\" sizes=\"auto, (max-width: 842px) 100vw, 842px\" \/><\/p>\n<p class=\"ydpa262da69MsoNormal\" style=\"text-align: justify;\">Ass. Rela\u00e7\u00f5es P\u00fablicas da Emdaep<\/p>\n","protected":false},"excerpt":{"rendered":"<p>As psic\u00f3logas Let\u00edcia Mendon\u00e7a dos Santos e Suzana Massareli ministraram, nesta segunda-feira, a palestra &#8220;Preven\u00e7\u00e3o do Suic\u00eddio&#8221; na abertura da Semana Interna de Preven\u00e7\u00e3o de Acidentes do Trabalho (Sipat), com a participa\u00e7\u00e3o de funcion\u00e1rios da Emdaep. Nesta ter\u00e7a-feira, Alberto Soares falar\u00e1 sobre &#8220;Qualidade de Vida&#8221;. A programa\u00e7\u00e3o de palestras vai at\u00e9 quinta-feira. Na sexta-feira o [&hellip;]<\/p>\n","protected":false},"author":1,"featured_media":8789,"comment_status":"closed","ping_status":"open","sticky":false,"template":"","format":"standard","meta":{"footnotes":""},"categories":[114],"tags":[],"class_list":["post-8785","post","type-post","status-publish","format-standard","has-post-thumbnail","hentry","category-geralecomercio"],"_links":{"self":[{"href":"https:\/\/jorgezanoni.com.br\/2019\/wp-json\/wp\/v2\/posts\/8785","targetHints":{"allow":["GET"]}}],"collection":[{"href":"https:\/\/jorgezanoni.com.br\/2019\/wp-json\/wp\/v2\/posts"}],"about":[{"href":"https:\/\/jorgezanoni.com.br\/2019\/wp-json\/wp\/v2\/types\/post"}],"author":[{"embeddable":true,"href":"https:\/\/jorgezanoni.com.br\/2019\/wp-json\/wp\/v2\/users\/1"}],"replies":[{"embeddable":true,"href":"https:\/\/jorgezanoni.com.br\/2019\/wp-json\/wp\/v2\/comments?post=8785"}],"version-history":[{"count":0,"href":"https:\/\/jorgezanoni.com.br\/2019\/wp-json\/wp\/v2\/posts\/8785\/revisions"}],"wp:featuredmedia":[{"embeddable":true,"href":"https:\/\/jorgezanoni.com.br\/2019\/wp-json\/wp\/v2\/media\/8789"}],"wp:attachment":[{"href":"https:\/\/jorgezanoni.com.br\/2019\/wp-json\/wp\/v2\/media?parent=8785"}],"wp:term":[{"taxonomy":"category","embeddable":true,"href":"https:\/\/jorgezanoni.com.br\/2019\/wp-json\/wp\/v2\/categories?post=8785"},{"taxonomy":"post_tag","embeddable":true,"href":"https:\/\/jorgezanoni.com.br\/2019\/wp-json\/wp\/v2\/tags?post=8785"}],"curies":[{"name":"wp","href":"https:\/\/api.w.org\/{rel}","templated":true}]}}