{"id":8782,"date":"2019-10-14T17:44:59","date_gmt":"2019-10-14T17:44:59","guid":{"rendered":"https:\/\/jorgezanoni.com.br\/2019\/?p=8782"},"modified":"2019-10-14T17:44:59","modified_gmt":"2019-10-14T17:44:59","slug":"seria-um-milagre-padre-wilson-fala-com-exclusividade-ao-site-jz-sobre-santas-nos-trevos-de-dracena-e-monte-castelo","status":"publish","type":"post","link":"https:\/\/jorgezanoni.com.br\/2019\/seria-um-milagre-padre-wilson-fala-com-exclusividade-ao-site-jz-sobre-santas-nos-trevos-de-dracena-e-monte-castelo\/","title":{"rendered":"Seria um milagre? Padre Wilson fala com exclusividade ao Site JZ sobre Santas nos trevos de Dracena e Monte Castelo"},"content":{"rendered":"<p style=\"text-align: justify;\">Dois fatos interessantes chamaram aten\u00e7\u00e3o da popula\u00e7\u00e3o, especialmente dos Cat\u00f3licos que s\u00e3o fi\u00e9is devotos de Nossa Senhora.<\/p>\n<p style=\"text-align: justify;\">No s\u00e1bado, dia consagrado a Nossa Senhora Aparecida, houve uma &#8220;queimada&#8221; no conhecido Trevo da Santa na entrada de Dracena pela avenida Jos\u00e9 Bonif\u00e1cio, onde o monumento em homenagem a Santa e uma Cruz de Miss\u00f5es Redentoristas ficaram intactas.<\/p>\n<p style=\"text-align: justify;\">J\u00e1 ontem aconteceu um temporal na cidade de Monte Castelo com v\u00e1rias ocorr\u00eancias na cidade e rodovias daquela regi\u00e3o, onde o local que abriga a Santa no Trevo da cidade tamb\u00e9m foi totalmente destru\u00eddo, e como aqui, l\u00e1 tamb\u00e9m a imagem permaneceu intacta.<\/p>\n<p style=\"text-align: justify;\">Seria um Milagre? Confira o que disse o Padre W\u00edlson Lu\u00eds Ramos, P\u00e1roco do Santu\u00e1rio Nossa Senhora de F\u00e1tima da Vila Barros em Dracena.<\/p>\n<div id=\"fb-root\"><\/div>\n<p><script async=\"1\" defer=\"1\" crossorigin=\"anonymous\" src=\"https:\/\/connect.facebook.net\/en_US\/sdk.js#xfbml=1&amp;version=v4.0\"><\/script><\/p>\n<div class=\"fb-video\" data-href=\"https:\/\/www.facebook.com\/jorgezanonidracena\/videos\/496123000978189\/\" data-width=\"696\">\n<blockquote cite=\"https:\/\/www.facebook.com\/jorgezanonidracena\/videos\/496123000978189\/\" class=\"fb-xfbml-parse-ignore\"><p><a href=\"https:\/\/www.facebook.com\/jorgezanonidracena\/videos\/496123000978189\/\">Seria um milagre? Padre Wilson fala com exclusividade ao Site JZ sobre Santas nos trevos de Dracena e Monte Castelo<\/a><\/p>\n<p>Seria um milagre? Padre Wilson fala com exclusividade ao Site JZ sobre Santas nos trevos de Dracena e Monte Castelo<\/p>\n<p>Posted by <a href=\"https:\/\/www.facebook.com\/jorgezanonidracena\/\">Jorge Zanoni<\/a> on Monday, October 14, 2019<\/p><\/blockquote>\n<\/div>\n<p>&nbsp;<\/p>\n","protected":false},"excerpt":{"rendered":"<p>Dois fatos interessantes chamaram aten\u00e7\u00e3o da popula\u00e7\u00e3o, especialmente dos Cat\u00f3licos que s\u00e3o fi\u00e9is devotos de Nossa Senhora. No s\u00e1bado, dia consagrado a Nossa Senhora Aparecida, houve uma &#8220;queimada&#8221; no conhecido Trevo da Santa na entrada de Dracena pela avenida Jos\u00e9 Bonif\u00e1cio, onde o monumento em homenagem a Santa e uma Cruz de Miss\u00f5es Redentoristas ficaram [&hellip;]<\/p>\n","protected":false},"author":1,"featured_media":8783,"comment_status":"closed","ping_status":"open","sticky":false,"template":"","format":"standard","meta":{"footnotes":""},"categories":[110,118,169],"tags":[],"class_list":["post-8782","post","type-post","status-publish","format-standard","has-post-thumbnail","hentry","category-noticiasdestaque","category-religiaoesolidariedade","category-videos"],"_links":{"self":[{"href":"https:\/\/jorgezanoni.com.br\/2019\/wp-json\/wp\/v2\/posts\/8782","targetHints":{"allow":["GET"]}}],"collection":[{"href":"https:\/\/jorgezanoni.com.br\/2019\/wp-json\/wp\/v2\/posts"}],"about":[{"href":"https:\/\/jorgezanoni.com.br\/2019\/wp-json\/wp\/v2\/types\/post"}],"author":[{"embeddable":true,"href":"https:\/\/jorgezanoni.com.br\/2019\/wp-json\/wp\/v2\/users\/1"}],"replies":[{"embeddable":true,"href":"https:\/\/jorgezanoni.com.br\/2019\/wp-json\/wp\/v2\/comments?post=8782"}],"version-history":[{"count":0,"href":"https:\/\/jorgezanoni.com.br\/2019\/wp-json\/wp\/v2\/posts\/8782\/revisions"}],"wp:featuredmedia":[{"embeddable":true,"href":"https:\/\/jorgezanoni.com.br\/2019\/wp-json\/wp\/v2\/media\/8783"}],"wp:attachment":[{"href":"https:\/\/jorgezanoni.com.br\/2019\/wp-json\/wp\/v2\/media?parent=8782"}],"wp:term":[{"taxonomy":"category","embeddable":true,"href":"https:\/\/jorgezanoni.com.br\/2019\/wp-json\/wp\/v2\/categories?post=8782"},{"taxonomy":"post_tag","embeddable":true,"href":"https:\/\/jorgezanoni.com.br\/2019\/wp-json\/wp\/v2\/tags?post=8782"}],"curies":[{"name":"wp","href":"https:\/\/api.w.org\/{rel}","templated":true}]}}