{"id":87806,"date":"2024-07-16T22:04:51","date_gmt":"2024-07-16T22:04:51","guid":{"rendered":"https:\/\/jorgezanoni.com.br\/2019\/?p=87806"},"modified":"2024-07-16T22:04:51","modified_gmt":"2024-07-16T22:04:51","slug":"dpem-volta-a-vigorar-o-seguro-obrigatorio-para-embarcacoes","status":"publish","type":"post","link":"https:\/\/jorgezanoni.com.br\/2019\/dpem-volta-a-vigorar-o-seguro-obrigatorio-para-embarcacoes\/","title":{"rendered":"DPEM: volta a vigorar o seguro obrigat\u00f3rio para embarca\u00e7\u00f5es"},"content":{"rendered":"<p style=\"text-align: justify;\">\u00a0 \u00a0A Delegacia Fluvial de Presidente Epit\u00e1cio informa que, no in\u00edcio deste m\u00eas de julho voltou a vigorar o Seguro Obrigat\u00f3rio de Danos Pessoais Causados por Embarca\u00e7\u00f5es ou por suas Cargas (DPEM). \u00a0\u00a0\u00a0\u00a0\u00a0\u00a0 Est\u00e3o obrigados a contratar este seguro todos os propriet\u00e1rios, ou armadores em geral, de embarca\u00e7\u00f5es nacionais ou estrangeiras, sujeitas \u00e0 inscri\u00e7\u00e3o nas Capitanias dos Portos ou Reparti\u00e7\u00f5es a estas subordinadas.<\/p>\n<p style=\"text-align: justify;\">Consideram-se embarca\u00e7\u00f5es os ve\u00edculos destinados ao tr\u00e1fego mar\u00edtimo, fluvial ou lacustre, dotados ou n\u00e3o de propuls\u00e3o pr\u00f3pria.<\/p>\n<p style=\"text-align: justify;\">Diante disto, as Capitanias, Delegacias e Ag\u00eancias passam a exigir a apresenta\u00e7\u00e3o dos comprovantes de pagamento do DPEM, por ocasi\u00e3o da renova\u00e7\u00e3o do T\u00edtulo de Inscri\u00e7\u00e3o de Embarca\u00e7\u00e3o (TIE).<\/p>\n<p style=\"text-align: justify;\">\u00a0 Sendo assim, recomenda-se a aquisi\u00e7\u00e3o da ap\u00f3lice de seguro, conforme previsto nas Normas da Autoridade Mar\u00edtima (NORMAM), que foram alteradas, visando a prote\u00e7\u00e3o pessoal ou de carga.<\/p>\n<p>Informa\u00e7\u00f5es detalhadas podem ser verificadas pelo\u00a0 link <a href=\"https:\/\/dpem.com.br\/\">https:\/\/dpem.c<\/a><a href=\"https:\/\/dpem.com.br\/\">o<\/a><a href=\"https:\/\/dpem.com.br\/\">m.br\/<\/a>.<\/p>\n<p>Fonte:\u00a0Assessoria de Comunica\u00e7\u00e3o Social da Delegacia Fluvial de Presidente Epit\u00e1cio<\/p>\n","protected":false},"excerpt":{"rendered":"<p>\u00a0 \u00a0A Delegacia Fluvial de Presidente Epit\u00e1cio informa que, no in\u00edcio deste m\u00eas de julho voltou a vigorar o Seguro Obrigat\u00f3rio de Danos Pessoais Causados por Embarca\u00e7\u00f5es ou por suas Cargas (DPEM). \u00a0\u00a0\u00a0\u00a0\u00a0\u00a0 Est\u00e3o obrigados a contratar este seguro todos os propriet\u00e1rios, ou armadores em geral, de embarca\u00e7\u00f5es nacionais ou estrangeiras, sujeitas \u00e0 inscri\u00e7\u00e3o nas [&hellip;]<\/p>\n","protected":false},"author":1,"featured_media":87807,"comment_status":"closed","ping_status":"open","sticky":false,"template":"","format":"standard","meta":{"footnotes":""},"categories":[110,2],"tags":[],"class_list":["post-87806","post","type-post","status-publish","format-standard","has-post-thumbnail","hentry","category-noticiasdestaque","category-policial"],"_links":{"self":[{"href":"https:\/\/jorgezanoni.com.br\/2019\/wp-json\/wp\/v2\/posts\/87806","targetHints":{"allow":["GET"]}}],"collection":[{"href":"https:\/\/jorgezanoni.com.br\/2019\/wp-json\/wp\/v2\/posts"}],"about":[{"href":"https:\/\/jorgezanoni.com.br\/2019\/wp-json\/wp\/v2\/types\/post"}],"author":[{"embeddable":true,"href":"https:\/\/jorgezanoni.com.br\/2019\/wp-json\/wp\/v2\/users\/1"}],"replies":[{"embeddable":true,"href":"https:\/\/jorgezanoni.com.br\/2019\/wp-json\/wp\/v2\/comments?post=87806"}],"version-history":[{"count":2,"href":"https:\/\/jorgezanoni.com.br\/2019\/wp-json\/wp\/v2\/posts\/87806\/revisions"}],"predecessor-version":[{"id":87809,"href":"https:\/\/jorgezanoni.com.br\/2019\/wp-json\/wp\/v2\/posts\/87806\/revisions\/87809"}],"wp:featuredmedia":[{"embeddable":true,"href":"https:\/\/jorgezanoni.com.br\/2019\/wp-json\/wp\/v2\/media\/87807"}],"wp:attachment":[{"href":"https:\/\/jorgezanoni.com.br\/2019\/wp-json\/wp\/v2\/media?parent=87806"}],"wp:term":[{"taxonomy":"category","embeddable":true,"href":"https:\/\/jorgezanoni.com.br\/2019\/wp-json\/wp\/v2\/categories?post=87806"},{"taxonomy":"post_tag","embeddable":true,"href":"https:\/\/jorgezanoni.com.br\/2019\/wp-json\/wp\/v2\/tags?post=87806"}],"curies":[{"name":"wp","href":"https:\/\/api.w.org\/{rel}","templated":true}]}}