{"id":8778,"date":"2019-10-14T17:21:07","date_gmt":"2019-10-14T17:21:07","guid":{"rendered":"https:\/\/jorgezanoni.com.br\/2019\/?p=8778"},"modified":"2019-10-14T17:21:07","modified_gmt":"2019-10-14T17:21:07","slug":"aconteceu-na-manha-de-hoje-14-a-reinauguracao-do-banco-de-sangue-e-a-inauguracao-do-elevador-da-santa-casa","status":"publish","type":"post","link":"https:\/\/jorgezanoni.com.br\/2019\/aconteceu-na-manha-de-hoje-14-a-reinauguracao-do-banco-de-sangue-e-a-inauguracao-do-elevador-da-santa-casa\/","title":{"rendered":"Aconteceu na manh\u00e3 de hoje (14) a reinaugura\u00e7\u00e3o do Banco de Sangue e a inaugura\u00e7\u00e3o do Elevador da Santa Casa"},"content":{"rendered":"<p>Na presen\u00e7a de diversas autoridades e convidados, reinaugurou nesta segunda-feira (14) o Banco de Sangue e Inaugurou o Elevador da Santa Casa de Dracena. Veja o que as autoridades comentaram com exclusividade ao Site JZ. 14\/10\/19<\/p>\n<div id=\"fb-root\"><\/div>\n<p><script async=\"1\" defer=\"1\" crossorigin=\"anonymous\" src=\"https:\/\/connect.facebook.net\/en_US\/sdk.js#xfbml=1&amp;version=v4.0\"><\/script><\/p>\n<div class=\"fb-video\" data-href=\"https:\/\/www.facebook.com\/jorgezanonidracena\/videos\/772979863144599\/\" data-width=\"696\">\n<blockquote cite=\"https:\/\/www.facebook.com\/jorgezanonidracena\/videos\/772979863144599\/\" class=\"fb-xfbml-parse-ignore\"><p><a href=\"https:\/\/www.facebook.com\/jorgezanonidracena\/videos\/772979863144599\/\">Reinaugura\u00e7\u00e3o do Banco de Sangue e Inaugura\u00e7\u00e3o do Elevador da Santa Casa de Dracena<\/a><\/p>\n<p>Reinaugura\u00e7\u00e3o do Banco de Sangue e Inaugura\u00e7\u00e3o do Elevador da Santa Casa de Dracena<\/p>\n<p>Posted by <a href=\"https:\/\/www.facebook.com\/jorgezanonidracena\/\">Jorge Zanoni<\/a> on Monday, October 14, 2019<\/p><\/blockquote>\n<\/div>\n<p>&nbsp;<\/p>\n<p>&nbsp;<\/p>\n<p>&nbsp;<\/p>\n","protected":false},"excerpt":{"rendered":"<p>Na presen\u00e7a de diversas autoridades e convidados, reinaugurou nesta segunda-feira (14) o Banco de Sangue e Inaugurou o Elevador da Santa Casa de Dracena. Veja o que as autoridades comentaram com exclusividade ao Site JZ. 14\/10\/19 Reinaugura\u00e7\u00e3o do Banco de Sangue e Inaugura\u00e7\u00e3o do Elevador da Santa Casa de Dracena Reinaugura\u00e7\u00e3o do Banco de Sangue [&hellip;]<\/p>\n","protected":false},"author":1,"featured_media":8780,"comment_status":"closed","ping_status":"open","sticky":false,"template":"","format":"standard","meta":{"footnotes":""},"categories":[169],"tags":[],"class_list":["post-8778","post","type-post","status-publish","format-standard","has-post-thumbnail","hentry","category-videos"],"_links":{"self":[{"href":"https:\/\/jorgezanoni.com.br\/2019\/wp-json\/wp\/v2\/posts\/8778","targetHints":{"allow":["GET"]}}],"collection":[{"href":"https:\/\/jorgezanoni.com.br\/2019\/wp-json\/wp\/v2\/posts"}],"about":[{"href":"https:\/\/jorgezanoni.com.br\/2019\/wp-json\/wp\/v2\/types\/post"}],"author":[{"embeddable":true,"href":"https:\/\/jorgezanoni.com.br\/2019\/wp-json\/wp\/v2\/users\/1"}],"replies":[{"embeddable":true,"href":"https:\/\/jorgezanoni.com.br\/2019\/wp-json\/wp\/v2\/comments?post=8778"}],"version-history":[{"count":0,"href":"https:\/\/jorgezanoni.com.br\/2019\/wp-json\/wp\/v2\/posts\/8778\/revisions"}],"wp:featuredmedia":[{"embeddable":true,"href":"https:\/\/jorgezanoni.com.br\/2019\/wp-json\/wp\/v2\/media\/8780"}],"wp:attachment":[{"href":"https:\/\/jorgezanoni.com.br\/2019\/wp-json\/wp\/v2\/media?parent=8778"}],"wp:term":[{"taxonomy":"category","embeddable":true,"href":"https:\/\/jorgezanoni.com.br\/2019\/wp-json\/wp\/v2\/categories?post=8778"},{"taxonomy":"post_tag","embeddable":true,"href":"https:\/\/jorgezanoni.com.br\/2019\/wp-json\/wp\/v2\/tags?post=8778"}],"curies":[{"name":"wp","href":"https:\/\/api.w.org\/{rel}","templated":true}]}}