{"id":87706,"date":"2024-07-12T22:04:11","date_gmt":"2024-07-12T22:04:11","guid":{"rendered":"https:\/\/jorgezanoni.com.br\/2019\/?p=87706"},"modified":"2024-07-12T22:04:11","modified_gmt":"2024-07-12T22:04:11","slug":"a-importancia-da-renovacao-politica-por-cidinha-pascoaloto","status":"publish","type":"post","link":"https:\/\/jorgezanoni.com.br\/2019\/a-importancia-da-renovacao-politica-por-cidinha-pascoaloto\/","title":{"rendered":"A import\u00e2ncia da renova\u00e7\u00e3o Pol\u00edtica (por Cidinha Pascoaloto)"},"content":{"rendered":"<p style=\"text-align: justify;\">A renova\u00e7\u00e3o pol\u00edtica refere-se \u00e0 necessidade de mudan\u00e7as e atualiza\u00e7\u00f5es no sistema pol\u00edtico. Isso pode envolver: novas lideran\u00e7as, ideias e pr\u00e1ticas diferentes e a participa\u00e7\u00e3o ativa da sociedade para combater \u00e0 corrup\u00e7\u00e3o e \u00e0 burocracia.<\/p>\n<p style=\"text-align: justify;\">A renova\u00e7\u00e3o pol\u00edtica \u00e9 complexa e crucial para compreendermos e transformarmos nossa realidade social. Precisamos continuar debatendo e refletindo sobre essas quest\u00f5es para promover mudan\u00e7as positivas.<\/p>\n<p style=\"text-align: justify;\">\u00a0A forma\u00e7\u00e3o de l\u00edderes pol\u00edticos pode beneficiar a popula\u00e7\u00e3o e garantir melhorias significativas. Com a participa\u00e7\u00e3o da sociedade e especialmente dos jovens \u00e9 de grande import\u00e2ncia para que uma renova\u00e7\u00e3o pol\u00edtica aconte\u00e7a.<\/p>\n<p style=\"text-align: justify;\">Para as mudan\u00e7as acontecerem \u00e9 importante que a juventude participe de forma inteligente conhecendo profundamente as estruturas pol\u00edticas e sociais.\u00a0 \u00c9 preciso que a popula\u00e7\u00e3o saiba a import\u00e2ncia da pol\u00edtica e vote consciente e n\u00e3o apenas para cumprir com a obriga\u00e7\u00e3o.<\/p>\n<p style=\"text-align: justify;\">\u00a0A participa\u00e7\u00e3o da sociedade e especialmente dos jovens \u00e9 de grande import\u00e2ncia para que uma renova\u00e7\u00e3o pol\u00edtica aconte\u00e7a. Precisamos conscientizar os jovens sobre a import\u00e2ncia da renova\u00e7\u00e3o e de buscarem informa\u00e7\u00f5es sobre o funcionamento da pol\u00edtica. Aprender a defender direitos e n\u00e3o interesses pr\u00f3prios contribui para mudan\u00e7as.<\/p>\n<p style=\"text-align: justify;\">\u00a0O desenvolvimento pessoal dos pol\u00edticos tamb\u00e9m \u00e9 relevante para uma atua\u00e7\u00e3o \u00e9tica e eficaz, promovendo uma atua\u00e7\u00e3o mais humana e consciente na tomada de decis\u00f5es e na constru\u00e7\u00e3o de pol\u00edticas p\u00fablicas.<\/p>\n<p style=\"text-align: justify;\">\u00a0Pessoas que dizem n\u00e3o se interessar pela pol\u00edtica e n\u00e3o ter interesse em entender a import\u00e2ncia da pol\u00edtica n\u00e3o contribuem para mudan\u00e7as, e tudo continua da mesma forma. \u00a0Portanto, compreender os fundamentos e impactos sociais da pol\u00edtica \u00e9 essencial para todos os cidad\u00e3os conscientes de seu papel na sociedade.<\/p>\n<p style=\"text-align: justify;\">A pol\u00edtica, em sua ess\u00eancia, trata do exerc\u00edcio do poder e da busca por solu\u00e7\u00f5es para os problemas enfrentados pela sociedade. \u00c9 por meio da pol\u00edtica que os interesses coletivos s\u00e3o representados e defendidos.<\/p>\n<p><img loading=\"lazy\" decoding=\"async\" class=\"alignnone size-full wp-image-87707\" src=\"https:\/\/jorgezanoni.com.br\/2019\/wp-content\/uploads\/2024\/07\/Cidinha-Pascoaloto-1.jpg\" alt=\"\" width=\"500\" height=\"755\" srcset=\"https:\/\/jorgezanoni.com.br\/2019\/wp-content\/uploads\/2024\/07\/Cidinha-Pascoaloto-1.jpg 500w, https:\/\/jorgezanoni.com.br\/2019\/wp-content\/uploads\/2024\/07\/Cidinha-Pascoaloto-1-199x300.jpg 199w, https:\/\/jorgezanoni.com.br\/2019\/wp-content\/uploads\/2024\/07\/Cidinha-Pascoaloto-1-278x420.jpg 278w\" sizes=\"auto, (max-width: 500px) 100vw, 500px\" \/>Cidinha Pascoaloto-Psic\u00f3loga, CRP 06\/158174. Presencial e online, contato: (18) 99725-6418<\/p>\n","protected":false},"excerpt":{"rendered":"<p>A renova\u00e7\u00e3o pol\u00edtica refere-se \u00e0 necessidade de mudan\u00e7as e atualiza\u00e7\u00f5es no sistema pol\u00edtico. Isso pode envolver: novas lideran\u00e7as, ideias e pr\u00e1ticas diferentes e a participa\u00e7\u00e3o ativa da sociedade para combater \u00e0 corrup\u00e7\u00e3o e \u00e0 burocracia. A renova\u00e7\u00e3o pol\u00edtica \u00e9 complexa e crucial para compreendermos e transformarmos nossa realidade social. Precisamos continuar debatendo e refletindo sobre [&hellip;]<\/p>\n","protected":false},"author":1,"featured_media":87708,"comment_status":"closed","ping_status":"open","sticky":false,"template":"","format":"standard","meta":{"footnotes":""},"categories":[175],"tags":[],"class_list":["post-87706","post","type-post","status-publish","format-standard","has-post-thumbnail","hentry","category-artigos"],"_links":{"self":[{"href":"https:\/\/jorgezanoni.com.br\/2019\/wp-json\/wp\/v2\/posts\/87706","targetHints":{"allow":["GET"]}}],"collection":[{"href":"https:\/\/jorgezanoni.com.br\/2019\/wp-json\/wp\/v2\/posts"}],"about":[{"href":"https:\/\/jorgezanoni.com.br\/2019\/wp-json\/wp\/v2\/types\/post"}],"author":[{"embeddable":true,"href":"https:\/\/jorgezanoni.com.br\/2019\/wp-json\/wp\/v2\/users\/1"}],"replies":[{"embeddable":true,"href":"https:\/\/jorgezanoni.com.br\/2019\/wp-json\/wp\/v2\/comments?post=87706"}],"version-history":[{"count":1,"href":"https:\/\/jorgezanoni.com.br\/2019\/wp-json\/wp\/v2\/posts\/87706\/revisions"}],"predecessor-version":[{"id":87709,"href":"https:\/\/jorgezanoni.com.br\/2019\/wp-json\/wp\/v2\/posts\/87706\/revisions\/87709"}],"wp:featuredmedia":[{"embeddable":true,"href":"https:\/\/jorgezanoni.com.br\/2019\/wp-json\/wp\/v2\/media\/87708"}],"wp:attachment":[{"href":"https:\/\/jorgezanoni.com.br\/2019\/wp-json\/wp\/v2\/media?parent=87706"}],"wp:term":[{"taxonomy":"category","embeddable":true,"href":"https:\/\/jorgezanoni.com.br\/2019\/wp-json\/wp\/v2\/categories?post=87706"},{"taxonomy":"post_tag","embeddable":true,"href":"https:\/\/jorgezanoni.com.br\/2019\/wp-json\/wp\/v2\/tags?post=87706"}],"curies":[{"name":"wp","href":"https:\/\/api.w.org\/{rel}","templated":true}]}}