{"id":87662,"date":"2024-07-09T22:04:36","date_gmt":"2024-07-09T22:04:36","guid":{"rendered":"https:\/\/jorgezanoni.com.br\/2019\/?p=87662"},"modified":"2024-07-09T22:04:36","modified_gmt":"2024-07-09T22:04:36","slug":"muito-alem-disto-ou-daquilo-com-o-carvalho-e-o-bezerro-por-sergio-barbosa","status":"publish","type":"post","link":"https:\/\/jorgezanoni.com.br\/2019\/muito-alem-disto-ou-daquilo-com-o-carvalho-e-o-bezerro-por-sergio-barbosa\/","title":{"rendered":"Muito al\u00e9m disto ou daquilo com o CARVALHO e o BEZERRO&#8230; (por S\u00e9rgio Barbosa)"},"content":{"rendered":"<p style=\"text-align: justify;\"><strong><em>&#8220;H\u00e1 pessoas de vasto conhecimento que s\u00e3o basicamente tolas; e pessoas de pouco conhecimento, por\u00e9m, s\u00e1bias. Elas entendem a vida, a psicologia, a maneira certa de viver, sem conex\u00e3o com o conhecimento.&#8221; (<\/em><\/strong><a href=\"https:\/\/www.pensador.com\/autor\/alexander_soljenitsin\/\"><strong><em>Alexander Soljenitsin<\/em><\/strong><\/a><strong><em>)<\/em><\/strong><strong>\u00a0<\/strong><\/p>\n<p style=\"text-align: justify;\"><strong>By seb@r.<\/strong><\/p>\n<p style=\"text-align: justify;\">J\u00e1 faz alguns meses, talvez, anos e anos, por\u00e9m, neste TEMPO NOVO TEMPO tudo vai INDO e VINDO, assim, cada qual escolhe suas VERDADES em meio as MENTIRAS disto ou daquilo&#8230;<\/p>\n<p style=\"text-align: justify;\">Mas, neste texto, pretendo escrever algumas linhas sobre LIVROS que passaram pelas minhas m\u00e3os, tamb\u00e9m, pelo OLHAR como LEITOR deste ou daquele T\u00cdTULO&#8230;<\/p>\n<p style=\"text-align: justify;\">Assim, faz-se necess\u00e1rio estar sempre em CONEX\u00c3O com aquele outro lado de um mesmo lado, ainda mais quando se trata destes ENCONTROS com os LIVROS em geral&#8230;<\/p>\n<p style=\"text-align: justify;\">Por exemplo, O CARVALHO E O BEZERRO do escritor russo, A. SOLJENITSIN, 664 pp., Editora DIFEL, edi\u00e7\u00e3o de 1,974&#8230;<\/p>\n<p style=\"text-align: justify;\">Portanto, completou ou est\u00e1 completando, CINCO D\u00c9CADAS de publica\u00e7\u00e3o, entretanto, o LIVRO que veio parar nas minhas m\u00e3os, est\u00e1 catalogado via BIBLIOTECA MUNICIPAL como DOA\u00c7\u00c3O em 4\/2\/1987, desta forma, de um jeito ou de outro, os ANOS se foram e acabaram se perdendo no TEMPO do outro TEMPO deste TEMPO&#8230;<\/p>\n<p style=\"text-align: justify;\">Ah! Este T\u00cdTULO em pauta, foi uma DOA\u00c7\u00c3O daquele outra DOA\u00c7\u00c3O, isso \u00e9, foi retirado de uma ESTANTE para interessados\/as em LIVROS que estava em frente da BIBLIOTECA MUNICIPAL faz um ano ou mais&#8230;<\/p>\n<p style=\"text-align: justify;\">De acordo com o texto que se encontra na orelha deste Livro e registra-se como um velho ditado russo que afirma, a saber: \u201cUm bezerro d\u00e1 marradas contra o carvalho at\u00e9 derruba-lo\u201d&#8230;<\/p>\n<p style=\"text-align: justify;\">Tal qual aquele outro dito mais do que popular em TERRAS BRASILIS que diz: \u00c1GUA MOLE EM PEDRA DURA, TANTO BATE AT\u00c9 QUE FURA&#8230;<\/p>\n<p style=\"text-align: justify;\">Neste CL\u00c1SSICO da LITERATURA MUNDIAL, o escritor russo, A. SOLJEN\u00cdTSIN, ainda, autor de ARQU\u00cdPELAGO GULAG e outros t\u00edtulos, destaca que a PRESS\u00c3O pode passar por cima da OPRESS\u00c3O, ainda mais naqueles ANOS que marcaram seus ANOS E ANOS de LUTAS pela LIBERDADE em territ\u00f3rio da antiga URSS- Uni\u00e3o das Rep\u00fablicas Socialistas Sovi\u00e9ticas&#8230;<\/p>\n<p style=\"text-align: justify;\">Acredito que a REFLEX\u00c3O deve ser sempre pautada pela CR\u00cdTICA deste e do outro lado, todavia, pra isso ser poss\u00edvel, \u00e9 preciso que o\/a LEITOR\/A entre neste CEN\u00c1RIO no qual o AUTOR este envolvido e ponto quase final&#8230;<\/p>\n<p style=\"text-align: justify;\">Pode ser o que VOC\u00ca n\u00e3o espera quando o TEMA est\u00e1 bem distante do seu EU, mesmo assim, a BUSCA pelo CONHECIMENTO deve estar sempre acima de TUDO e de TODOS\/AS neste CEN\u00c1RIO mediado pelos DESENCONTROS LITER\u00c1RIOS&#8230;<\/p>\n<p><strong>E-MAIL: <\/strong><a href=\"mailto:barbosa.sebar@gmail.com\"><strong>barbosa.sebar@gmail.com<\/strong><\/a><\/p>\n<p>&nbsp;<\/p>\n<p>&nbsp;<\/p>\n<p>&nbsp;<\/p>\n<p>&nbsp;<\/p>\n","protected":false},"excerpt":{"rendered":"<p>&#8220;H\u00e1 pessoas de vasto conhecimento que s\u00e3o basicamente tolas; e pessoas de pouco conhecimento, por\u00e9m, s\u00e1bias. Elas entendem a vida, a psicologia, a maneira certa de viver, sem conex\u00e3o com o conhecimento.&#8221; (Alexander Soljenitsin)\u00a0 By seb@r. J\u00e1 faz alguns meses, talvez, anos e anos, por\u00e9m, neste TEMPO NOVO TEMPO tudo vai INDO e VINDO, assim, [&hellip;]<\/p>\n","protected":false},"author":1,"featured_media":87663,"comment_status":"closed","ping_status":"open","sticky":false,"template":"","format":"standard","meta":{"footnotes":""},"categories":[175],"tags":[],"class_list":["post-87662","post","type-post","status-publish","format-standard","has-post-thumbnail","hentry","category-artigos"],"_links":{"self":[{"href":"https:\/\/jorgezanoni.com.br\/2019\/wp-json\/wp\/v2\/posts\/87662","targetHints":{"allow":["GET"]}}],"collection":[{"href":"https:\/\/jorgezanoni.com.br\/2019\/wp-json\/wp\/v2\/posts"}],"about":[{"href":"https:\/\/jorgezanoni.com.br\/2019\/wp-json\/wp\/v2\/types\/post"}],"author":[{"embeddable":true,"href":"https:\/\/jorgezanoni.com.br\/2019\/wp-json\/wp\/v2\/users\/1"}],"replies":[{"embeddable":true,"href":"https:\/\/jorgezanoni.com.br\/2019\/wp-json\/wp\/v2\/comments?post=87662"}],"version-history":[{"count":1,"href":"https:\/\/jorgezanoni.com.br\/2019\/wp-json\/wp\/v2\/posts\/87662\/revisions"}],"predecessor-version":[{"id":87664,"href":"https:\/\/jorgezanoni.com.br\/2019\/wp-json\/wp\/v2\/posts\/87662\/revisions\/87664"}],"wp:featuredmedia":[{"embeddable":true,"href":"https:\/\/jorgezanoni.com.br\/2019\/wp-json\/wp\/v2\/media\/87663"}],"wp:attachment":[{"href":"https:\/\/jorgezanoni.com.br\/2019\/wp-json\/wp\/v2\/media?parent=87662"}],"wp:term":[{"taxonomy":"category","embeddable":true,"href":"https:\/\/jorgezanoni.com.br\/2019\/wp-json\/wp\/v2\/categories?post=87662"},{"taxonomy":"post_tag","embeddable":true,"href":"https:\/\/jorgezanoni.com.br\/2019\/wp-json\/wp\/v2\/tags?post=87662"}],"curies":[{"name":"wp","href":"https:\/\/api.w.org\/{rel}","templated":true}]}}