{"id":8761,"date":"2019-10-14T11:26:49","date_gmt":"2019-10-14T11:26:49","guid":{"rendered":"https:\/\/jorgezanoni.com.br\/2019\/?p=8761"},"modified":"2019-10-14T11:26:49","modified_gmt":"2019-10-14T11:26:49","slug":"crianca-morre-vitima-de-afogamento-em-piscina-em-alfredo-marcondes","status":"publish","type":"post","link":"https:\/\/jorgezanoni.com.br\/2019\/crianca-morre-vitima-de-afogamento-em-piscina-em-alfredo-marcondes\/","title":{"rendered":"Crian\u00e7a morre v\u00edtima de afogamento em piscina, em Alfredo Marcondes"},"content":{"rendered":"<h2 class=\"content-head__subtitle\" style=\"text-align: justify;\"><strong>Menina de 2 anos chegou a ser levada a um hospital, mas n\u00e3o resistiu. Pol\u00edcia Civil deve apurar as circunst\u00e2ncias do \u00f3bito.<\/strong><\/h2>\n<div class=\"mc-column content-text active-extra-styles active-capital-letter\" data-block-type=\"unstyled\" data-block-weight=\"38\" data-block-id=\"1\">\n<p class=\"content-text__container theme-color-primary-first-letter\" style=\"text-align: justify;\" data-track-category=\"Link no Texto\" data-track-links=\"\">A Pol\u00edcia Civil deve investigar as circunst\u00e2ncias da morte de uma crian\u00e7a, de 2 anos, que se afogou numa piscina, em Alfredo Marcondes. Ela foi levada ao hospital, mas n\u00e3o resistiu. O caso foi registrado neste domingo (13).<\/p>\n<\/div>\n<div class=\"wall protected-content\">\n<div class=\"mc-column content-text active-extra-styles \" style=\"text-align: justify;\" data-block-type=\"unstyled\" data-block-weight=\"32\" data-block-id=\"2\">\n<p class=\"content-text__container \" data-track-category=\"Link no Texto\" data-track-links=\"\">De acordo com o Boletim de Ocorr\u00eancia, foi relatado que na tarde deste domingo, por volta das 16h45, a crian\u00e7a foi encontrada em estado de afogamento numa piscina na casa dos pais.<\/p>\n<\/div>\n<div class=\"mc-column content-text active-extra-styles \" style=\"text-align: justify;\" data-block-type=\"unstyled\" data-block-weight=\"30\" data-block-id=\"3\">\n<p class=\"content-text__container \" data-track-category=\"Link no Texto\" data-track-links=\"\">Ao ser localizada, a menina foi rapidamente levada at\u00e9 a Santa Casa de \u00c1lvares Machado. Entretanto, diante de seu quadro, ela foi transferida para o Hospital Regional de Presidente Prudente.<\/p>\n<\/div>\n<div class=\"mc-column content-text active-extra-styles \" style=\"text-align: justify;\" data-block-type=\"unstyled\" data-block-weight=\"17\" data-block-id=\"4\">\n<p class=\"content-text__container \" data-track-category=\"Link no Texto\" data-track-links=\"\">A crian\u00e7a permaneceu internada na Unidade de Terapia Intensiva (UTI), mas apresentou parada cardiorrespirat\u00f3ria e morreu.<\/p>\n<\/div>\n<div class=\"mc-column content-text active-extra-styles \" data-block-type=\"unstyled\" data-block-weight=\"12\" data-block-id=\"5\">\n<p class=\"content-text__container \" style=\"text-align: justify;\" data-track-category=\"Link no Texto\" data-track-links=\"\">A per\u00edcia foi requisitada ao local e foi solicitado exame necrosc\u00f3pico.<\/p>\n<p data-track-category=\"Link no Texto\" data-track-links=\"\">Fonte: G1<\/p>\n<\/div>\n<\/div>\n","protected":false},"excerpt":{"rendered":"<p>Menina de 2 anos chegou a ser levada a um hospital, mas n\u00e3o resistiu. Pol\u00edcia Civil deve apurar as circunst\u00e2ncias do \u00f3bito. A Pol\u00edcia Civil deve investigar as circunst\u00e2ncias da morte de uma crian\u00e7a, de 2 anos, que se afogou numa piscina, em Alfredo Marcondes. Ela foi levada ao hospital, mas n\u00e3o resistiu. O caso [&hellip;]<\/p>\n","protected":false},"author":1,"featured_media":8762,"comment_status":"closed","ping_status":"open","sticky":false,"template":"","format":"standard","meta":{"footnotes":""},"categories":[110,2],"tags":[],"class_list":["post-8761","post","type-post","status-publish","format-standard","has-post-thumbnail","hentry","category-noticiasdestaque","category-policial"],"_links":{"self":[{"href":"https:\/\/jorgezanoni.com.br\/2019\/wp-json\/wp\/v2\/posts\/8761","targetHints":{"allow":["GET"]}}],"collection":[{"href":"https:\/\/jorgezanoni.com.br\/2019\/wp-json\/wp\/v2\/posts"}],"about":[{"href":"https:\/\/jorgezanoni.com.br\/2019\/wp-json\/wp\/v2\/types\/post"}],"author":[{"embeddable":true,"href":"https:\/\/jorgezanoni.com.br\/2019\/wp-json\/wp\/v2\/users\/1"}],"replies":[{"embeddable":true,"href":"https:\/\/jorgezanoni.com.br\/2019\/wp-json\/wp\/v2\/comments?post=8761"}],"version-history":[{"count":0,"href":"https:\/\/jorgezanoni.com.br\/2019\/wp-json\/wp\/v2\/posts\/8761\/revisions"}],"wp:featuredmedia":[{"embeddable":true,"href":"https:\/\/jorgezanoni.com.br\/2019\/wp-json\/wp\/v2\/media\/8762"}],"wp:attachment":[{"href":"https:\/\/jorgezanoni.com.br\/2019\/wp-json\/wp\/v2\/media?parent=8761"}],"wp:term":[{"taxonomy":"category","embeddable":true,"href":"https:\/\/jorgezanoni.com.br\/2019\/wp-json\/wp\/v2\/categories?post=8761"},{"taxonomy":"post_tag","embeddable":true,"href":"https:\/\/jorgezanoni.com.br\/2019\/wp-json\/wp\/v2\/tags?post=8761"}],"curies":[{"name":"wp","href":"https:\/\/api.w.org\/{rel}","templated":true}]}}