{"id":87575,"date":"2024-07-04T16:53:45","date_gmt":"2024-07-04T16:53:45","guid":{"rendered":"https:\/\/jorgezanoni.com.br\/2019\/?p=87575"},"modified":"2024-07-04T16:54:37","modified_gmt":"2024-07-04T16:54:37","slug":"policia-civil-participa-de-curso-sobre-brigada-de-incendio-ministrato-pelo-corpo-de-bombeiros-de-dracena","status":"publish","type":"post","link":"https:\/\/jorgezanoni.com.br\/2019\/policia-civil-participa-de-curso-sobre-brigada-de-incendio-ministrato-pelo-corpo-de-bombeiros-de-dracena\/","title":{"rendered":"Pol\u00edcia Civil participa de curso sobre brigada de inc\u00eandio ministrado pelo Corpo de Bombeiros de Dracena"},"content":{"rendered":"<p style=\"text-align: justify;\">A Pol\u00edcia Civil, por interm\u00e9dio da Central de Pol\u00edcia Judici\u00e1ria de Dracena (CPJ), participou nesta quinta-feira (4) de um curso sobre Brigada de Inc\u00eandio, ministrado pelo 2\u00ba Sargento Caetano, integrante do 3\u00ba Subgrupamento do Corpo de Bombeiros de Dracena. As instru\u00e7\u00f5es ocorreram nas instala\u00e7\u00f5es da Central de Pol\u00edcia Judici\u00e1ria de Dracena e contaram com a participa\u00e7\u00e3o de policiais civis que trabalham naquele complexo policial.<\/p>\n<p style=\"text-align: justify;\">Durante a a\u00e7\u00e3o preventiva, o 2\u00ba Sargento Caetano orientou aos agentes da Pol\u00edcia Civil sobre como agir de forma eficaz e segura em casos de emerg\u00eancia envolvendo inc\u00eandios. O curso proporcionou aos participantes conhecimentos te\u00f3ricos e pr\u00e1ticos essenciais, abordando desde no\u00e7\u00f5es b\u00e1sicas de preven\u00e7\u00e3o e combate a inc\u00eandios at\u00e9 t\u00e9cnicas avan\u00e7adas de resgate e evacua\u00e7\u00e3o.<\/p>\n<p style=\"text-align: justify;\">A forma\u00e7\u00e3o em Brigada de Inc\u00eandio \u00e9 considerada fundamental para os \u00f3rg\u00e3os p\u00fablicos, uma vez que habilita os participantes a lidarem com emerg\u00eancias, garantindo a prote\u00e7\u00e3o de vidas e patrim\u00f4nios.<\/p>\n<p style=\"text-align: justify;\">A Pol\u00edcia Civil externa profunda gratid\u00e3o a institui\u00e7\u00e3o do Corpo de Bombeiros da Pol\u00edcia Militar do Estado de S\u00e3o Paulo, em especial ao 2\u00ba Sargento Caetano, que ministrou brilhantemente as orienta\u00e7\u00f5es de forma clara e objetiva, contribuindo para a capacita\u00e7\u00e3o dos policiais civis e promovendo um ambiente mais seguro e protegido para o p\u00fablico interno e externo.<\/p>\n<p><img loading=\"lazy\" decoding=\"async\" class=\"alignnone size-full wp-image-87577\" src=\"https:\/\/jorgezanoni.com.br\/2019\/wp-content\/uploads\/2024\/07\/bombeiro1-_Pequeno_-n.jpg\" alt=\"\" width=\"638\" height=\"480\" srcset=\"https:\/\/jorgezanoni.com.br\/2019\/wp-content\/uploads\/2024\/07\/bombeiro1-_Pequeno_-n.jpg 638w, https:\/\/jorgezanoni.com.br\/2019\/wp-content\/uploads\/2024\/07\/bombeiro1-_Pequeno_-n-300x226.jpg 300w, https:\/\/jorgezanoni.com.br\/2019\/wp-content\/uploads\/2024\/07\/bombeiro1-_Pequeno_-n-80x60.jpg 80w, https:\/\/jorgezanoni.com.br\/2019\/wp-content\/uploads\/2024\/07\/bombeiro1-_Pequeno_-n-265x198.jpg 265w, https:\/\/jorgezanoni.com.br\/2019\/wp-content\/uploads\/2024\/07\/bombeiro1-_Pequeno_-n-558x420.jpg 558w\" sizes=\"auto, (max-width: 638px) 100vw, 638px\" \/> <img loading=\"lazy\" decoding=\"async\" class=\"alignnone size-full wp-image-87578\" src=\"https:\/\/jorgezanoni.com.br\/2019\/wp-content\/uploads\/2024\/07\/bombeiro2-_Pequeno_-n.jpg\" alt=\"\" width=\"763\" height=\"480\" srcset=\"https:\/\/jorgezanoni.com.br\/2019\/wp-content\/uploads\/2024\/07\/bombeiro2-_Pequeno_-n.jpg 763w, https:\/\/jorgezanoni.com.br\/2019\/wp-content\/uploads\/2024\/07\/bombeiro2-_Pequeno_-n-300x189.jpg 300w, https:\/\/jorgezanoni.com.br\/2019\/wp-content\/uploads\/2024\/07\/bombeiro2-_Pequeno_-n-696x438.jpg 696w, https:\/\/jorgezanoni.com.br\/2019\/wp-content\/uploads\/2024\/07\/bombeiro2-_Pequeno_-n-668x420.jpg 668w\" sizes=\"auto, (max-width: 763px) 100vw, 763px\" \/> <img loading=\"lazy\" decoding=\"async\" class=\"alignnone size-full wp-image-87579\" src=\"https:\/\/jorgezanoni.com.br\/2019\/wp-content\/uploads\/2024\/07\/bombeiro3-_Pequeno_-n.jpg\" alt=\"\" width=\"758\" height=\"480\" srcset=\"https:\/\/jorgezanoni.com.br\/2019\/wp-content\/uploads\/2024\/07\/bombeiro3-_Pequeno_-n.jpg 758w, https:\/\/jorgezanoni.com.br\/2019\/wp-content\/uploads\/2024\/07\/bombeiro3-_Pequeno_-n-300x190.jpg 300w, https:\/\/jorgezanoni.com.br\/2019\/wp-content\/uploads\/2024\/07\/bombeiro3-_Pequeno_-n-696x441.jpg 696w, https:\/\/jorgezanoni.com.br\/2019\/wp-content\/uploads\/2024\/07\/bombeiro3-_Pequeno_-n-663x420.jpg 663w\" sizes=\"auto, (max-width: 758px) 100vw, 758px\" \/><\/p>\n<p>Fonte: Com. Social Pol\u00edcia Civil<\/p>\n","protected":false},"excerpt":{"rendered":"<p>A Pol\u00edcia Civil, por interm\u00e9dio da Central de Pol\u00edcia Judici\u00e1ria de Dracena (CPJ), participou nesta quinta-feira (4) de um curso sobre Brigada de Inc\u00eandio, ministrado pelo 2\u00ba Sargento Caetano, integrante do 3\u00ba Subgrupamento do Corpo de Bombeiros de Dracena. As instru\u00e7\u00f5es ocorreram nas instala\u00e7\u00f5es da Central de Pol\u00edcia Judici\u00e1ria de Dracena e contaram com a [&hellip;]<\/p>\n","protected":false},"author":1,"featured_media":87576,"comment_status":"closed","ping_status":"open","sticky":false,"template":"","format":"standard","meta":{"footnotes":""},"categories":[110,2],"tags":[],"class_list":["post-87575","post","type-post","status-publish","format-standard","has-post-thumbnail","hentry","category-noticiasdestaque","category-policial"],"_links":{"self":[{"href":"https:\/\/jorgezanoni.com.br\/2019\/wp-json\/wp\/v2\/posts\/87575","targetHints":{"allow":["GET"]}}],"collection":[{"href":"https:\/\/jorgezanoni.com.br\/2019\/wp-json\/wp\/v2\/posts"}],"about":[{"href":"https:\/\/jorgezanoni.com.br\/2019\/wp-json\/wp\/v2\/types\/post"}],"author":[{"embeddable":true,"href":"https:\/\/jorgezanoni.com.br\/2019\/wp-json\/wp\/v2\/users\/1"}],"replies":[{"embeddable":true,"href":"https:\/\/jorgezanoni.com.br\/2019\/wp-json\/wp\/v2\/comments?post=87575"}],"version-history":[{"count":2,"href":"https:\/\/jorgezanoni.com.br\/2019\/wp-json\/wp\/v2\/posts\/87575\/revisions"}],"predecessor-version":[{"id":87581,"href":"https:\/\/jorgezanoni.com.br\/2019\/wp-json\/wp\/v2\/posts\/87575\/revisions\/87581"}],"wp:featuredmedia":[{"embeddable":true,"href":"https:\/\/jorgezanoni.com.br\/2019\/wp-json\/wp\/v2\/media\/87576"}],"wp:attachment":[{"href":"https:\/\/jorgezanoni.com.br\/2019\/wp-json\/wp\/v2\/media?parent=87575"}],"wp:term":[{"taxonomy":"category","embeddable":true,"href":"https:\/\/jorgezanoni.com.br\/2019\/wp-json\/wp\/v2\/categories?post=87575"},{"taxonomy":"post_tag","embeddable":true,"href":"https:\/\/jorgezanoni.com.br\/2019\/wp-json\/wp\/v2\/tags?post=87575"}],"curies":[{"name":"wp","href":"https:\/\/api.w.org\/{rel}","templated":true}]}}