{"id":87516,"date":"2024-07-02T17:49:40","date_gmt":"2024-07-02T17:49:40","guid":{"rendered":"https:\/\/jorgezanoni.com.br\/2019\/?p=87516"},"modified":"2024-07-02T17:50:42","modified_gmt":"2024-07-02T17:50:42","slug":"policia-militar-localiza-veiculo-furtna-data-de-30-por-volta-das-08h11min-policiais-militares-do-25o-batalhao-de-policia-militar-do-interior-acionados-para-atendimento-de-ocorrencia-de-um-veiculo","status":"publish","type":"post","link":"https:\/\/jorgezanoni.com.br\/2019\/policia-militar-localiza-veiculo-furtna-data-de-30-por-volta-das-08h11min-policiais-militares-do-25o-batalhao-de-policia-militar-do-interior-acionados-para-atendimento-de-ocorrencia-de-um-veiculo\/","title":{"rendered":"Pol\u00edcia Militar localiza ve\u00edculo furtado em Dracena"},"content":{"rendered":"<p style=\"text-align: justify;\">Na data de (30), por volta das 08h11min, policiais militares do 25\u00ba Batalh\u00e3o de Pol\u00edcia Militar do Interior, acionados para atendimento de ocorr\u00eancia de um ve\u00edculo furtado, equipe deslocou-se at\u00e9 o local e entraram em contato com a v\u00edtima que informou que durante a madrugada seu ve\u00edculo teria sido furtado e informou o emplacamento. Equipe realizou patrulhamento, localizando o ve\u00edculo estacionado na via, de imediato entraram em contato novamente com a v\u00edtima e encaminhada ao Plant\u00e3o Policial de Dracena para registro de boletim de ocorr\u00eancia.<\/p>\n<p>Fonte: Com. Social Pol\u00edcia Militar<\/p>\n","protected":false},"excerpt":{"rendered":"<p>Na data de (30), por volta das 08h11min, policiais militares do 25\u00ba Batalh\u00e3o de Pol\u00edcia Militar do Interior, acionados para atendimento de ocorr\u00eancia de um ve\u00edculo furtado, equipe deslocou-se at\u00e9 o local e entraram em contato com a v\u00edtima que informou que durante a madrugada seu ve\u00edculo teria sido furtado e informou o emplacamento. Equipe [&hellip;]<\/p>\n","protected":false},"author":1,"featured_media":87517,"comment_status":"closed","ping_status":"open","sticky":false,"template":"","format":"standard","meta":{"footnotes":""},"categories":[110,2],"tags":[],"class_list":["post-87516","post","type-post","status-publish","format-standard","has-post-thumbnail","hentry","category-noticiasdestaque","category-policial"],"_links":{"self":[{"href":"https:\/\/jorgezanoni.com.br\/2019\/wp-json\/wp\/v2\/posts\/87516","targetHints":{"allow":["GET"]}}],"collection":[{"href":"https:\/\/jorgezanoni.com.br\/2019\/wp-json\/wp\/v2\/posts"}],"about":[{"href":"https:\/\/jorgezanoni.com.br\/2019\/wp-json\/wp\/v2\/types\/post"}],"author":[{"embeddable":true,"href":"https:\/\/jorgezanoni.com.br\/2019\/wp-json\/wp\/v2\/users\/1"}],"replies":[{"embeddable":true,"href":"https:\/\/jorgezanoni.com.br\/2019\/wp-json\/wp\/v2\/comments?post=87516"}],"version-history":[{"count":2,"href":"https:\/\/jorgezanoni.com.br\/2019\/wp-json\/wp\/v2\/posts\/87516\/revisions"}],"predecessor-version":[{"id":87519,"href":"https:\/\/jorgezanoni.com.br\/2019\/wp-json\/wp\/v2\/posts\/87516\/revisions\/87519"}],"wp:featuredmedia":[{"embeddable":true,"href":"https:\/\/jorgezanoni.com.br\/2019\/wp-json\/wp\/v2\/media\/87517"}],"wp:attachment":[{"href":"https:\/\/jorgezanoni.com.br\/2019\/wp-json\/wp\/v2\/media?parent=87516"}],"wp:term":[{"taxonomy":"category","embeddable":true,"href":"https:\/\/jorgezanoni.com.br\/2019\/wp-json\/wp\/v2\/categories?post=87516"},{"taxonomy":"post_tag","embeddable":true,"href":"https:\/\/jorgezanoni.com.br\/2019\/wp-json\/wp\/v2\/tags?post=87516"}],"curies":[{"name":"wp","href":"https:\/\/api.w.org\/{rel}","templated":true}]}}