{"id":87493,"date":"2024-07-01T21:40:55","date_gmt":"2024-07-01T21:40:55","guid":{"rendered":"https:\/\/jorgezanoni.com.br\/2019\/?p=87493"},"modified":"2024-07-01T21:41:49","modified_gmt":"2024-07-01T21:41:49","slug":"filho-de-renomado-medico-que-trabalhou-em-dracena-morre-em-acidente-na-sp-300","status":"publish","type":"post","link":"https:\/\/jorgezanoni.com.br\/2019\/filho-de-renomado-medico-que-trabalhou-em-dracena-morre-em-acidente-na-sp-300\/","title":{"rendered":"Filho de renomado m\u00e9dico que trabalhou em Dracena morre em acidente na SP-300"},"content":{"rendered":"<div class=\"row\">\n<div class=\"col-12 col-md-12 titulo pb-3\">\n<h1 style=\"text-align: justify;\"><strong>A v\u00edtima fatal \u00e9 Adhemar Hennes Gardini Filho. Seu pai trabalhou por muitos anos na Santa Sasa de Dracena, como ginecologista.<\/strong><\/h1>\n<h1 style=\"text-align: justify;\">Acidente ocorreu pela manh\u00e3, na altura do quil\u00f4metro 462 mais 600 metros da rodovia Marechal Rondon (SP-300).<\/h1>\n<\/div>\n<\/div>\n<div class=\"row\">\n<div class=\"col-12 resumo\">\n<p style=\"text-align: justify;\"><em>Defensa atravessou o ve\u00edculo e o condutor ficou preso nas ferragens; ele foi socorrido, mas n\u00e3o resistiu.<\/em><\/p>\n<p style=\"text-align: justify;\">Um homem de 50 anos morreu em um grave acidente ocorrido na manh\u00e3 desta segunda-feira (1), por volta das 7h50, na altura do quil\u00f4metro 462 mais 600 metros da rodovia Marechal Rondon (SP-300), em Promiss\u00e3o (120 quil\u00f4metros de Bauru).<\/p>\n<p>Segundo o registro policial, A.H.G. conduzia uma caminhonete GM S-10 pela rodovia, no sentido leste, quando, por raz\u00f5es a serem esclarecidas, perdeu o controle da dire\u00e7\u00e3o e colidiu com a defensa met\u00e1lica no canteiro central.<\/p>\n<p>A estrutura atravessou o ve\u00edculo e o condutor ficou preso nas ferragens. Ele foi conduzido em estado grave a um hospital da regi\u00e3o. Por\u00e9m, n\u00e3o resistiu e morreu logo depois. A Pol\u00edcia Cient\u00edfica realizou per\u00edcia no local e as circunst\u00e2ncias do acidente ser\u00e3o investigadas.<\/p>\n<p>Fonte: https:\/\/sampi.net.br\/<\/p>\n<p>Por\u00a0Lilian Grasiela<\/p>\n<p>Colabora\u00e7\u00e3o: Cl\u00e1udio Jos\u00e9<\/p>\n<\/div>\n<\/div>\n","protected":false},"excerpt":{"rendered":"<p>A v\u00edtima fatal \u00e9 Adhemar Hennes Gardini Filho. Seu pai trabalhou por muitos anos na Santa Sasa de Dracena, como ginecologista. Acidente ocorreu pela manh\u00e3, na altura do quil\u00f4metro 462 mais 600 metros da rodovia Marechal Rondon (SP-300). Defensa atravessou o ve\u00edculo e o condutor ficou preso nas ferragens; ele foi socorrido, mas n\u00e3o resistiu. [&hellip;]<\/p>\n","protected":false},"author":1,"featured_media":87494,"comment_status":"closed","ping_status":"open","sticky":false,"template":"","format":"standard","meta":{"footnotes":""},"categories":[170,110],"tags":[],"class_list":["post-87493","post","type-post","status-publish","format-standard","has-post-thumbnail","hentry","category-acidentes","category-noticiasdestaque"],"_links":{"self":[{"href":"https:\/\/jorgezanoni.com.br\/2019\/wp-json\/wp\/v2\/posts\/87493","targetHints":{"allow":["GET"]}}],"collection":[{"href":"https:\/\/jorgezanoni.com.br\/2019\/wp-json\/wp\/v2\/posts"}],"about":[{"href":"https:\/\/jorgezanoni.com.br\/2019\/wp-json\/wp\/v2\/types\/post"}],"author":[{"embeddable":true,"href":"https:\/\/jorgezanoni.com.br\/2019\/wp-json\/wp\/v2\/users\/1"}],"replies":[{"embeddable":true,"href":"https:\/\/jorgezanoni.com.br\/2019\/wp-json\/wp\/v2\/comments?post=87493"}],"version-history":[{"count":2,"href":"https:\/\/jorgezanoni.com.br\/2019\/wp-json\/wp\/v2\/posts\/87493\/revisions"}],"predecessor-version":[{"id":87496,"href":"https:\/\/jorgezanoni.com.br\/2019\/wp-json\/wp\/v2\/posts\/87493\/revisions\/87496"}],"wp:featuredmedia":[{"embeddable":true,"href":"https:\/\/jorgezanoni.com.br\/2019\/wp-json\/wp\/v2\/media\/87494"}],"wp:attachment":[{"href":"https:\/\/jorgezanoni.com.br\/2019\/wp-json\/wp\/v2\/media?parent=87493"}],"wp:term":[{"taxonomy":"category","embeddable":true,"href":"https:\/\/jorgezanoni.com.br\/2019\/wp-json\/wp\/v2\/categories?post=87493"},{"taxonomy":"post_tag","embeddable":true,"href":"https:\/\/jorgezanoni.com.br\/2019\/wp-json\/wp\/v2\/tags?post=87493"}],"curies":[{"name":"wp","href":"https:\/\/api.w.org\/{rel}","templated":true}]}}